{"id":118580,"date":"2025-05-22T04:50:09","date_gmt":"2025-05-22T04:50:09","guid":{"rendered":"https:\/\/www.europesays.com\/fr\/118580\/"},"modified":"2025-05-22T04:50:09","modified_gmt":"2025-05-22T04:50:09","slug":"le-g7-finances-toujours-a-la-recherche-de-lunite-perdue-a-quelques-heures-de-la-cloture-actualites","status":"publish","type":"post","link":"https:\/\/www.europesays.com\/fr\/118580\/","title":{"rendered":"Le G7 Finances toujours \u00e0 la recherche de l&rsquo;unit\u00e9 perdue \u00e0 quelques heures de la cl\u00f4ture : Actualit\u00e9s"},"content":{"rendered":"<p class=\"lead \">Les ministres des Finances des pays du G7 ont cherch\u00e9 \u00e0 minimiser leurs dissensions mercredi au Canada concernant l&rsquo;\u00e9conomie et le soutien \u00e0 l&rsquo;Ukraine, des sujets qui les ont pouss\u00e9s au bord de la rupture depuis le retour de Donald Trump au pouvoir. <\/p>\n<p class=\"lead \">A quelques heures de la fin de la rencontre jeudi, la probabilit\u00e9 d&rsquo;aboutir \u00e0 un communiqu\u00e9 commun semblait toutefois incertaine, d&rsquo;apr\u00e8s les premiers \u00e9chos des r\u00e9unions communes et des rencontres bilat\u00e9rales.<\/p>\n<p class=\"lead \">La pr\u00e9sidence canadienne a fix\u00e9 comme priorit\u00e9s du G7 Finances de \u00ab\u00a0restaurer la stabilit\u00e9 et la croissance\u00a0\u00bb et de renouveler un soutien sans faille \u00e0 l&rsquo;Ukraine.  <\/p>\n<p class=\"lead \">Un d\u00e9fi pour les grands argentiers et les banquiers centraux du club des \u00e9conomies avanc\u00e9es alors que le pr\u00e9sident am\u00e9ricain remet en question le multilat\u00e9ralisme, s&rsquo;est rapproch\u00e9 de Moscou et menace le monde d&rsquo;un ralentissement \u00e9conomique g\u00e9n\u00e9ral.<\/p>\n<p class=\"lead \">Ces derni\u00e8res semaines, les Etats-Unis ont impos\u00e9 au moins 10% de droits de douane additionnels sur la plupart des produits entrant chez eux.<\/p>\n<p class=\"lead \">Cette question des taxes douani\u00e8res n&rsquo;est pas au programme des sessions collectives de travail des ministres. Mais elle constitue la toile de fond des discussions qui se tiennent dans un vaste h\u00f4tel au milieu des montagnes o\u00f9 se croisent officiels et touristes en chaussures de randonn\u00e9e, au sein du parc national de Banff, dans l&rsquo;ouest du Canada.<\/p>\n<p class=\"lead \">&#8211; \u00ab\u00a0Tr\u00e8s productive\u00a0\u00bb &#8211;<\/p>\n<p class=\"lead \">Sans surprise, Scott Bessent est tr\u00e8s courtis\u00e9 par ses homologues, car le ministre des Finances de Donald Trump est vu comme l&rsquo;une des figures les plus \u00e0 m\u00eame d&rsquo;infl\u00e9chir sa politique douani\u00e8re.<\/p>\n<p class=\"lead \">Celui-ci a seulement affirm\u00e9 mercredi soir que la journ\u00e9e avait \u00e9t\u00e9 \u00ab\u00a0tr\u00e8s productive\u00a0\u00bb.<\/p>\n<p class=\"lead \">M\u00eame \u00e9cho du c\u00f4t\u00e9 du ministre canadien et h\u00f4te du G7 Finances, Fran\u00e7ois-Philippe Champagne, qui a estim\u00e9 que les choses \u00ab\u00a0avan\u00e7aient bien\u00a0\u00bb sans donner de d\u00e9tails sur la tenue des \u00e9changes. Et surtout sans s&rsquo;avancer sur la diffusion d&rsquo;un texte commun jeudi. <\/p>\n<p class=\"lead \">Le ministre italien des Finances Giancarlo Giorgetti a dit devant la presse qu&rsquo;il \u00ab\u00a0esp\u00e9rait\u00a0\u00bb toujours y arriver. <\/p>\n<p class=\"lead \">Toutefois, selon une source au coeur des n\u00e9gociations, des membres sont pr\u00eats \u00e0 y renoncer si cela g\u00e9n\u00e8re une nouvelle source de crispation avec les Am\u00e9ricains.<\/p>\n<p class=\"lead \">Cherchant \u00e0 voir le verre \u00e0 moiti\u00e9 plein, une source europ\u00e9enne qui participe aux discussions a estim\u00e9 que la pr\u00e9sence de M. Bessent est en soi un signe \u00ab\u00a0positif\u00a0\u00bb. \u00ab\u00a0Au moins, les Am\u00e9ricains restent engag\u00e9s dans le syst\u00e8me multilat\u00e9ral, m\u00eame si on n&rsquo;est clairement pas d&rsquo;accord sur les droits de douane\u00a0\u00bb, selon cette source.<\/p>\n<p class=\"lead \">Le Japon, par la voix de son ministre des Finances Katsunobu Kato, a redit aux Am\u00e9ricains que \u00ab\u00a0les droits de douane \u00e9taient extr\u00eamement regrettables\u00a0\u00bb et que cette politique \u00ab\u00a0n&rsquo;\u00e9tait pas ad\u00e9quate pour r\u00e9gler les d\u00e9s\u00e9quilibres dans les \u00e9changes commerciaux\u00a0\u00bb. <\/p>\n<p class=\"lead \">&#8211; \u00ab\u00a0Alignement presque parfait\u00a0\u00bb &#8211;<\/p>\n<p class=\"lead \">Ce G7 Finances est consid\u00e9r\u00e9 comme un test de coh\u00e9sion au moment o\u00f9 les coups de canif de Washington dans la mondialisation perturbent les cha\u00eenes d&rsquo;approvisionnement, risquent de peser sur la croissance et d&rsquo;entra\u00eener de nouvelles hausses des prix.<\/p>\n<p class=\"lead \">Il s&rsquo;agit aussi d&rsquo;une r\u00e9p\u00e9tition \u00e0 moins d&rsquo;un mois du sommet qui r\u00e9unira les dirigeants des pays du G7, \u00e9galement dans les Rocheuses canadiennes du 15 au 17 juin. Le Canada recevra Donald Trump pour la premi\u00e8re fois depuis son retour au pouvoir alors qu&rsquo;il ne cesse de r\u00e9p\u00e9ter qu&rsquo;il r\u00eave d&rsquo;annexer son voisin du nord.<\/p>\n<p class=\"lead \">Face aux Etats-Unis, Europ\u00e9ens et Canadiens ont mis en avant leur proximit\u00e9. \u00ab\u00a0Il y a un alignement presque parfait entre nos visions sur ce qu&rsquo;on doit faire\u00a0\u00bb, a ainsi vant\u00e9 M. Champagne au d\u00e9but d&rsquo;un entretien avec son homologue fran\u00e7ais Eric Lombard.<\/p>\n<p class=\"lead \">L&rsquo;absence de d\u00e9claration formelle de soutien \u00e0 l&rsquo;Ukraine serait s\u00fbrement une d\u00e9ception pour le pays qui est l&rsquo;invit\u00e9 exceptionnel de cet \u00e9v\u00e9nement, pour envoyer un \u00ab\u00a0message fort au monde\u00a0\u00bb. Le ministre ukrainien des Finances Sergii Marchenko ne s&rsquo;est pas exprim\u00e9 mercredi \u00e0 l&rsquo;issue de la r\u00e9union qui \u00e9tait consacr\u00e9e \u00e0 son pays.<\/p>\n<p class=\"lead \">La ministre britannique des Finances Rachel Reeves a dit \u00e0 ses homologues qu&rsquo;il \u00e9tait \u00ab\u00a0temps d&rsquo;accentuer la pression sur (le pr\u00e9sident russe Vladimir) Poutine\u00a0\u00bb. <\/p>\n<p class=\"small font-weight-bold text-gray3 \"> publi\u00e9 le 22 mai \u00e0 03h40, AFP<\/p>\n<p>                             Partager<\/p>\n","protected":false},"excerpt":{"rendered":"Les ministres des Finances des pays du G7 ont cherch\u00e9 \u00e0 minimiser leurs dissensions mercredi au Canada concernant&hellip;\n","protected":false},"author":2,"featured_media":118581,"comment_status":"","ping_status":"","sticky":false,"template":"","format":"standard","meta":{"footnotes":""},"categories":[6],"tags":[13790,35,574,215,312,2822,33,34,1011,27,23564,418,220,308],"class_list":{"0":"post-118580","1":"post","2":"type-post","3":"status-publish","4":"format-standard","5":"has-post-thumbnail","7":"category-economie","8":"tag-conomie","9":"tag-business","10":"tag-canada","11":"tag-commerce","12":"tag-diplomatie","13":"tag-douanes","14":"tag-economie","15":"tag-economy","16":"tag-fr","17":"tag-france","18":"tag-g7","19":"tag-gouvernement","20":"tag-ukraine","21":"tag-usa"},"share_on_mastodon":{"url":"https:\/\/pubeurope.com\/@fr\/114549687876972308","error":""},"_links":{"self":[{"href":"https:\/\/www.europesays.com\/fr\/wp-json\/wp\/v2\/posts\/118580","targetHints":{"allow":["GET"]}}],"collection":[{"href":"https:\/\/www.europesays.com\/fr\/wp-json\/wp\/v2\/posts"}],"about":[{"href":"https:\/\/www.europesays.com\/fr\/wp-json\/wp\/v2\/types\/post"}],"author":[{"embeddable":true,"href":"https:\/\/www.europesays.com\/fr\/wp-json\/wp\/v2\/users\/2"}],"replies":[{"embeddable":true,"href":"https:\/\/www.europesays.com\/fr\/wp-json\/wp\/v2\/comments?post=118580"}],"version-history":[{"count":0,"href":"https:\/\/www.europesays.com\/fr\/wp-json\/wp\/v2\/posts\/118580\/revisions"}],"wp:featuredmedia":[{"embeddable":true,"href":"https:\/\/www.europesays.com\/fr\/wp-json\/wp\/v2\/media\/118581"}],"wp:attachment":[{"href":"https:\/\/www.europesays.com\/fr\/wp-json\/wp\/v2\/media?parent=118580"}],"wp:term":[{"taxonomy":"category","embeddable":true,"href":"https:\/\/www.europesays.com\/fr\/wp-json\/wp\/v2\/categories?post=118580"},{"taxonomy":"post_tag","embeddable":true,"href":"https:\/\/www.europesays.com\/fr\/wp-json\/wp\/v2\/tags?post=118580"}],"curies":[{"name":"wp","href":"https:\/\/api.w.org\/{rel}","templated":true}]}}