{"id":118584,"date":"2025-05-22T04:52:13","date_gmt":"2025-05-22T04:52:13","guid":{"rendered":"https:\/\/www.europesays.com\/fr\/118584\/"},"modified":"2025-05-22T04:52:13","modified_gmt":"2025-05-22T04:52:13","slug":"les-enfants-doivent-ils-tous-retourner-a-lecole-le-mercredi","status":"publish","type":"post","link":"https:\/\/www.europesays.com\/fr\/118584\/","title":{"rendered":"les enfants doivent-ils tous retourner \u00e0 l&rsquo;\u00e9cole le mercredi\u00a0?"},"content":{"rendered":"<p>            Par<br \/>\n        <strong><br \/>\n            <a href=\"https:\/\/actu.fr\/auteur\/chloe-berry\" title=\"Consulter tous les articles de Chlo\u00e9 Berry\" target=\"_blank\" rel=\"noopener\">Chlo\u00e9 Berry<\/a><br \/>\n        <\/strong><\/p>\n<p>        Publi\u00e9 le<\/p>\n<p>            21 mai 2025 \u00e0 17h30        <\/p>\n<p><strong>Le mercredi, c\u2019est la journ\u00e9e des enfants<\/strong>, c\u2019est bien connu. Et si cela \u00e9tait amen\u00e9 \u00e0 \u00e9voluer prochainement\u2009? La routine des \u00e9l\u00e8ves est questionn\u00e9e dans <a href=\"https:\/\/www.ccomptes.fr\/sites\/default\/files\/2025-05\/20250520-Enseignement-primaire.pdf\" target=\"_blank\" rel=\"noopener\">un rapport de la Cour des comptes<\/a> sur l\u2019enseignement primaire, publi\u00e9 mardi 20\u00a0mai 2025.<\/p>\n<p class=\" wall-content\">Dans celui-ci, l\u2019institution s\u2019insurge contre <strong>la semaine de quatre jours<\/strong>, en vigueur dans la quasi-totalit\u00e9 des <a href=\"https:\/\/actu.fr\/tag\/ecoles\" target=\"_blank\" rel=\"noopener\">\u00e9coles<\/a> aujourd\u2019hui.\u00a0De quoi r\u00e9activer le d\u00e9bat sur l\u2019un des plus vieux serpents de mer de l\u2019\u00c9ducation nationale\u2009: faut-il revenir \u00e0 la semaine de quatre jours et demi\u2009?<\/p>\n<p>Un consensus sur la question<\/p>\n<p class=\" wall-content\">Pour avoir eu divers interlocuteurs pour les besoins de cet article, <strong>difficile de trouver des farouches opposants<\/strong> \u00e0 la semaine de quatre jours et demi.<\/p>\n<p class=\" wall-content\">Les deux associations de parents d\u2019\u00e9l\u00e8ves contact\u00e9es, <a href=\"https:\/\/peep.asso.fr\/\" target=\"_blank\" rel=\"noopener\">la F\u00e9d\u00e9ration des parents d\u2019\u00e9l\u00e8ves de l\u2019enseignement public<\/a> (PEEP) et <a href=\"https:\/\/www.fcpe.asso.fr\/\" target=\"_blank\" rel=\"noopener\">la F\u00e9d\u00e9ration des conseils de parents d\u2019\u00e9l\u00e8ves<\/a> (FCPE) sont au diapason\u2009: r\u00e9tablir les cours le mercredi matin serait <strong>b\u00e9n\u00e9fique<\/strong> pour les enfants.<\/p>\n<p class=\" wall-content\">\u00ab\u2009Des enseignants nous ont remont\u00e9 le fait qu\u2019avec la coupure du mercredi, <strong>les enfants se couchaient plus tard le mercredi soir<\/strong> apr\u00e8s une journ\u00e9e plus dense que d\u2019habitude, et qu\u2019ils arrivaient fatigu\u00e9s le jeudi matin \u00e0 l\u2019\u00e9cole\u2009\u00bb, indique \u00e0 actu.fr Gr\u00e9goire Ensel, pr\u00e9sident de la F\u00e9d\u00e9ration des conseils de parents d\u2019\u00e9l\u00e8ves (FCPE).<\/p>\n<p>Vid\u00e9os : en ce moment sur ActuPetite histoire de la semaine des quatre jours et demi<\/p>\n<p>De 2008 \u00e0 2013, les quatre jours s&rsquo;appliquent partout en France&#8230; avant la r\u00e9forme des rythmes scolaires de Vincent Peillon qui chamboule tout.<\/p>\n<p>Le nouveau pensionnaire de la rue de Grenelle remet la demi-journ\u00e9e manquante au programme. La r\u00e9forme pr\u00e9voit la mise en place d&rsquo;activit\u00e9s p\u00e9riscolaires, \u00e0 la charge des municipalit\u00e9s, sur le temps d\u00e9gag\u00e9 en fin de journ\u00e9e.<\/p>\n<p>Changement de patron, changement de braquet. En 2017, c&rsquo;est \u00e0 Jean-Michel Blanquer de d\u00e9tricoter le travail d&rsquo;un de ses pr\u00e9d\u00e9cesseurs. Il signe un d\u00e9cret permettant aux villes de choisir entre les deux options.<\/p>\n<p>\u00c7a ne loupe pas, 87% des communes font le choix de revenir \u00e0 la semaine de quatre jours, permettant \u00e0 ce rythme de s&rsquo;imposer largement dans l&rsquo;Hexagone.<\/p>\n<p>La semaine de quatre jours jug\u00e9e \u00ab\u2009n\u00e9faste\u2009\u00bb<\/p>\n<p class=\" wall-content\">L\u00e0, on touche au sujet de la <strong>chronobiologie<\/strong> de l\u2019enfant, c\u2019est-\u00e0-dire l\u2019\u00e9tude des rythmes biologiques dans l\u2019organisme. Et le sujet est \u00e9tudi\u00e9 depuis des ann\u00e9es\u2009: la Cour des comptes s\u2019appuie sur <a href=\"https:\/\/www.academie-medecine.fr\/10-01-amenagement-du-temps-scolaire-et-sante-de-lenfant\/\" target=\"_blank\" rel=\"noopener\">un rapport de l\u2019Acad\u00e9mie nationale de m\u00e9decine<\/a> paru\u2026 en 2010. <strong>Il y a 15\u00a0ans<\/strong> donc.<\/p>\n<p class=\" wall-content\">Dans cet \u00e9crit, on peut lire que la semaine de quatre jours a un \u00ab\u00a0r\u00f4le n\u00e9faste sur la vigilance et les performances des <a href=\"https:\/\/actu.fr\/tag\/enfants\" target=\"_blank\" rel=\"noopener\">enfants<\/a> les deux premiers jours de la semaine, li\u00e9es \u00e0 <strong>une d\u00e9synchronisation li\u00e9e au week-end\u00a0\u00bb.<\/strong><\/p>\n<p class=\" wall-content\">Les termes sont forts. Cette d\u00e9synchronisation est, \u00e0 l\u2019inverse, moins forte sur quatre jours et demi.<\/p>\n<p>Une \u00ab\u2009grasse matin\u00e9e\u2009\u00bb qu\u2019on juge r\u00e9cup\u00e9ratrice (\u00e0 tort)<\/p>\n<p class=\" wall-content\">D\u00e9j\u00e0 en 2008, les sp\u00e9cialistes des rythmes de l\u2019enfant pointaient le probl\u00e8me. Le chronobiologiste Fran\u00e7ois Testu <strong>critique plut\u00f4t la \u00ab\u2009grasse matin\u00e9e\u2009\u00bb du mercredi matin<\/strong> dans <a href=\"https:\/\/controverses.minesparis.psl.eu\/public\/promo17\/promo17_G9\/controverses-minesparistech.fr\/groupe9\/biologie\/index.html\" target=\"_blank\" rel=\"noopener\">Rythmes de vie et rythmes scolaires\u2009: aspects chronobiologiques et chronopsychologiques<\/a>.<\/p>\n<blockquote class=\"ac-article-quote wall-content\">\n<p>L\u2019absence du r\u00e9veil impos\u00e9 le mercredi matin permettant aux \u00e9l\u00e8ves de faire une grasse matin\u00e9e ne se traduirait pas par une r\u00e9cup\u00e9ration plus importante : au contraire, les \u00e9l\u00e8ves qui ont exp\u00e9riment\u00e9 cette pause au milieu de la semaine dorment en moyenne plusieurs minutes de moins par semaine.<\/p>\n<p>    <strong>Fran\u00e7ois Testu<\/strong><br \/>\n        Dans une publication de 2008    <\/p><\/blockquote>\n<p class=\" wall-content\">Autre argument qui apporte de l\u2019eau au moulin de la semaine de quatre jours et demi\u2009: les enfants <strong>apprendraient mieux le matin <\/strong>et seraient inutilement fatigu\u00e9s par des journ\u00e9es trop longues, comme le rappelle Fran\u00e7ois Testu dans ses travaux.<\/p>\n<p>\u00ab\u2009Il y a des mati\u00e8res qui en souffrent\u2009\u00bb<\/p>\n<p class=\" wall-content\">Au-del\u00e0 du rythme biologique de l\u2019enfant, il y a aussi celui de l\u2019<strong>apprentissage<\/strong>. Pour les professeurs, avoir moins d\u2019heures de cours n\u00e9cessite quelques ajustements. Et m\u00eame si c\u2019est au forceps.<\/p>\n<p class=\" wall-content\">On a pos\u00e9 la question \u00e0 une professeure des \u00e9coles. Nathalie, qui enseigne dans une \u00e9cole priv\u00e9e \u00e0 <a href=\"https:\/\/actu.fr\/paris\" target=\"_blank\" rel=\"noopener\">Paris<\/a>, est au r\u00e9gime des quatre jours. L\u2019enseignante en CP admet qu\u2019\u00e0 ce rythme soutenu, c\u2019est \u00ab\u2009difficile de faire rentrer tout le programme\u2009\u00bb.<\/p>\n<blockquote class=\"ac-article-quote wall-content\">\n<p>Il y a des mati\u00e8res qui en souffrent, notamment l&rsquo;EMC (\u00c9ducation morale et civique), les arts et la d\u00e9couverte du monde. On privil\u00e9gie forc\u00e9ment les maths et le fran\u00e7ais. Avoir 3h en plus le mercredi matin, \u00e7a changerait la donne, c&rsquo;est s\u00fbr.<\/p>\n<p>    <strong>Nathalie<\/strong><br \/>\n        Professeure des \u00e9coles en CP \u00e0 Paris    <\/p><\/blockquote>\n<p>\u00ab\u2009Un d\u00e9bat de riches\u2009\u00bb<\/p>\n<p class=\" wall-content\">Autre argument qui p\u00e8se dans la balance\u2009: la semaine de quatre jours <strong>accentue les in\u00e9galit\u00e9s sociales<\/strong>. Ce n\u2019est pas nous qui le disons, mais <a href=\"https:\/\/www.vie-publique.fr\/eclairage\/21871-les-rythmes-scolaires-en-debat\" target=\"_blank\" rel=\"noopener\">le site vie-publique.fr<\/a>, site d\u2019information plac\u00e9e sous l\u2019autorit\u00e9 du <a href=\"https:\/\/actu.fr\/tag\/francois-bayrou\" target=\"_blank\" rel=\"noopener\">Premier ministre<\/a>.<\/p>\n<blockquote class=\"ac-article-quote wall-content\">\n<p>La semaine de quatre jours p\u00e9naliserait les \u00e9l\u00e8ves issus de milieux d\u00e9favoris\u00e9s, qui se retrouveraient souvent d\u00e9s\u0153uvr\u00e9s le mercredi.<\/p>\n<p>    <strong>Vie-publique.fr<\/strong>\n            <\/p><\/blockquote>\n<p class=\" wall-content\">Nathalie enseigne dans un milieu qu\u2019elle juge favoris\u00e9. Dans son \u00e9cole priv\u00e9e du 12e arrondissement, ses \u00e9l\u00e8ves de six ans font du <a href=\"https:\/\/actu.fr\/sports\/football\" target=\"_blank\" rel=\"noopener\">football<\/a> ou vont au mus\u00e9e avec leurs grands-parents le mercredi. Mais ce n\u2019est pas le cas de tous les enfants.<\/p>\n<blockquote class=\"ac-article-quote wall-content\">\n<p>Quatre jours ou quatre jours et demi&#8230; c\u2019est un d\u00e9bat de riches. Quand on a des moyens \u00e9conomiques et culturels, ou qu&rsquo;on peut se mettre \u00e0 80%, on peut organiser cette journ\u00e9e facilement. Quand on a peu de moyens (que ce soit les parents ou le territoire qui aurait une offre culturelle et sportive peu dynamique, ndlr), \u00e7a p\u00e9nalise les enfants.\u00a0<\/p>\n<p>    <strong>Gr\u00e9goire Ensel<\/strong>\n            <\/p><\/blockquote>\n<p>Pourquoi la semaine de quatre jours et demi n\u2019est pas la norme\u2009?<\/p>\n<p class=\" wall-content\">Mauvais pour la chronobiologie des enfants, acc\u00e9l\u00e9rateur d\u2019in\u00e9galit\u00e9s\u2026 On ne manque pas d\u2019arguments contre la semaine de quatre jours. Et pourtant. Comme le rappelle\u00a0le site vie-publique.fr, <strong>87\u2009% des communes l\u2019ont choisie\u00a0en 2018<\/strong>.<\/p>\n<p class=\" wall-content\">Une majorit\u00e9 \u00e9crasante qui est encore plus surprenante lorsque l\u2019on sait que la France est<strong>\u00a0le seul pays de l\u2019OCDE<\/strong>\u00a0o\u00f9 les \u00e9l\u00e8ves de primaire suivent une semaine de quatre jours (la semaine de cinq jours \u00e9tant largement r\u00e9pandue dans les autres pays).<\/p>\n<p class=\" wall-content\">Pour <strong>deux principales raisons<\/strong> qu\u2019expose Laurent Zameczkowski, porte-parole de la F\u00e9d\u00e9ration des parents d\u2019\u00e9l\u00e8ves de l\u2019enseignement public (PEEP), \u00e0 actu.fr.<\/p>\n<blockquote class=\"ac-article-quote wall-content\">\n<p>La semaine de quatre jours, \u00e7a permet aux parents de s&rsquo;organiser, car le syst\u00e8me de demi-journ\u00e9e est compliqu\u00e9 pour les gardes. Deuxi\u00e8mement, \u00e7a co\u00fbte moins cher aux villes, car elles ont moins d&rsquo;activit\u00e9s \u00e0 proposer aux enfants, d&rsquo;animateurs de centre de loisirs \u00e0 employer, et \u00e7a fait une journ\u00e9e de cantine en moins.<\/p>\n<p>    <strong>Laurent Zameczkowski<\/strong><br \/>\n        Porte-parole de la F\u00e9d\u00e9ration des parents d\u2019\u00e9l\u00e8ves de l\u2019enseignement public (PEEP)    <\/p><\/blockquote>\n<p class=\" wall-content\">\u00c0 <a href=\"https:\/\/actu.fr\/normandie\/pontorson_50410\" target=\"_blank\" rel=\"noopener\">Pontorson (Manche)<\/a>, on a fait le choix des quatre jours et demi. Mais \u00e7a a un prix\u2009: <strong>10\u2009000\u00a0euros<\/strong>. Une question de \u00ab\u2009volont\u00e9 politique\u2009\u00bb, confiait le maire Andr\u00e9-Jean Belloir <a href=\"https:\/\/actu.fr\/normandie\/pontorson_50410\/a-pontorson-le-rythme-scolaire-sur-quatre-jours-et-demi-un-choix-pour-les-enfants_57347132.html\" target=\"_blank\" rel=\"noopener\">\u00e0 nos journalistes de La Gazette de la Manche<\/a> en 2023.<\/p>\n<p class=\" wall-content\">Face au rythme de l\u2019entreprise de papa et maman et des r\u00e9alit\u00e9s du <a href=\"https:\/\/actu.fr\/tag\/budget\" target=\"_blank\" rel=\"noopener\">budget<\/a> de la commune, ce sont les enfants qui trinquent. \u00c0 moins d\u2019un peu de volont\u00e9.<\/p>\n<p class=\" wall-content\">Suivez toute l\u2019actualit\u00e9 de vos villes et m\u00e9dias favoris en vous inscrivant \u00e0 <a href=\"https:\/\/moncompte.actu.fr\" title=\"D\u00e9couvez Mon Actu\" rel=\"nofollow noopener\" data-trk=\"{&quot;cta&quot;:{&quot;action&quot;:&quot;https:\\\/\\\/moncompte.actu.fr&quot;,&quot;category&quot;:&quot;mon compte&quot;,&quot;from&quot;:&quot;article footer&quot;,&quot;name&quot;:&quot;Mon actu&quot;,&quot;type&quot;:&quot;cta&quot;}}\" target=\"_blank\">Mon Actu<\/a>.<\/p>\n","protected":false},"excerpt":{"rendered":"Par Chlo\u00e9 Berry Publi\u00e9 le 21 mai 2025 \u00e0 17h30 Le mercredi, c\u2019est la journ\u00e9e des enfants, c\u2019est&hellip;\n","protected":false},"author":2,"featured_media":118585,"comment_status":"","ping_status":"","sticky":false,"template":"","format":"standard","meta":{"footnotes":""},"categories":[4],"tags":[11,4019,1719,1011,27,12,25,71,104],"class_list":{"0":"post-118584","1":"post","2":"type-post","3":"status-publish","4":"format-standard","5":"has-post-thumbnail","7":"category-france","8":"tag-actualites","9":"tag-ecoles","10":"tag-enfants","11":"tag-fr","12":"tag-france","13":"tag-news","14":"tag-republique-francaise","15":"tag-sante","16":"tag-societe"},"share_on_mastodon":{"url":"https:\/\/pubeurope.com\/@fr\/114549695641769928","error":""},"_links":{"self":[{"href":"https:\/\/www.europesays.com\/fr\/wp-json\/wp\/v2\/posts\/118584","targetHints":{"allow":["GET"]}}],"collection":[{"href":"https:\/\/www.europesays.com\/fr\/wp-json\/wp\/v2\/posts"}],"about":[{"href":"https:\/\/www.europesays.com\/fr\/wp-json\/wp\/v2\/types\/post"}],"author":[{"embeddable":true,"href":"https:\/\/www.europesays.com\/fr\/wp-json\/wp\/v2\/users\/2"}],"replies":[{"embeddable":true,"href":"https:\/\/www.europesays.com\/fr\/wp-json\/wp\/v2\/comments?post=118584"}],"version-history":[{"count":0,"href":"https:\/\/www.europesays.com\/fr\/wp-json\/wp\/v2\/posts\/118584\/revisions"}],"wp:featuredmedia":[{"embeddable":true,"href":"https:\/\/www.europesays.com\/fr\/wp-json\/wp\/v2\/media\/118585"}],"wp:attachment":[{"href":"https:\/\/www.europesays.com\/fr\/wp-json\/wp\/v2\/media?parent=118584"}],"wp:term":[{"taxonomy":"category","embeddable":true,"href":"https:\/\/www.europesays.com\/fr\/wp-json\/wp\/v2\/categories?post=118584"},{"taxonomy":"post_tag","embeddable":true,"href":"https:\/\/www.europesays.com\/fr\/wp-json\/wp\/v2\/tags?post=118584"}],"curies":[{"name":"wp","href":"https:\/\/api.w.org\/{rel}","templated":true}]}}