{"id":118586,"date":"2025-05-22T04:53:17","date_gmt":"2025-05-22T04:53:17","guid":{"rendered":"https:\/\/www.europesays.com\/fr\/118586\/"},"modified":"2025-05-22T04:53:17","modified_gmt":"2025-05-22T04:53:17","slug":"six-mois-de-prison-avec-sursis-requis-contre-la-fille-du-couple-garrido-corbiere-liberation","status":"publish","type":"post","link":"https:\/\/www.europesays.com\/fr\/118586\/","title":{"rendered":"six mois de prison avec sursis requis contre la fille du couple Garrido-Corbi\u00e8re \u2013 Lib\u00e9ration"},"content":{"rendered":"<p class=\"sc-ksZaOG ehjQrN text-element\">Les faits remontent au 20 octobre 2023. Tout part d\u2019une vid\u00e9o mise en ligne par un proche d\u2019Eric Zemmour montrant les images insoutenables d\u2019une famille isra\u00e9lienne, dont deux jeunes enfants litt\u00e9ralement terroris\u00e9s, prise en otages par des militants du Hamas le 7 octobre 2023. La vid\u00e9o est accompagn\u00e9e de captures d\u2019\u00e9cran de messages attribu\u00e9s \u00e0 In\u00e8s Corbi\u00e8re.<\/p>\n<p class=\"sc-ksZaOG ehjQrN text-element\">\u00abQui se chauffe pour aller casser du sioniste l\u00e0 ?\u00bb, \u00abAlors j\u2019ai peut-\u00eatre pas d\u2019\u00e2me mais ils me font pas du tout de peine, je les trouve m\u00eame plut\u00f4t chiants, surtout les gosses\u00bb, disent les commentaires accompagnant la vid\u00e9o et issus, selon l\u2019accusation, du compte X de la jeune femme.<\/p>\n<p class=\"sc-ksZaOG ehjQrN text-element\">In\u00e8s Corbi\u00e8re a cat\u00e9goriquement contest\u00e9 \u00eatre l\u2019auteure de ces messages. La jeune femme de 22 ans, accompagn\u00e9e \u00e0 l\u2019audience par ses parents, est poursuivie pour \u00abapologie du terrorisme\u00bb et \u00abprovocation publique et directe non suivie d\u2019effet de commettre des atteintes volontaires \u00e0 la vie\u00bb. <\/p>\n<p class=\"sc-ksZaOG ehjQrN text-element\">Pour l\u2019avocat de la jeune femme, Me Xavier Sauvignet, les messages ne proviennent pas de son compte. Les messages incrimin\u00e9s ont \u00e9t\u00e9 post\u00e9s le 9 octobre \u00e0 06 h 41\u2026 mais le r\u00e9seau social X, sollicit\u00e9 par la d\u00e9fense, a indiqu\u00e9 qu\u2019il n\u2019avait relev\u00e9 aucune connexion sur le compte d\u2019In\u00e8s Corbi\u00e8re avant 10 heures du matin. Ces messages sont des faux, a dit Me Sauvignet en demandant la relaxe de sa cliente.<\/p>\n<p class=\"sc-ksZaOG ehjQrN text-element\">Pour les parties civiles dont l\u2019Organisation juive europ\u00e9enne (OJE) et l\u2019Observatoire juif de France (OJF), le fait qu\u2019In\u00e8s Corbi\u00e8re a refus\u00e9 de donner le code de son t\u00e9l\u00e9phone aux enqu\u00eateurs durant sa garde \u00e0 vue laisse penser au contraire qu\u2019elle est effectivement l\u2019auteure des messages contest\u00e9s.<\/p>\n<p class=\"sc-ksZaOG ehjQrN text-element\">\u00abLes commentaires accompagnant la vid\u00e9o font passer des actes terroristes pour des faits anodins\u00bb, a estim\u00e9 la procureure en demandant au tribunal de reconna\u00eetre In\u00e8s Corbi\u00e8re coupable des faits qui lui sont reproch\u00e9s.<\/p>\n<p class=\"sc-ksZaOG ehjQrN text-element\">\u00abMa fille est la victime collat\u00e9rale d\u2019une affaire qui la d\u00e9passe\u00bb, a dit \u00e0 la barre son p\u00e8re, le d\u00e9put\u00e9 ex-Insoumis Alexis Corbi\u00e8re, d\u00e9non\u00e7ant \u00abune machination\u00bb le visant lui et sa compagne Raquel Garrido, elle-m\u00eame ex-d\u00e9put\u00e9e LFI. \u00abC\u2019est une affaire politique\u00bb, a-t-il affirm\u00e9 en mettant en cause Damien Rieu, un proche d\u2019Eric Zemmour, qui a publi\u00e9 sur son compte X les propos attribu\u00e9s \u00e0 In\u00e8s Corbi\u00e8re.<\/p>\n<p class=\"sc-ksZaOG ehjQrN text-element\">\u00abIn\u00e8s Corbi\u00e8re est responsable des faits qu\u2019on lui reproche. La politique n\u2019a rien \u00e0 voir l\u00e0-dedans\u00bb, a balay\u00e9 Brigitte Lapeyronie, une avocate de parties civiles, elle-m\u00eame candidate du parti d\u2019Eric Zemmour lors des derni\u00e8res l\u00e9gislatives.<\/p>\n<p class=\"sc-ksZaOG ehjQrN text-element\">Une autre vid\u00e9o, post\u00e9e le 12 novembre 2023 par Damien Rieu, montre In\u00e8s Corbi\u00e8re, visiblement ivre, d\u00e9clarant : \u00abJe suis antis\u00e9mite, je m\u2019en bats les couilles. J\u2019assume&#8230;\u00bb Cette vid\u00e9o, tr\u00e8s br\u00e8ve et sans \u00e9l\u00e9ment de contexte, remonte \u00e0 2020 alors que la jeune femme \u00e9tait \u00e0 peine majeure et n\u2019a pas \u00e9t\u00e9 retenue \u00e0 charge par le tribunal. La jeune femme a reconnu que c\u2019\u00e9tait bien elle et exprim\u00e9 des regrets. Le tribunal fera conna\u00eetre sa d\u00e9cision le 8 juillet.<\/p>\n","protected":false},"excerpt":{"rendered":"Les faits remontent au 20 octobre 2023. Tout part d\u2019une vid\u00e9o mise en ligne par un proche d\u2019Eric&hellip;\n","protected":false},"author":2,"featured_media":118587,"comment_status":"","ping_status":"","sticky":false,"template":"","format":"standard","meta":{"footnotes":""},"categories":[2],"tags":[11,18835,6155,1011,27,780,12],"class_list":{"0":"post-118586","1":"post","2":"type-post","3":"status-publish","4":"format-standard","5":"has-post-thumbnail","7":"category-actualites","8":"tag-actualites","9":"tag-alexis-corbiere","10":"tag-antisemitisme","11":"tag-fr","12":"tag-france","13":"tag-lfi","14":"tag-news"},"share_on_mastodon":{"url":"https:\/\/pubeurope.com\/@fr\/114549699584029669","error":""},"_links":{"self":[{"href":"https:\/\/www.europesays.com\/fr\/wp-json\/wp\/v2\/posts\/118586","targetHints":{"allow":["GET"]}}],"collection":[{"href":"https:\/\/www.europesays.com\/fr\/wp-json\/wp\/v2\/posts"}],"about":[{"href":"https:\/\/www.europesays.com\/fr\/wp-json\/wp\/v2\/types\/post"}],"author":[{"embeddable":true,"href":"https:\/\/www.europesays.com\/fr\/wp-json\/wp\/v2\/users\/2"}],"replies":[{"embeddable":true,"href":"https:\/\/www.europesays.com\/fr\/wp-json\/wp\/v2\/comments?post=118586"}],"version-history":[{"count":0,"href":"https:\/\/www.europesays.com\/fr\/wp-json\/wp\/v2\/posts\/118586\/revisions"}],"wp:featuredmedia":[{"embeddable":true,"href":"https:\/\/www.europesays.com\/fr\/wp-json\/wp\/v2\/media\/118587"}],"wp:attachment":[{"href":"https:\/\/www.europesays.com\/fr\/wp-json\/wp\/v2\/media?parent=118586"}],"wp:term":[{"taxonomy":"category","embeddable":true,"href":"https:\/\/www.europesays.com\/fr\/wp-json\/wp\/v2\/categories?post=118586"},{"taxonomy":"post_tag","embeddable":true,"href":"https:\/\/www.europesays.com\/fr\/wp-json\/wp\/v2\/tags?post=118586"}],"curies":[{"name":"wp","href":"https:\/\/api.w.org\/{rel}","templated":true}]}}