{"id":118588,"date":"2025-05-22T04:54:09","date_gmt":"2025-05-22T04:54:09","guid":{"rendered":"https:\/\/www.europesays.com\/fr\/118588\/"},"modified":"2025-05-22T04:54:09","modified_gmt":"2025-05-22T04:54:09","slug":"le-diocese-conteste-les-chiffres","status":"publish","type":"post","link":"https:\/\/www.europesays.com\/fr\/118588\/","title":{"rendered":"le dioc\u00e8se conteste les chiffres"},"content":{"rendered":"<p>\u00ab\u00a0\u00c0 chaque rentr\u00e9e, les \u00e9coles remontent \u00e0 sa commune l\u2019\u00e9tat de leurs effectifs et la liste des \u00e9l\u00e8ves r\u00e9sidents. Ce sont ces remont\u00e9es que nous sommes en train de v\u00e9rifier. Il faut voir si les listes sont justes ou pas. Ce travail ne peut pas se faire en une heure. Je fais tout pour qu\u2019il soit r\u00e9alis\u00e9 le plus rapidement possible. Mais, tant que ce n\u2019est pas v\u00e9rifi\u00e9, je ne peux pas vous dire si ces chiffres sont justes ou pas\u00a0\u00bb, nous avait confi\u00e9, le 16\u00a0avril dernier, Bruno Prang\u00e9, directeur de l\u2019enseignement catholique du dioc\u00e8se de Saint-\u00c9tienne.<\/p>\n<p>\u00ab\u00a0Il est vraiment temps de clarifier les choses\u00a0\u00bb<\/p>\n<p>Il&#8230;<\/p>\n","protected":false},"excerpt":{"rendered":"\u00ab\u00a0\u00c0 chaque rentr\u00e9e, les \u00e9coles remontent \u00e0 sa commune l\u2019\u00e9tat de leurs effectifs et la liste des \u00e9l\u00e8ves&hellip;\n","protected":false},"author":2,"featured_media":118589,"comment_status":"","ping_status":"","sticky":false,"template":"","format":"standard","meta":{"footnotes":""},"categories":[9653],"tags":[1111,11,2430,7539,1057,1777,674,1011,27,10425,12,25,4001,7538],"class_list":{"0":"post-118588","1":"post","2":"type-post","3":"status-publish","4":"format-standard","5":"has-post-thumbnail","7":"category-saint-etienne","8":"tag-actu","9":"tag-actualites","10":"tag-auvergne-rhone-alpes","11":"tag-edition-loire-sud","12":"tag-education","13":"tag-eu","14":"tag-europe","15":"tag-fr","16":"tag-france","17":"tag-maternelle-elementaire","18":"tag-news","19":"tag-republique-francaise","20":"tag-saint-etienne","21":"tag-saint-etienne-ville"},"share_on_mastodon":{"url":"https:\/\/pubeurope.com\/@fr\/114549703544017819","error":""},"_links":{"self":[{"href":"https:\/\/www.europesays.com\/fr\/wp-json\/wp\/v2\/posts\/118588","targetHints":{"allow":["GET"]}}],"collection":[{"href":"https:\/\/www.europesays.com\/fr\/wp-json\/wp\/v2\/posts"}],"about":[{"href":"https:\/\/www.europesays.com\/fr\/wp-json\/wp\/v2\/types\/post"}],"author":[{"embeddable":true,"href":"https:\/\/www.europesays.com\/fr\/wp-json\/wp\/v2\/users\/2"}],"replies":[{"embeddable":true,"href":"https:\/\/www.europesays.com\/fr\/wp-json\/wp\/v2\/comments?post=118588"}],"version-history":[{"count":0,"href":"https:\/\/www.europesays.com\/fr\/wp-json\/wp\/v2\/posts\/118588\/revisions"}],"wp:featuredmedia":[{"embeddable":true,"href":"https:\/\/www.europesays.com\/fr\/wp-json\/wp\/v2\/media\/118589"}],"wp:attachment":[{"href":"https:\/\/www.europesays.com\/fr\/wp-json\/wp\/v2\/media?parent=118588"}],"wp:term":[{"taxonomy":"category","embeddable":true,"href":"https:\/\/www.europesays.com\/fr\/wp-json\/wp\/v2\/categories?post=118588"},{"taxonomy":"post_tag","embeddable":true,"href":"https:\/\/www.europesays.com\/fr\/wp-json\/wp\/v2\/tags?post=118588"}],"curies":[{"name":"wp","href":"https:\/\/api.w.org\/{rel}","templated":true}]}}