{"id":11859,"date":"2025-04-09T05:28:10","date_gmt":"2025-04-09T05:28:10","guid":{"rendered":"https:\/\/www.europesays.com\/fr\/11859\/"},"modified":"2025-04-09T05:28:10","modified_gmt":"2025-04-09T05:28:10","slug":"pres-de-toulouse-a-scooter-dans-le-square-il-renverse-un-petit-cycliste-et-frappe-son-pere","status":"publish","type":"post","link":"https:\/\/www.europesays.com\/fr\/11859\/","title":{"rendered":"Pr\u00e8s de Toulouse. A scooter dans le square, il renverse un petit cycliste et frappe son p\u00e8re"},"content":{"rendered":"<p>            Par<br \/>\n        <strong><br \/>\n            <a href=\"https:\/\/actu.fr\/auteur\/laurent-derne\" title=\"Consulter tous les articles de Laurent Derne\" target=\"_blank\" rel=\"noopener\">Laurent Derne<\/a><br \/>\n        <\/strong><\/p>\n<p>        Publi\u00e9 le<\/p>\n<p>            7 avr. 2025 \u00e0 15h41        <\/p>\n<p>\u00ab\u00a0C\u2019est rare que des <strong>scooters<\/strong> passent ici. Une fois, j\u2019en ai vu un et je l\u2019ai engu\u2026\u00a0\u00bb. Crois\u00e9 ce lundi 7 avril, au <strong>square<\/strong> Antoine de Saint-Exup\u00e9ry, ce riverain se disait ignorant de l\u2019affaire qui, la veille,\u00a0a eu pour th\u00e9\u00e2tre cet espace public de <strong>Colomiers<\/strong>, pr\u00e8s de <a href=\"https:\/\/actu.fr\/toulouse\/faits-divers\" target=\"_blank\" rel=\"noopener\">Toulouse<\/a>.<\/p>\n<p>Il percute l\u2019enfant dans le square<\/p>\n<p class=\" wall-content\">Avec son aire de jeux pour les plus petits en plein centre-ville, \u00e0 un jet de pierre de la mairie et du commissariat, le site est <strong>pris\u00e9 des familles.<\/strong> Certaines d\u2019entre elles l\u2019avaient investi, dimanche, pour profiter d\u2019une journ\u00e9e quasi estivale. Mais c\u2019est une <strong>sc\u00e8ne \u00e0 la fois r\u00e9voltante et choquante<\/strong>\u00a0\u00e0 laquelle les t\u00e9moins ont assist\u00e9.<\/p>\n<p>    <a href=\"https:\/\/www.google.com\/maps\/embed?pb=!1m18!1m12!1m3!1d2888.8640613557104!2d1.3305644768165363!3d43.609371955263484!2m3!1f0!2f0!3f0!3m2!1i1024!2i768!4f13.1!3m3!1m2!1s0x12aeb16ea5fe08f3%3A0x627b87510f6c8692!2sSquare%20Antoine%20de%20Saint-Exup%C3%A9ry!5e0!3m2!1sfr!2sfr!4v1744016287618!5m2!1sfr!2sfr\" title=\"Ouvrie le lien\" target=\"_blank\" rel=\"noopener\">Cliquez ici pour visualiser le contenu<\/a><\/p>\n<p class=\" wall-content\">Selon une source polici\u00e8re d\u2019Actu Toulouse, un<strong> enfant<\/strong> \u00e2g\u00e9 de <strong>11 ans<\/strong> qui faisait du v\u00e9lo dans le parc a \u00e9t\u00e9 <strong>percut\u00e9 par le pilote d\u2019un scooter<\/strong> circulant dans les all\u00e9es. \u00ab\u00a0Un lieu totalement inadapt\u00e9 \u00e0 cette pratique\u00a0\u00bb, s\u2019agace une source polici\u00e8re d\u2019Actu Toulouse. La jeune victime \u00e9tait projet\u00e9e \u00e0 terre.<\/p>\n<p>Vid\u00e9os : en ce moment sur ActuLe pilote ass\u00e8ne un coup de casque au p\u00e8re<\/p>\n<p class=\" wall-content\">\u00ab\u00a0Son p\u00e8re s\u2019occupait alors de son autre enfant et n\u2019a pas \u00e9t\u00e9 t\u00e9moin de l\u2019accident. C\u2019est le petit qui est venu rapporter l\u2019incident\u00a0\u00bb, confie une enqu\u00eatrice. Furieux et inquiet pour l\u2019\u00e9tat de sant\u00e9 de son fils, le <strong>p\u00e8re a d\u00e9cid\u00e9 de venir au contact du pilote<\/strong> du deux-roues. Sans doute pour qu\u2019il assume ses responsabilit\u00e9s et ne prenne pas la tangente. Mais<strong>\u00a0la confrontation a d\u00e9rap\u00e9<\/strong>.<\/p>\n<p class=\" wall-content\">C\u2019est l\u00e0 que l\u2019accident initial s\u2019est <strong>doubl\u00e9 d\u2019une agression<\/strong>. Loin de faire profil bas, le mis en cause a ripost\u00e9 physiquement. \u00ab\u00a0Il a port\u00e9 un coup de t\u00eate au visage du papa\u00a0\u00bb, pr\u00e9cise notre source. Avant de fuir les lieux.<\/p>\n<p>\u00ab\u00a0C\u2019est plut\u00f4t calme, ici\u2026\u00a0\u00bb<\/p>\n<p class=\" wall-content\">\u00ab\u00a0C\u2019est plut\u00f4t calme, ici\u00a0\u00bb, assurent trois mamans qui d\u00e9couvraient, ce matin, l\u2019agression de la veille. Elles \u00e9voquent toutefois la <strong>pr\u00e9sence d\u2019un scooter<\/strong>\u00a0dans le square,\u00a0<strong>\u00ab\u00a0les dimanches, vers 11 heures-midi\u00a0\u00bb<\/strong>. Sans savoir s\u2019il pourrait avoir un quelconque lien avec cette affaire.<\/p>\n<p class=\" wall-content\">Les deux victimes ont \u00e9t\u00e9 prises en charge par les secours. Si l\u2019enfant serait l\u00e9g\u00e8rement touch\u00e9 \u2013 \u00ab\u00a0il souffre d\u2019une blessure au visage\u00a0\u00bb \u2013 son papa, un <strong>homme de 56 ans<\/strong>, doit composer avec <strong>\u00ab\u00a0une dent cass\u00e9e\u00a0\u00bb<\/strong>. Ce dernier a d\u00e9pos\u00e9 <strong>plainte pour violences\u00a0<\/strong>aupr\u00e8s du commissariat de Colomiers.<\/p>\n<p class=\" wall-content\">Ce lundi, la police recherche toujours activement le pilote du scooter pour l\u2019auditionner sur les faits. L\u2019enqu\u00eate de voisinage et les images de <strong>vid\u00e9o-protection<\/strong> devraient concourir \u00e0 l\u2019identifier.<\/p>\n<p class=\" wall-content\"><strong>(Avec Marie Lamarque)\u00a0<\/strong><\/p>\n<p class=\" wall-content\">Suivez toute l\u2019actualit\u00e9 de vos villes et m\u00e9dias favoris en vous inscrivant \u00e0 <a href=\"https:\/\/moncompte.actu.fr\" title=\"D\u00e9couvez Mon Actu\" rel=\"nofollow noopener\" data-trk=\"{&quot;cta&quot;:{&quot;action&quot;:&quot;https:\\\/\\\/moncompte.actu.fr&quot;,&quot;category&quot;:&quot;mon compte&quot;,&quot;from&quot;:&quot;article footer&quot;,&quot;name&quot;:&quot;Mon actu&quot;,&quot;type&quot;:&quot;cta&quot;}}\" target=\"_blank\">Mon Actu<\/a>.<\/p>\n","protected":false},"excerpt":{"rendered":"Par Laurent Derne Publi\u00e9 le 7 avr. 2025 \u00e0 15h41 \u00ab\u00a0C\u2019est rare que des scooters passent ici. Une&hellip;\n","protected":false},"author":2,"featured_media":11860,"comment_status":"","ping_status":"","sticky":false,"template":"","format":"standard","meta":{"footnotes":""},"categories":[2816],"tags":[1111,11,1777,674,118,1011,27,12,2680,1072,25,5575,2312,208],"class_list":{"0":"post-11859","1":"post","2":"type-post","3":"status-publish","4":"format-standard","5":"has-post-thumbnail","7":"category-toulouse","8":"tag-actu","9":"tag-actualites","10":"tag-eu","11":"tag-europe","12":"tag-faits-divers","13":"tag-fr","14":"tag-france","15":"tag-news","16":"tag-occitanie","17":"tag-police","18":"tag-republique-francaise","19":"tag-rodeos-urbains","20":"tag-toulouse","21":"tag-velo"},"share_on_mastodon":{"url":"https:\/\/pubeurope.com\/@fr\/114306357919660195","error":""},"_links":{"self":[{"href":"https:\/\/www.europesays.com\/fr\/wp-json\/wp\/v2\/posts\/11859","targetHints":{"allow":["GET"]}}],"collection":[{"href":"https:\/\/www.europesays.com\/fr\/wp-json\/wp\/v2\/posts"}],"about":[{"href":"https:\/\/www.europesays.com\/fr\/wp-json\/wp\/v2\/types\/post"}],"author":[{"embeddable":true,"href":"https:\/\/www.europesays.com\/fr\/wp-json\/wp\/v2\/users\/2"}],"replies":[{"embeddable":true,"href":"https:\/\/www.europesays.com\/fr\/wp-json\/wp\/v2\/comments?post=11859"}],"version-history":[{"count":0,"href":"https:\/\/www.europesays.com\/fr\/wp-json\/wp\/v2\/posts\/11859\/revisions"}],"wp:featuredmedia":[{"embeddable":true,"href":"https:\/\/www.europesays.com\/fr\/wp-json\/wp\/v2\/media\/11860"}],"wp:attachment":[{"href":"https:\/\/www.europesays.com\/fr\/wp-json\/wp\/v2\/media?parent=11859"}],"wp:term":[{"taxonomy":"category","embeddable":true,"href":"https:\/\/www.europesays.com\/fr\/wp-json\/wp\/v2\/categories?post=11859"},{"taxonomy":"post_tag","embeddable":true,"href":"https:\/\/www.europesays.com\/fr\/wp-json\/wp\/v2\/tags?post=11859"}],"curies":[{"name":"wp","href":"https:\/\/api.w.org\/{rel}","templated":true}]}}