{"id":118590,"date":"2025-05-22T04:55:11","date_gmt":"2025-05-22T04:55:11","guid":{"rendered":"https:\/\/www.europesays.com\/fr\/118590\/"},"modified":"2025-05-22T04:55:11","modified_gmt":"2025-05-22T04:55:11","slug":"forte-presence-policiere-pour-empecher-une-casserolade","status":"publish","type":"post","link":"https:\/\/www.europesays.com\/fr\/118590\/","title":{"rendered":"forte pr\u00e9sence polici\u00e8re pour emp\u00eacher une casserolade"},"content":{"rendered":"<p>Ce mercredi soir, la grande tour m\u00e9tallique de la Cit\u00e9 du design n\u2019a pas cill\u00e9 et encore moins r\u00e9sonn\u00e9 du concert de casserole qu\u2019avaient lanc\u00e9 et pr\u00e9vus les 300 signataires de la p\u00e9tition contre la venue du maire, Ga\u00ebl Perdriau, \u00e0 l\u2019inauguration de la 13e Biennale design. Le maire est venu mais a \u00e9t\u00e9 tr\u00e8s discret.<\/p>\n<p>Loin des regards, Ga\u00ebl Perdriau s\u2019est tenu \u00e0 l\u2019\u00e9cart des officiels, le temps de leurs discours. Le maire de Saint-\u00c9tienne n\u2019a pas montr\u00e9 le bout de son nez et s\u2019est fondu dans la foule nombreuse (pr\u00e8s de 600 personnes).<\/p>\n<p>Il faut dire qu\u2019il a fallu montrer patte blanche, et surtout ouvrir son sac en grand, pour entrer \u00e0 la Cit\u00e9 du design et assister \u00e0 l\u2019\u00e9v\u00e9nement qui, apr\u00e8s les discours, a permis aux invit\u00e9s et autres curieux de visiter en avant-premi\u00e8re l\u2019exposition avant le public ce jeudi. Tous les acc\u00e8s \u00e0 l\u2019immense cour ont \u00e9t\u00e9 soigneusement barricad\u00e9s et surveill\u00e9s par des agents de s\u00e9curit\u00e9 et des policiers municipaux.<\/p>\n<p>  Une tentative d\u2019intrusion<\/p>\n<p>Des patrouilles n\u2019ont eu de cesse de tourner pendant que le public \u00e9coutait sagement, ou se d\u00e9salt\u00e9rait pr\u00e8s des food trucks pr\u00e9sents pour l\u2019occasion. Il y a bien eu une tentative d\u2019intrusion du collectif BAC42, compos\u00e9 de cinq clowns \u00e9quip\u00e9s de sifflets et de casseroles mais ils se sont fait repousser par les policiers municipaux.<\/p>\n<p>Cette brigade d\u2019activistes clowns, non-violente, a bien tent\u00e9 de rentrer par toutes les issues possibles mais elle s\u2019est fait syst\u00e9matiquement repousser par les forces de l\u2019ordre. Sans renfort, ni soutien, le collectif a finalement renonc\u00e9 \u00e0 faire du bruit.<\/p>\n<p>C\u2019est tout de m\u00eame en musique, mais d\u2019une autre teneur, que la soir\u00e9e s\u2019est poursuivie avec un concert de musique du monde du groupe franco arm\u00e9nien Ladaniva, invit\u00e9 pour l\u2019occasion.<\/p>\n","protected":false},"excerpt":{"rendered":"Ce mercredi soir, la grande tour m\u00e9tallique de la Cit\u00e9 du design n\u2019a pas cill\u00e9 et encore moins&hellip;\n","protected":false},"author":2,"featured_media":118591,"comment_status":"","ping_status":"","sticky":false,"template":"","format":"standard","meta":{"footnotes":""},"categories":[9653],"tags":[1111,11,2430,1687,33,7539,1777,674,107,1011,27,3367,12,316,25,4001,7538],"class_list":{"0":"post-118590","1":"post","2":"type-post","3":"status-publish","4":"format-standard","5":"has-post-thumbnail","7":"category-saint-etienne","8":"tag-actu","9":"tag-actualites","10":"tag-auvergne-rhone-alpes","11":"tag-culture-loisirs","12":"tag-economie","13":"tag-edition-loire-sud","14":"tag-eu","15":"tag-europe","16":"tag-fil-info","17":"tag-fr","18":"tag-france","19":"tag-loire","20":"tag-news","21":"tag-politique","22":"tag-republique-francaise","23":"tag-saint-etienne","24":"tag-saint-etienne-ville"},"share_on_mastodon":{"url":"https:\/\/pubeurope.com\/@fr\/114549707453426148","error":""},"_links":{"self":[{"href":"https:\/\/www.europesays.com\/fr\/wp-json\/wp\/v2\/posts\/118590","targetHints":{"allow":["GET"]}}],"collection":[{"href":"https:\/\/www.europesays.com\/fr\/wp-json\/wp\/v2\/posts"}],"about":[{"href":"https:\/\/www.europesays.com\/fr\/wp-json\/wp\/v2\/types\/post"}],"author":[{"embeddable":true,"href":"https:\/\/www.europesays.com\/fr\/wp-json\/wp\/v2\/users\/2"}],"replies":[{"embeddable":true,"href":"https:\/\/www.europesays.com\/fr\/wp-json\/wp\/v2\/comments?post=118590"}],"version-history":[{"count":0,"href":"https:\/\/www.europesays.com\/fr\/wp-json\/wp\/v2\/posts\/118590\/revisions"}],"wp:featuredmedia":[{"embeddable":true,"href":"https:\/\/www.europesays.com\/fr\/wp-json\/wp\/v2\/media\/118591"}],"wp:attachment":[{"href":"https:\/\/www.europesays.com\/fr\/wp-json\/wp\/v2\/media?parent=118590"}],"wp:term":[{"taxonomy":"category","embeddable":true,"href":"https:\/\/www.europesays.com\/fr\/wp-json\/wp\/v2\/categories?post=118590"},{"taxonomy":"post_tag","embeddable":true,"href":"https:\/\/www.europesays.com\/fr\/wp-json\/wp\/v2\/tags?post=118590"}],"curies":[{"name":"wp","href":"https:\/\/api.w.org\/{rel}","templated":true}]}}