{"id":118592,"date":"2025-05-22T04:56:10","date_gmt":"2025-05-22T04:56:10","guid":{"rendered":"https:\/\/www.europesays.com\/fr\/118592\/"},"modified":"2025-05-22T04:56:10","modified_gmt":"2025-05-22T04:56:10","slug":"meurthe-et-moselle-indesirable-a-messein-la-brocnroll-demenage-a-maron","status":"publish","type":"post","link":"https:\/\/www.europesays.com\/fr\/118592\/","title":{"rendered":"Meurthe-et-Moselle. Ind\u00e9sirable \u00e0 Messein, la Broc\u2019N\u2019roll d\u00e9m\u00e9nage \u00e0 Maron"},"content":{"rendered":"<p>\u00ab L\u00e2ch\u00e9 au milieu de nulle part. \u00bb L\u00e2ch\u00e9 et f\u00e2ch\u00e9, Angelo Chiariello, organisateur de la Broc\u2019N\u2019roll, lorsqu\u2019il a \u00e9t\u00e9 inform\u00e9 que, cette ann\u00e9e, l\u2019\u00e9v\u00e9nement n\u2019\u00e9tait plus le bienvenu \u00e0 Messein.<\/p>\n<p>Ce rendez-vous qui a r\u00e9uni 3 500 personnes l\u2019an pass\u00e9, \u00ab en pleine pluie \u00bb, et jusqu\u2019\u00e0 6 000 visiteurs avant la Covid 19, avait pourtant ses habitudes au bord du plan d\u2019eau, o\u00f9 cette brocante d\u00e9di\u00e9e \u00e0 l\u2019univers&#8230;<\/p>\n","protected":false},"excerpt":{"rendered":"\u00ab L\u00e2ch\u00e9 au milieu de nulle part. \u00bb L\u00e2ch\u00e9 et f\u00e2ch\u00e9, Angelo Chiariello, organisateur de la Broc\u2019N\u2019roll, lorsqu\u2019il&hellip;\n","protected":false},"author":2,"featured_media":118593,"comment_status":"","ping_status":"","sticky":false,"template":"","format":"standard","meta":{"footnotes":""},"categories":[9635],"tags":[1111,11,5738,11679,1687,1704,1777,674,1011,27,775,873,1702,1703,12,25,3365],"class_list":{"0":"post-118592","1":"post","2":"type-post","3":"status-publish","4":"format-standard","5":"has-post-thumbnail","7":"category-nancy","8":"tag-actu","9":"tag-actualites","10":"tag-bourses","11":"tag-brocantes","12":"tag-culture-loisirs","13":"tag-edition-nancy-et-agglomeration","14":"tag-eu","15":"tag-europe","16":"tag-fr","17":"tag-france","18":"tag-grand-est","19":"tag-musique","20":"tag-nancy","21":"tag-nancy-ville-54b","22":"tag-news","23":"tag-republique-francaise","24":"tag-vide-greniers"},"share_on_mastodon":{"url":"https:\/\/pubeurope.com\/@fr\/114549711722168890","error":""},"_links":{"self":[{"href":"https:\/\/www.europesays.com\/fr\/wp-json\/wp\/v2\/posts\/118592","targetHints":{"allow":["GET"]}}],"collection":[{"href":"https:\/\/www.europesays.com\/fr\/wp-json\/wp\/v2\/posts"}],"about":[{"href":"https:\/\/www.europesays.com\/fr\/wp-json\/wp\/v2\/types\/post"}],"author":[{"embeddable":true,"href":"https:\/\/www.europesays.com\/fr\/wp-json\/wp\/v2\/users\/2"}],"replies":[{"embeddable":true,"href":"https:\/\/www.europesays.com\/fr\/wp-json\/wp\/v2\/comments?post=118592"}],"version-history":[{"count":0,"href":"https:\/\/www.europesays.com\/fr\/wp-json\/wp\/v2\/posts\/118592\/revisions"}],"wp:featuredmedia":[{"embeddable":true,"href":"https:\/\/www.europesays.com\/fr\/wp-json\/wp\/v2\/media\/118593"}],"wp:attachment":[{"href":"https:\/\/www.europesays.com\/fr\/wp-json\/wp\/v2\/media?parent=118592"}],"wp:term":[{"taxonomy":"category","embeddable":true,"href":"https:\/\/www.europesays.com\/fr\/wp-json\/wp\/v2\/categories?post=118592"},{"taxonomy":"post_tag","embeddable":true,"href":"https:\/\/www.europesays.com\/fr\/wp-json\/wp\/v2\/tags?post=118592"}],"curies":[{"name":"wp","href":"https:\/\/api.w.org\/{rel}","templated":true}]}}