{"id":118602,"date":"2025-05-22T05:01:20","date_gmt":"2025-05-22T05:01:20","guid":{"rendered":"https:\/\/www.europesays.com\/fr\/118602\/"},"modified":"2025-05-22T05:01:20","modified_gmt":"2025-05-22T05:01:20","slug":"transavia-ouvre-une-ligne-montpellier-agadir-des-octobre","status":"publish","type":"post","link":"https:\/\/www.europesays.com\/fr\/118602\/","title":{"rendered":"Transavia ouvre une ligne Montpellier\u2013Agadir d\u00e8s octobre"},"content":{"rendered":"<p><img decoding=\"async\" class=\"\" style=\"width:100%\" src=\"https:\/\/www.europesays.com\/fr\/wp-content\/uploads\/2025\/05\/unnamed1747814766861.png\" alt=\"Agadir\"\/><\/p>\n<p>Agadir sera bient\u00f4t accessible directement depuis Montpellier.<\/p>\n<p>Cr\u00e9dit : DR<\/p>\n<p> <strong>Agadir, destination c\u00f4ti\u00e8re marocaine<\/strong><\/p>\n<p style=\"text-align: justify;\">\u00a0<\/p>\n<p style=\"text-align: justify;\">Cette ouverture s\u2019inscrit dans le cadre du renouvellement du partenariat entre Transavia France (filiale low-cost d\u2019Air France-KLM) et l\u2019Office National Marocain du Tourisme (ONMT), avec pour objectif de renforcer les connexions entre la France et le Maroc pendant la saison hivernale.<\/p>\n<p style=\"text-align: justify;\">Agadir devient ainsi une nouvelle destination marocaine accessible depuis Montpellier, aux c\u00f4t\u00e9s d\u2019autres lignes vers le royaume d\u00e9j\u00e0 desservies par la compagnie. \u00ab Transavia est d\u00e9sormais la premi\u00e8re compagnie en nombre de passagers et de destinations depuis Montpellier \u00bb, souligne Emmanuel Brehmer, pr\u00e9sident du directoire de l\u2019a\u00e9roport Montpellier-M\u00e9diterran\u00e9e.<\/p>\n<p style=\"text-align: justify;\"><strong>Situ\u00e9e au sud-ouest du Maroc, sur la c\u00f4te atlantique, Agadir est une ville d\u2019environ 500 000 habitants, connue pour son climat doux toute l\u2019ann\u00e9e et son littoral de 10 km.<\/strong> Elle est aussi le chef-lieu de la r\u00e9gion du Souss-Massa. La ville attire les visiteurs pour son front de mer, son souk El Had (l\u2019un des plus grands du pays) et son ambiance \u00e0 la fois moderne et traditionnelle.<\/p>\n<p>\u00a0<br \/>\n<strong>\u00c0 propos de Transavia<\/strong><\/p>\n<p style=\"text-align: justify;\">\u00a0<\/p>\n<p style=\"text-align: justify;\">Transavia France op\u00e8re pr\u00e8s de 200 lignes depuis la France (notamment Orly, Lyon, Nantes et Montpellier) vers l\u2019Europe et le bassin m\u00e9diterran\u00e9en. En 2024, elle a transport\u00e9 pr\u00e8s de 14 millions de passagers. Elle est aujourd\u2019hui la principale compagnie low-cost au d\u00e9part de Paris.<\/p>\n","protected":false},"excerpt":{"rendered":"Agadir sera bient\u00f4t accessible directement depuis Montpellier. Cr\u00e9dit : DR Agadir, destination c\u00f4ti\u00e8re marocaine \u00a0 Cette ouverture s\u2019inscrit&hellip;\n","protected":false},"author":2,"featured_media":118603,"comment_status":"","ping_status":"","sticky":false,"template":"","format":"standard","meta":{"footnotes":""},"categories":[9599],"tags":[1111,11,17788,11788,16236,23943,16106,23938,23937,23942,1777,674,1011,27,23934,3135,23941,23940,2208,12,2680,23936,2766,13642,25,23939,756,23935],"class_list":{"0":"post-118602","1":"post","2":"type-post","3":"status-publish","4":"format-standard","5":"has-post-thumbnail","7":"category-montpellier","8":"tag-actu","9":"tag-actualites","10":"tag-aeroport-montpellier-mediterranee","11":"tag-agadir","12":"tag-air-france-klm","13":"tag-bassin-mediterraneen","14":"tag-billets","15":"tag-climat-doux","16":"tag-connexion-france-maroc","17":"tag-destinations-europeennes","18":"tag-eu","19":"tag-europe","20":"tag-fr","21":"tag-france","22":"tag-ligne-aerienne","23":"tag-littoral","24":"tag-low-cost","25":"tag-modernite-traditionnelle","26":"tag-montpellier","27":"tag-news","28":"tag-occitanie","29":"tag-office-national-marocain-du-tourisme","30":"tag-partenariat","31":"tag-passagers","32":"tag-republique-francaise","33":"tag-souk-el-had","34":"tag-transavia","35":"tag-vol-direct"},"share_on_mastodon":{"url":"https:\/\/pubeurope.com\/@fr\/114549731097210754","error":""},"_links":{"self":[{"href":"https:\/\/www.europesays.com\/fr\/wp-json\/wp\/v2\/posts\/118602","targetHints":{"allow":["GET"]}}],"collection":[{"href":"https:\/\/www.europesays.com\/fr\/wp-json\/wp\/v2\/posts"}],"about":[{"href":"https:\/\/www.europesays.com\/fr\/wp-json\/wp\/v2\/types\/post"}],"author":[{"embeddable":true,"href":"https:\/\/www.europesays.com\/fr\/wp-json\/wp\/v2\/users\/2"}],"replies":[{"embeddable":true,"href":"https:\/\/www.europesays.com\/fr\/wp-json\/wp\/v2\/comments?post=118602"}],"version-history":[{"count":0,"href":"https:\/\/www.europesays.com\/fr\/wp-json\/wp\/v2\/posts\/118602\/revisions"}],"wp:featuredmedia":[{"embeddable":true,"href":"https:\/\/www.europesays.com\/fr\/wp-json\/wp\/v2\/media\/118603"}],"wp:attachment":[{"href":"https:\/\/www.europesays.com\/fr\/wp-json\/wp\/v2\/media?parent=118602"}],"wp:term":[{"taxonomy":"category","embeddable":true,"href":"https:\/\/www.europesays.com\/fr\/wp-json\/wp\/v2\/categories?post=118602"},{"taxonomy":"post_tag","embeddable":true,"href":"https:\/\/www.europesays.com\/fr\/wp-json\/wp\/v2\/tags?post=118602"}],"curies":[{"name":"wp","href":"https:\/\/api.w.org\/{rel}","templated":true}]}}