{"id":118604,"date":"2025-05-22T05:04:15","date_gmt":"2025-05-22T05:04:15","guid":{"rendered":"https:\/\/www.europesays.com\/fr\/118604\/"},"modified":"2025-05-22T05:04:15","modified_gmt":"2025-05-22T05:04:15","slug":"la-municipalite-refuse-le-parking-relais-silo-propose-par-lopposition","status":"publish","type":"post","link":"https:\/\/www.europesays.com\/fr\/118604\/","title":{"rendered":"LA MUNICIPALIT\u00c9 REFUSE LE PARKING-RELAIS SILO PROPOS\u00c9 PAR L&rsquo;OPPOSITION"},"content":{"rendered":"<p>Posted On 22 mai 2025 <\/p>\n<p class=\"has-text-align-justify\">\u00ab\u00a0Afin de r\u00e9pondre au besoin des salari\u00e9s, des visiteurs et de faire face \u00e0 la mise en place de la ZFE,\u00a0Le conseil municipal d\u00e9cide d\u2019int\u00e9grer la cr\u00e9ation d\u2019un important parking relais silo paysag\u00e9 sur le site de l\u2019esplanade\u00a0\u00bb. Alain Carignon et le groupe d&rsquo;opposition ont d\u00e9pos\u00e9 lundi cet amendement \u00e0 la d\u00e9lib\u00e9ration qui adoptait le projet de l&rsquo;esplanade.<\/p>\n<p class=\"has-text-align-justify\">Il a \u00e9t\u00e9 rejet\u00e9 comme un seul homme par la majorit\u00e9 Rouge\/Verts du Conseil Municipal le doigt sur la couture du pantalon, aux ordres du Grand Timonier en perdition. <\/p>\n<p><img decoding=\"async\" data-id=\"61826\" src=\"https:\/\/i1.wp.com\/grenoble-le-changement.fr\/wp-content\/uploads\/2023\/05\/esplanade-arbres-platanes-w-scaled.jpg?w=678&amp;ssl=1\" alt=\"\" class=\"wp-image-61826 jetpack-lazy-image\" data-recalc-dims=\"1\" data-lazy-src=\"https:\/\/www.europesays.com\/fr\/wp-content\/uploads\/2025\/05\/1747890252_941_esplanade-arbres-platanes-w-scaled.jpg\" \/><br \/>\n\u00c0 l&rsquo;esplanade, tout doit disparaitre : les arbres et le stationnement &#8230;<\/p>\n<p><strong>IL MANQUE 1500 PLACES DE STATIONNEMENT RELAIS <\/strong><\/p>\n<p style=\"text-align: justify;\">Mais en posant la question des cons\u00e9quences de l&rsquo;\u00e9radication de tout stationnement \u00e0 l&rsquo;esplanade, Alain Carignon portait le fer l\u00e0 o\u00f9 \u00e7a fait tr\u00e8s mal. Il manque <a href=\"https:\/\/grenoble-le-changement.fr\/2023\/02\/23\/avec-la-zfe-piolle-ferme-grenoble-et-supprime-des-parkings-relais\/\" target=\"_blank\" rel=\"noopener\">1500\u00a0 places de stationnement relais selon Sylvain Laval<\/a>, Pr\u00e9sident du SMMAG, pour faire face \u00e0 une ZFE que les m\u00eames Rouge\/Verts veulent la plus contraignante possible.\u00a0<\/p>\n<p style=\"text-align: justify;\"><a href=\"https:\/\/grenoble-le-changement.fr\/2025\/03\/19\/esplanade-la-tension-monte-avec-la-suppression-du-dernier-parking-relais\/\" target=\"_blank\" rel=\"noopener\">\u00c0 l&rsquo;esplanade on est pass\u00e9 de 1100 places de stationnement<\/a> au d\u00e9part, \u00e0 600 puis \u00e0 400 et, en r\u00e9alit\u00e9 \u00e0 partir de ce mois de mai, \u00e0 quasiment z\u00e9ro, une fois les besoins des nouveaux habitants (900 logements) satisfaits.<\/p>\n<p style=\"text-align: justify;\"><strong>LA SUPPRESSION DU PARKING DE L&rsquo;ESPLANADE AGGRAVE LA SITUATION<\/strong><\/p>\n<p style=\"text-align: justify;\"><a href=\"https:\/\/grenoble-le-changement.fr\/2024\/12\/05\/apres-avoir-supprime-1200-places-la-municipalite-cree-un-atelier-sur-le-stationnement\/\" target=\"_blank\" rel=\"noopener\">Une aberration qui s&rsquo;ajoute \u00e0 tant d&rsquo;autres.<\/a> Elles produisent les effets que tout le monde constate sur l&rsquo;\u00e9conomie de la ville. Des collectifs de citoyens et de commer\u00e7ants l&rsquo;expriment sur tous les tons. Le d\u00e9p\u00e9rissement de l&rsquo;activit\u00e9 commerciale n&rsquo;est pas grave seulement pour les commer\u00e7ants eux-m\u00eames : il est catastrophique pour la qualit\u00e9 de la vie, la qualit\u00e9 et la diversit\u00e9 des services, la s\u00e9curit\u00e9 et la convivialit\u00e9 de la ville.\u00a0<\/p>\n<p style=\"text-align: justify;\"><strong>CHAQUE FOIS UN SERVICE DE PROXIMIT\u00c9 DISPARAIT<\/strong><\/p>\n<p style=\"text-align: justify;\">Chaque fois qu&rsquo;une profession lib\u00e9rale ou un commerce de service quitte Grenoble pour des communes plus accessibles dans la M\u00e9tropole, c&rsquo;est une aide de proximit\u00e9 qui disparait. La cons\u00e9quence est aussi l&rsquo;uniformisation de la ville, car seul un type de population peut s&rsquo;en passer ou y acc\u00e9der \u00e0 distance sans difficult\u00e9s.\u00a0<\/p>\n<p><a href=\"https:\/\/i0.wp.com\/grenoble-le-changement.fr\/wp-content\/uploads\/2025\/05\/Capture-de\u0301cran-2025-05-19-a\u0300-18.19.14.png?ssl=1\" rel=\"lightbox[82113] noopener\" target=\"_blank\"><img decoding=\"async\" data-id=\"82115\" src=\"https:\/\/i0.wp.com\/grenoble-le-changement.fr\/wp-content\/uploads\/2025\/05\/Capture-de\u0301cran-2025-05-19-a\u0300-18.19.14.png?resize=678%2C648&amp;ssl=1\" alt=\"\" class=\"wp-image-82115 jetpack-lazy-image\" data-recalc-dims=\"1\" data-lazy-src=\"https:\/\/i0.wp.com\/grenoble-le-changement.fr\/wp-content\/uploads\/2025\/05\/Capture-de\u0301cran-2025-05-19-a\u0300-18.19.14.png?resize=678%2C648&amp;is-pending-load=1#038;ssl=1\" \/><\/a><\/p>\n<p><a href=\"https:\/\/i2.wp.com\/grenoble-le-changement.fr\/wp-content\/uploads\/2025\/05\/Capture-de\u0301cran-2025-05-19-a\u0300-17.31.25.png?ssl=1\" rel=\"lightbox[82113] noopener\" target=\"_blank\"><img decoding=\"async\" data-id=\"82114\" src=\"https:\/\/i2.wp.com\/grenoble-le-changement.fr\/wp-content\/uploads\/2025\/05\/Capture-de\u0301cran-2025-05-19-a\u0300-17.31.25.png?w=678&amp;ssl=1\" alt=\"\" class=\"wp-image-82114 jetpack-lazy-image\" data-recalc-dims=\"1\" data-lazy-src=\"https:\/\/i2.wp.com\/grenoble-le-changement.fr\/wp-content\/uploads\/2025\/05\/Capture-de\u0301cran-2025-05-19-a\u0300-17.31.25.png?w=678&amp;is-pending-load=1#038;ssl=1\" \/><\/a><br \/>\nLa d\u00e9cision sur l&rsquo;esplanade a \u00e9t\u00e9 vot\u00e9e lundi par la seule majorit\u00e9 municipale dans un Conseil Municipal tr\u00e8s agit\u00e9 avec des manifestants (\u00e0 gauche) et les \u00e9lus de l&rsquo;opposition, ici Nathalie B\u00e9ranger et Brigitte Boer distribuant des tests anti-drogue \u00e0 la majorit\u00e9 municipale qui s&rsquo;est refus\u00e9e aux tests&#8230;.<\/p>\n<p><strong>UNE DENSIFICATION QUASI IDENTIQUE AU PROJET DESTOT<\/strong><\/p>\n<p style=\"text-align: justify;\">Apr\u00e8s avoir stopp\u00e9 le projet Destot il y a 11 ans, la municipalit\u00e9 Piolle aboutit au summum de la cr\u00e9ation et de l&rsquo;innovation en proposant un champ paysag\u00e9 \u00e0 l&rsquo;esplanade, en concentrant tous les logements dans un espace tr\u00e8s restreint et en portant atteinte \u00e0 la ceinture verte du nord de Grenoble pour construire !\u00a0<\/p>\n<p style=\"text-align: justify;\">Malgr\u00e9 l&rsquo;opposition de nombreux \u00e9lus de tous bords, une importante mobilisation citoyenne pour amender le projet qui s&rsquo;est largement exprim\u00e9e aupr\u00e8s de la Commission d&rsquo;enqu\u00eate, celle-ci a lou\u00e9 le projet en des termes qui \u00ab\u00a0ressemblent au vocabulaire de la majorit\u00e9 municipale\u00a0\u00bb a lanc\u00e9 Alain Carignon au Conseil Municipal.\u00a0<\/p>\n<p style=\"text-align: justify;\"><strong>E. CHALAS MET EN CAUSE CAPUCINE MORIN, PR\u00c9SIDENTE DE LA COMMISSION D&rsquo;ENQU\u00caTE<\/strong><\/p>\n<p style=\"text-align: justify;\">Emilie Chalas avait r\u00e9v\u00e9l\u00e9 que Capucine Morin, la Pr\u00e9sidente de la Commission d&rsquo;Enqu\u00eate n&rsquo;\u00e9tait autre qu&rsquo;une tr\u00e8s proche <a href=\"https:\/\/grenoble-le-changement.fr\/2022\/04\/30\/violence-les-senateurs-puissat-et-savin-denoncent-les-verts\/\" target=\"_blank\" rel=\"noopener\">du S\u00e9nateur Verts &#8211; extr\u00e9miste Guillaume Gontard,<\/a> d\u00e9pendant \u00e9lectoralement de la majorit\u00e9 grenobloise. En effet Capucine Morin est ancien Maire du Percy, o\u00f9 elle a laiss\u00e9 sa place \u00e0 Guillaume Gontard qui la consid\u00e8re comme son \u00ab\u00a0mentor\u00a0\u00bb politique et elle a \u00e9t\u00e9 Conseill\u00e8re R\u00e9gionale aux c\u00f4t\u00e9s d&rsquo;Elisa Martin dans le groupe du Parti de Gauche fond\u00e9 par Jean-Luc M\u00e9lenchon.\u00a0<\/p>\n<p style=\"text-align: justify;\">En rappelant ces faits, Emilie Chalas a rappel\u00e9 aussi que la charte de d\u00e9ontologie des commissaires enqu\u00eateurs leur faisait obligation \u00ab\u00a0de refuser des missions pour lesquelles leur impartialit\u00e9 pourrait \u00eatre mise en cause\u00a0\u00bb.<\/p>\n<p><a href=\"https:\/\/i2.wp.com\/grenoble-le-changement.fr\/wp-content\/uploads\/2025\/05\/Capture-de\u0301cran-2025-05-21-a\u0300-11.29.14.png?ssl=1\" rel=\"lightbox[82113] noopener\" target=\"_blank\"><img decoding=\"async\" data-id=\"82116\" src=\"https:\/\/i2.wp.com\/grenoble-le-changement.fr\/wp-content\/uploads\/2025\/05\/Capture-de\u0301cran-2025-05-21-a\u0300-11.29.14.png?w=678&amp;ssl=1\" alt=\"\" class=\"wp-image-82116 jetpack-lazy-image\" data-recalc-dims=\"1\" data-lazy-src=\"https:\/\/i2.wp.com\/grenoble-le-changement.fr\/wp-content\/uploads\/2025\/05\/Capture-de\u0301cran-2025-05-21-a\u0300-11.29.14.png?w=678&amp;is-pending-load=1#038;ssl=1\" \/><\/a><\/p>\n<p><img decoding=\"async\" data-id=\"33051\" src=\"https:\/\/i0.wp.com\/grenoble-le-changement.fr\/wp-content\/uploads\/2019\/02\/Capture-d\u2019e\u0301cran-2019-02-28-a\u0300-16.18.28.png?w=678&amp;ssl=1\" alt=\"\" class=\"wp-image-33051 jetpack-lazy-image\" data-recalc-dims=\"1\" data-lazy-src=\"https:\/\/i0.wp.com\/grenoble-le-changement.fr\/wp-content\/uploads\/2019\/02\/Capture-d\u2019e\u0301cran-2019-02-28-a\u0300-16.18.28.png?w=678&amp;is-pending-load=1#038;ssl=1\" \/><br \/>\nCapucine Morin, la Pr\u00e9sidente de la commission d&rsquo;enqu\u00eate est une ancienne \u00e9lue du parti de Gauche de M\u00e9lenchon et une proche du S\u00e9nateur Verts Gontard, affid\u00e9 \u00e0 la majorit\u00e9 grenobloise : vous avez dit d\u00e9ontologie ?<\/p>\n<p><strong>QUI A D\u00c9SIGN\u00c9 CAPUCINE MORIN ?<\/strong><\/p>\n<p style=\"text-align: justify;\">Est-ce Jean-Paul Wyss, le Pr\u00e9sident du Tribunal Administratif qui a d\u00e9sign\u00e9 Capucine Morin ? Laquelle avait d\u00e9j\u00e0 pr\u00e9sid\u00e9 la commission d&rsquo;enqu\u00eate sur m\u00e9trocable, un dossier sur lequel les Verts Grenoblois ont chang\u00e9 de position ? Un Tribunal Administratif o\u00f9 sont encalmin\u00e9s depuis des ann\u00e9es un certain nombre de dossiers qui pourraient g\u00eaner la municipalit\u00e9 grenobloise ?\u00a0<\/p>\n<p style=\"text-align: justify;\">Par exemple le recours en annulation du bail consenti par la ville de Grenoble <a href=\"https:\/\/grenoble-le-changement.fr\/2024\/02\/22\/38-rue-dalembert-les-privileges-honteux-de-lextreme-gauche\/\" target=\"_blank\" rel=\"noopener\">pour 40 ans \u00e0 l&rsquo;ultra gauche au 38 rue d&rsquo;Alembert : 300 \u20ac de loyer pour 900 M2 ! Il<\/a>\u00a0ne se passe rien.<\/p>\n<p style=\"text-align: justify;\"><strong>L&rsquo;INSTRUMENTALISATION DE LA JUSTICE POSE PROBL\u00c8ME<\/strong><\/p>\n<p style=\"text-align: justify;\">S&rsquo;ajoutant <a href=\"https:\/\/grenoble-le-changement.fr\/2025\/05\/04\/les-affaires-piolle-martin-et-ferrari-enterrees-au-parquet-de-valence\/\" target=\"_blank\" rel=\"noopener\">au blocage des affaires Piolle, Ferrari, Elisa Martin au Parquet de Valence<\/a> dirig\u00e9 par le Procureur Laurent de Caigny, \u00e7a commence \u00e0 faire beaucoup en mati\u00e8re de fonctionnement de la justice Grenobloise, historiquement instrumentalis\u00e9e par<a href=\"https:\/\/grenoble-le-changement.fr\/raymond-avrillier-le-tartuffe-rouge-verts-bouge-encore\/\" target=\"_blank\" rel=\"noopener\"> le clan de Raymond Avrillier, des Verts\/Ades.<\/a><\/p>\n<p style=\"text-align: justify;\">La question est de savoir si cette enqu\u00eate publique sur l&rsquo;esplanade peut \u00eatre remise en cause juridiquement ? Pour les commissaires enqu\u00eateurs les reports de stationnement sur les communes voisines n\u2019existent pas. Les remarques de dizaines d\u2019\u00e9lus sur la non prise en compte des probl\u00e9matiques d\u2019ensemble des mobilit\u00e9s, avec le CHU, l\u2019activit\u00e9, l\u2019acc\u00e8s Chartreuse non plus. Pas plus que les 80 % de contributions critiques sur le projet. Au contraire on a eu droit une conclusion qui ressemble \u00e0 un tract de la majorit\u00e9 municipale.<\/p>\n<p><img decoding=\"async\" data-id=\"69570\" src=\"https:\/\/i2.wp.com\/grenoble-le-changement.fr\/wp-content\/uploads\/2023\/11\/Esplanade-be\u0301ton-e\u0301trangers.q-scaled.jpg?w=678&amp;ssl=1\" alt=\"\" class=\"wp-image-69570 jetpack-lazy-image\" data-recalc-dims=\"1\" data-lazy-src=\"https:\/\/i2.wp.com\/grenoble-le-changement.fr\/wp-content\/uploads\/2023\/11\/Esplanade-be\u0301ton-e\u0301trangers.q-scaled.jpg?w=678&amp;is-pending-load=1#038;ssl=1\" \/><\/p>\n<p><img decoding=\"async\" data-id=\"69569\" src=\"https:\/\/i1.wp.com\/grenoble-le-changement.fr\/wp-content\/uploads\/2023\/11\/be\u0301ton-esplanade-.png?w=678&amp;ssl=1\" alt=\"\" class=\"wp-image-69569 jetpack-lazy-image\" data-recalc-dims=\"1\" data-lazy-src=\"https:\/\/i1.wp.com\/grenoble-le-changement.fr\/wp-content\/uploads\/2023\/11\/be\u0301ton-esplanade-.png?w=678&amp;is-pending-load=1#038;ssl=1\" \/><br \/>\nEsplanade : b\u00e9tonisation intensive comme partout<\/p>\n<p><strong>LA CEINTURE VERTE DU NORD DE GRENOBLE MENAC\u00c9E<\/strong><\/p>\n<p style=\"text-align: justify;\">Mais en parlant de la grande esplanade, la municipalit\u00e9 veut faire oublier la construction de pr\u00e8s de 900 logements ce qui ressemble beaucoup au projet Destot. Avec pr\u00e8s de 50 % de HLM aussi, ce quartier ressemblera \u00e0 tous ceux qui sortent de terre. Il aboutira \u00e0 la m\u00eame spoliation de la classe moyenne qui ach\u00e8te sans \u00eatre inform\u00e9e de la r\u00e9alit\u00e9. De plus la ceinture verte de platanes est menac\u00e9e par ces constructions, ce que la commission d&rsquo;enqu\u00eate a reconnu du bout des l\u00e8vres en demandant que le nombre d&rsquo;arbres abattus soit limit\u00e9 ! On imagine Capucine Morin, sous une autre casquette, aurait soutenu les Verts accroch\u00e9s aux arbres du Parc Paul Mistral lors de la construction du Stade des Alpes.<\/p>\n<p style=\"text-align: justify;\"><strong>LA COMMISSION D&rsquo;ENQU\u00caTE OUBLIE LA RESPONSABILIT\u00c9 DE Y. MONGABURU (Verts\/Ades)<\/strong><\/p>\n<p style=\"text-align: justify;\">D&rsquo;ailleurs la commission d&rsquo;enqu\u00eate, entrant directement dans la bataille Piolle\/Ferrari, r\u00e9p\u00e8te les \u00e9l\u00e9ments de langage de la majorit\u00e9 municipale sur la passerelle pi\u00e9tons non programm\u00e9e par la M\u00e9tropole. Or celle-ci figurait en 2019 dans un Plan de D\u00e9placements (PDU) pr\u00e9sent\u00e9 par Yann Mongaburu (Verts\/Ades)&#8230; non financ\u00e9 aux 2\/3. La commission d&rsquo;enqu\u00eate n&rsquo;en dit rien&#8230;<\/p>\n<p><a href=\"https:\/\/grenoble-le-changement.fr\/wp-content\/uploads\/2025\/05\/observatoire-du-temps-pre\u0301sent-.webp\" target=\"_blank\" rel=\"noopener\"><img decoding=\"async\" data-id=\"82117\" src=\"https:\/\/grenoble-le-changement.fr\/wp-content\/uploads\/2025\/05\/observatoire-du-temps-pre\u0301sent-.webp\" alt=\"\" class=\"wp-image-82117 jetpack-lazy-image\" data-lazy-src=\"https:\/\/www.europesays.com\/fr\/wp-content\/uploads\/2025\/05\/observatoire-du-temps-pre\u0301sent-.webp\" \/><\/a><br \/>\nLa municipalit\u00e9 a oubli\u00e9 de r\u00e9tablir \u00ab\u00a0l&rsquo;observatoire du Temps pr\u00e9sent\u00a0\u00bb (210 000 \u20ac) \u00e0 l&rsquo;esplanade&#8230;<\/p>\n<p><strong>A. CARIGNON GARANTIT UN PARKING SILO RELAIS V\u00c9G\u00c9TALIS\u00c9<\/strong><\/p>\n<p style=\"text-align: justify;\">Au Conseil Municipal, Alain Carignon a donn\u00e9 l&rsquo;espoir aux grenoblois que l&rsquo;irr\u00e9parable ne soit pas commis puisque \u00ab\u00a0nous ne savons pas ou vous en serez du projet en mars 2026 compte tenu des al\u00e9as\u00a0\u00bb a-t-il d\u00e9clar\u00e9. Ajoutant :<a href=\"https:\/\/grenoble-le-changement.fr\/2025\/05\/03\/esplanade-les-municipales-permettront-de-trancher-sur-le-projet\/\" target=\"_blank\" rel=\"noopener\">\u00a0\u00ab\u00a0si les grenoblois nous font confiance<\/a> nous nous engageons \u00e0 le revoir en stoppant le projet de construction restant,\u00a0 sauvegardant la totalit\u00e9 de la ceinture verte, effectuant rapidement une \u00e9tude d\u2019impact sur la compatibilit\u00e9 des activit\u00e9s d\u2019animations avec l\u2019habitat, les am\u00e9nagements \u00e0 r\u00e9aliser \u00e9ventuellement et une \u00e9tude d\u2019impact sur les mobilit\u00e9s du nord de la M\u00e9tropole, garantissant un parking relais v\u00e9g\u00e9talis\u00e9 dans le projet et le revoyant dans sa totalit\u00e9 pour imaginer une entr\u00e9e nord de ville qui prenne en compte son environnement exceptionnel, la pr\u00e9sence de l\u2019eau, de la montagne, qui soit \u00e0 la hauteur d\u2019une M\u00e9tropole de notre dimension et apporte de la qualit\u00e9 de vie aux Grenoblois\u00a0\u00bb.<\/p>\n<p style=\"text-align: justify;\"><strong>L. RUFFIN, QUI VEUT CONTINUER PIOLLE ET \u00c9CHAPPER AU BILAN<\/strong><\/p>\n<p style=\"text-align: justify;\">Avec son refus d&rsquo;un parking silo relais v\u00e9g\u00e9talis\u00e9 \u00e0 l&rsquo;entr\u00e9e de ville la municipalit\u00e9 d\u00e9montre qu&rsquo;elle ne milite aucunement pour une M\u00e9tropole apais\u00e9e, mais qu&rsquo;elle est bien dans l&rsquo;optique d&rsquo;une \u00e9cologie punitive sans rapport avec la qualit\u00e9 de la vie et la lutte pour la qualit\u00e9 de l&rsquo;air.\u00a0<\/p>\n<p style=\"text-align: justify;\">L&rsquo;inconv\u00e9nient <a href=\"https:\/\/grenoble-le-changement.fr\/2024\/11\/23\/laurence-ruffin-verts-lfi-petits-mensonges-et-gros-sabots\/\" target=\"_blank\" rel=\"noopener\">pour Laurence Ruffin<\/a>, qui veut <a href=\"https:\/\/grenoble-le-changement.fr\/2025\/04\/19\/municipales-la-candidate-de-piolle-confirme-son-dogmatisme\/\" target=\"_blank\" rel=\"noopener\">continuer Piolle,<\/a> est \u00e9vident : le r\u00e9sultat dans les quartiers pr\u00e9c\u00e9dents, le r\u00e9sultat pour la ville elle m\u00eame et le centre de la M\u00e9tropole sont connus, \u00e9vidents, document\u00e9s. Repousser le jugement en se projetant en 2040 apparait pour ce qu&rsquo;il est. Un proc\u00e9d\u00e9 grossier pour tenter d&rsquo;\u00e9chapper \u00e0 l&rsquo;heure du bilan de 12 ans qui est en train de sonner.\u00a0<\/p>\n","protected":false},"excerpt":{"rendered":"Posted On 22 mai 2025 \u00ab\u00a0Afin de r\u00e9pondre au besoin des salari\u00e9s, des visiteurs et de faire face&hellip;\n","protected":false},"author":2,"featured_media":118605,"comment_status":"","ping_status":"","sticky":false,"template":"","format":"standard","meta":{"footnotes":""},"categories":[9566],"tags":[1111,11,10127,9601,2430,15172,23944,10131,9606,9607,1777,674,1011,27,2731,23945,23946,10136,15453,18840,12,10140,25,13025,13026,13027],"class_list":{"0":"post-118604","1":"post","2":"type-post","3":"status-publish","4":"format-standard","5":"has-post-thumbnail","7":"category-grenoble","8":"tag-actu","9":"tag-actualites","10":"tag-ades","11":"tag-alain-carignon","12":"tag-auvergne-rhone-alpes","13":"tag-brigitte-boer","14":"tag-capucine-morin","15":"tag-elisa-martin","16":"tag-emilie-chalas","17":"tag-eric-piolle","18":"tag-eu","19":"tag-europe","20":"tag-fr","21":"tag-france","22":"tag-grenoble","23":"tag-guillaume-gontard","24":"tag-jean-paul-wyss","25":"tag-laurence-ruffin","26":"tag-laurent-de-caigny","27":"tag-nathalie-beranger","28":"tag-news","29":"tag-raymond-avrillier","30":"tag-republique-francaise","31":"tag-smmag","32":"tag-sylvain-laval","33":"tag-yann-mongaburu"},"share_on_mastodon":{"url":"https:\/\/pubeurope.com\/@fr\/114549743195284093","error":""},"_links":{"self":[{"href":"https:\/\/www.europesays.com\/fr\/wp-json\/wp\/v2\/posts\/118604","targetHints":{"allow":["GET"]}}],"collection":[{"href":"https:\/\/www.europesays.com\/fr\/wp-json\/wp\/v2\/posts"}],"about":[{"href":"https:\/\/www.europesays.com\/fr\/wp-json\/wp\/v2\/types\/post"}],"author":[{"embeddable":true,"href":"https:\/\/www.europesays.com\/fr\/wp-json\/wp\/v2\/users\/2"}],"replies":[{"embeddable":true,"href":"https:\/\/www.europesays.com\/fr\/wp-json\/wp\/v2\/comments?post=118604"}],"version-history":[{"count":0,"href":"https:\/\/www.europesays.com\/fr\/wp-json\/wp\/v2\/posts\/118604\/revisions"}],"wp:featuredmedia":[{"embeddable":true,"href":"https:\/\/www.europesays.com\/fr\/wp-json\/wp\/v2\/media\/118605"}],"wp:attachment":[{"href":"https:\/\/www.europesays.com\/fr\/wp-json\/wp\/v2\/media?parent=118604"}],"wp:term":[{"taxonomy":"category","embeddable":true,"href":"https:\/\/www.europesays.com\/fr\/wp-json\/wp\/v2\/categories?post=118604"},{"taxonomy":"post_tag","embeddable":true,"href":"https:\/\/www.europesays.com\/fr\/wp-json\/wp\/v2\/tags?post=118604"}],"curies":[{"name":"wp","href":"https:\/\/api.w.org\/{rel}","templated":true}]}}