{"id":118606,"date":"2025-05-22T05:05:22","date_gmt":"2025-05-22T05:05:22","guid":{"rendered":"https:\/\/www.europesays.com\/fr\/118606\/"},"modified":"2025-05-22T05:05:22","modified_gmt":"2025-05-22T05:05:22","slug":"pres-de-grenoble-un-batiment-pour-les-start-up-industrielles-prevu-en-2029","status":"publish","type":"post","link":"https:\/\/www.europesays.com\/fr\/118606\/","title":{"rendered":"Pr\u00e8s de Grenoble: un b\u00e2timent pour les start-up industrielles pr\u00e9vu en 2029"},"content":{"rendered":"<p>A <strong>Grenoble<\/strong>, on connaissait les BHT1, BHT2 et <a href=\"https:\/\/mesinfos.fr\/38000-grenoble\/minatec-receptionne-son-troisieme-batiment-haute-technologie-197264.html\" rel=\"noopener\" target=\"_blank\">BHT3<\/a>. D\u00e9sormais, il faudra compter avec le <strong>BHT Fab,<\/strong> une <strong>offre immobili\u00e8re <\/strong>\u00e0 destination des <strong>start-up innovantes<\/strong>, qualifi\u00e9e par les porteurs du projet, d&rsquo;<strong>in\u00e9dite <\/strong>sur le territoire grenoblois, voire national. <\/p>\n<p>Un projet BHT Fab aux portes de Grenoble pour les start-up pr\u00eates \u00e0 passer \u00e0 l&rsquo;\u00e9chelle\u00a0 <\/p>\n<p>Contrairement aux trois BHT existants, ce projet d&rsquo;immobilier d&rsquo;entreprise, qui verra le jour d&rsquo;ici 2029 sur un terrain de 2 500 m2 au sein de la <strong>zone d&rsquo;activit\u00e9s Porte de Chartreuse<\/strong>, situ\u00e9e \u00e0 cheval sur les communes is\u00e9roises de <strong>Saint-\u00c9gr\u00e8ve<\/strong> et du <strong>Fontanil-Cornillon<\/strong>, n&rsquo;est pas port\u00e9 par la soci\u00e9t\u00e9 d&rsquo;\u00e9conomie mixte (Sem) Minatec Entreprises. <\/p>\n<p>Ainsi, une <strong>filiale de Minatec Entreprises<\/strong> a \u00e9t\u00e9 sp\u00e9cialement cr\u00e9\u00e9e en vue de ce projet. Il s&rsquo;agit de la SAS BHT Fab, dont les actionnaires sont la Sem, la Caisse des d\u00e9p\u00f4ts et consignations, le Cr\u00e9dit agricole Sud-Rh\u00f4ne-Alpes, la Caisse d\u2019\u00c9pargne Rh\u00f4ne-Alpes et le <a href=\"https:\/\/mesinfos.fr\/auvergne-rhone-alpes\/patrice-lafargue-groupe-idec-s-integrer-a-une-region-dynamique-comme-grenoble-c-est-interessant-114500.html\" rel=\"noopener\" target=\"_blank\">groupe Idec<\/a>.\u00a0<strong>Pierre-\u00c9douard Cardinal<\/strong>, directeur g\u00e9n\u00e9ral de la Sem, en est son pr\u00e9sident. <\/p>\n<p>Permettre aux start-up de r\u00e9duire le \u00ab\u00a0time to market\u00a0\u00bb <\/p>\n<p>Autre singularit\u00e9 du BHT Fab, il s&rsquo;adresse \u00e0 des <strong>start-up fran\u00e7aises et europ\u00e9ennes<\/strong>, \u00e0 \u00ab\u00a0haute intensit\u00e9 technologique\u00a0\u00bb &#8211; en particulier dans le domaine strat\u00e9gique du <a href=\"https:\/\/mesinfos.fr\/38000-grenoble\/ordinateurs-quantiques-la-start-up-grenobloise-quobly-prepare-son-industrialisation-215896.html\" rel=\"noopener\" target=\"_blank\">quantique <\/a>&#8211; qui sont pr\u00eates \u00e0 basculer sur l&rsquo;industrialisation. \u00ab\u00a0Nous ciblons des start-up qui se trouvent \u00e0 un moment-cl\u00e9 de leur d\u00e9veloppement : entre le d\u00e9monstrateur industriel et la premi\u00e8re usine de production \u00e0 l&rsquo;\u00e9chelle, commente Pierre-\u00c9douard Cardinal. C&rsquo;est ce qu&rsquo;on appelle la vall\u00e9e de la mort, poursuit-il. Cela n\u00e9cessite, pour ces soci\u00e9t\u00e9s, des investissements consid\u00e9rables, et une expertise singuli\u00e8re.\u00a0\u00bb<\/p>\n<blockquote>\n<p>\u00a0Construire une usine prend beaucoup de temps. Un des objectifs du BHT Fab est justement de venir r\u00e9duire le \u00ab\u00a0time to market\u00a0\u00bb, \u00e0 savoir l&rsquo;arriv\u00e9e sur le march\u00e9 de ces technologies de rupture.\u00a0\u00bb <\/p>\n<\/blockquote>\n<p>  Deux grands b\u00e2timents m\u00ealant bureaux, laboratoires et salles blanches industrielles <img decoding=\"async\" alt=\"\" class=\"img-size-limited\" data-zoomable=\"\" height=\"1501\" loading=\"lazy\" src=\"https:\/\/www.europesays.com\/fr\/wp-content\/uploads\/2025\/05\/img-20250521-121606.jpg\" title=\"\u00a9 Thomas Richardson - Comme avec le BHT 3, le futur BHT Fab disposera de tous les \u00e9quipements techniques pour accueillir des salles blanches.\" width=\"2000\"\/> \u00a9 Thomas Richardson &#8211; Comme dans le BHT 3, le futur BHT Fab disposera de tous les \u00e9quipements techniques pour des salles blanches. <\/p>\n<p><strong>Deux b\u00e2timents <\/strong>sont pr\u00e9vus sur la parcelle c\u00e9d\u00e9e par la M\u00e9tropole de Grenoble : le premier BHT Fab, d&rsquo;une surface de <strong>15 000 m2 <\/strong>verra le jour d&rsquo;ici 2028. Le second, d&rsquo;une surface de 10 000 voire 12 000 m2, avec un maximum de salles blanches industrielles, est pr\u00e9vu dans un second temps (sans date). Le <strong>co\u00fbt <\/strong>pour le premier b\u00e2timent est estim\u00e9 <strong>entre 40 et 50 millions d&rsquo;euros<\/strong>, un peu moins pour le second. La SAS a d\u00e9j\u00e0 s\u00e9curis\u00e9 un <strong>financement <\/strong>de <strong>15 millions d&rsquo;euros <\/strong>aupr\u00e8s de ses <strong>actionnaires <\/strong>et entend solliciter un soutien de Bpifrance et de l\u2019\u00c9tat via le plan <a href=\"https:\/\/mesinfos.fr\/auvergne-rhone-alpes\/france-2030-avec-411-projets-beneficiaires-l-isere-en-tete-au-niveau-regional-222558.html\" rel=\"noopener\" target=\"_blank\">France 2030<\/a>. <\/p>\n<p>Le cahier des charges de la SAS BHT Fab pr\u00e9voit trois parties distinctes pour le premier b\u00e2timent du projet : environ <strong>4 500 m2 de bureaux\/laboratoires <\/strong>en R+5, <strong>3 000 m2 de salles blanches industrielles <\/strong>en R+3 et un<strong> centre technique<\/strong> d\u00e9di\u00e9 \u00e0 la production mutualis\u00e9e des fluides et des gaz vecteurs n\u00e9cessaires au bon fonctionnement du b\u00e2timent, qui sera g\u00e9r\u00e9 par <strong>Engie<\/strong>. <\/p>\n<blockquote>\n<p>\u00ab\u00a0Avec une hauteur de 36 m, ce sera le b\u00e2timent industriel le plus haute sur le territoire de la M\u00e9tropole de Grenoble, indique Guy Jullien, vice-pr\u00e9sident de Grenoble Alpes M\u00e9tropole en charge de l&rsquo;\u00e9conomie. La hauteur maximale dans les zones d&rsquo;activit\u00e9s est de 20 m, cela n\u00e9cessitera de modifier le plan local d&rsquo;urbanisme intercommunal.\u00a0\u00bb <\/p>\n<\/blockquote>\n<p>Confront\u00e9e \u00e0 une <a href=\"https:\/\/mesinfos.fr\/auvergne-rhone-alpes\/la-metropole-de-grenoble-lance-sa-strategie-economique-pour-2030-116971.html\" rel=\"noopener\" target=\"_blank\">rar\u00e9faction du foncier \u00e9conomique <\/a>disponible, la M\u00e9tropole souhaite favoriser les projets avec des b\u00e2timents plus hauts et plus denses qui permettent une activit\u00e9 de <strong>production dans les \u00e9tages<\/strong>. <\/p>\n<p>A noter que le <strong>choix <\/strong>de l&rsquo;<strong>architecte <\/strong>et du <strong>constructeur <\/strong>sera arr\u00eat\u00e9 d&rsquo;ici <strong>fin 2025.<\/strong><\/p>\n","protected":false},"excerpt":{"rendered":"A Grenoble, on connaissait les BHT1, BHT2 et BHT3. D\u00e9sormais, il faudra compter avec le BHT Fab, une&hellip;\n","protected":false},"author":2,"featured_media":118607,"comment_status":"","ping_status":"","sticky":false,"template":"","format":"standard","meta":{"footnotes":""},"categories":[9566],"tags":[1111,11,2430,1777,674,1011,27,2731,7658,23947,12,23948,25,675],"class_list":{"0":"post-118606","1":"post","2":"type-post","3":"status-publish","4":"format-standard","5":"has-post-thumbnail","7":"category-grenoble","8":"tag-actu","9":"tag-actualites","10":"tag-auvergne-rhone-alpes","11":"tag-eu","12":"tag-europe","13":"tag-fr","14":"tag-france","15":"tag-grenoble","16":"tag-immobilier-dentreprise","17":"tag-industrialisation","18":"tag-news","19":"tag-passage-u00e0-lu00e9chelle","20":"tag-republique-francaise","21":"tag-start-up"},"share_on_mastodon":{"url":"https:\/\/pubeurope.com\/@fr\/114549746770638121","error":""},"_links":{"self":[{"href":"https:\/\/www.europesays.com\/fr\/wp-json\/wp\/v2\/posts\/118606","targetHints":{"allow":["GET"]}}],"collection":[{"href":"https:\/\/www.europesays.com\/fr\/wp-json\/wp\/v2\/posts"}],"about":[{"href":"https:\/\/www.europesays.com\/fr\/wp-json\/wp\/v2\/types\/post"}],"author":[{"embeddable":true,"href":"https:\/\/www.europesays.com\/fr\/wp-json\/wp\/v2\/users\/2"}],"replies":[{"embeddable":true,"href":"https:\/\/www.europesays.com\/fr\/wp-json\/wp\/v2\/comments?post=118606"}],"version-history":[{"count":0,"href":"https:\/\/www.europesays.com\/fr\/wp-json\/wp\/v2\/posts\/118606\/revisions"}],"wp:featuredmedia":[{"embeddable":true,"href":"https:\/\/www.europesays.com\/fr\/wp-json\/wp\/v2\/media\/118607"}],"wp:attachment":[{"href":"https:\/\/www.europesays.com\/fr\/wp-json\/wp\/v2\/media?parent=118606"}],"wp:term":[{"taxonomy":"category","embeddable":true,"href":"https:\/\/www.europesays.com\/fr\/wp-json\/wp\/v2\/categories?post=118606"},{"taxonomy":"post_tag","embeddable":true,"href":"https:\/\/www.europesays.com\/fr\/wp-json\/wp\/v2\/tags?post=118606"}],"curies":[{"name":"wp","href":"https:\/\/api.w.org\/{rel}","templated":true}]}}