{"id":118608,"date":"2025-05-22T05:07:08","date_gmt":"2025-05-22T05:07:08","guid":{"rendered":"https:\/\/www.europesays.com\/fr\/118608\/"},"modified":"2025-05-22T05:07:08","modified_gmt":"2025-05-22T05:07:08","slug":"apres-une-remise-a-neuf-la-guinguette-du-mem-va-bientot-rouvrir-a-rennes-voici-quand","status":"publish","type":"post","link":"https:\/\/www.europesays.com\/fr\/118608\/","title":{"rendered":"Apr\u00e8s une remise \u00e0 neuf, la guinguette du MeM va bient\u00f4t rouvrir \u00e0 Rennes : voici quand"},"content":{"rendered":"<p>            Par<br \/>\n        <strong><br \/>\n            <a href=\"https:\/\/actu.fr\/auteur\/lou-batteux\" title=\"Consulter tous les articles de Lou Batteux\" rel=\"nofollow noopener\" target=\"_blank\">Lou Batteux<\/a><br \/>\n        <\/strong><\/p>\n<p>        Publi\u00e9 le<\/p>\n<p>            22 mai 2025 \u00e0 6h32        <\/p>\n<p>Vous l\u2019attendiez, elle arrive. <strong>\u00c0 partir du mercredi<\/strong> <strong>28 mai 2025<\/strong> <strong>\u00e0 12h<\/strong>, les Rennaises et Rennais pourront red\u00e9couvrir l\u2019incontournable guinguette du MeM, situ\u00e9e \u00e0 la Piverdi\u00e8re, route de Sainte-Foix, \u00e0 Rennes.<\/p>\n<p class=\" wall-content\">Si cette guinguette, \u00e9tablie en bord de Vilaine, ouvre avec un peu de retard, c\u2019est parce qu\u2019elle s\u2019est refait une beaut\u00e9 en dehors de la p\u00e9riode estivale.<\/p>\n<blockquote class=\"ac-article-quote wall-content\">\n<p>Pendant cette p\u00e9riode de pause, le site a \u00e9t\u00e9 repens\u00e9 pour proposer un nouvel espace<br \/>\nconvivial, capable d\u2019accueillir tous les publics.<\/p>\n<p>    <strong>L&rsquo;\u00e9quipe du MeM<\/strong>\n            <\/p><\/blockquote>\n<p>Du nouveau au menu<\/p>\n<p class=\" wall-content\">La carte, quant \u00e0 elle, a \u00e9galement \u00e9t\u00e9 revisit\u00e9e. Elle proposera notamment de la <strong>\u00ab\u00a0petite restauration cuisin\u00e9e maison\u00a0\u00bb<\/strong> telle que des pizzas, des salades, des tartinables (houmous, rillettes de poisson\u2026), ou encore des douceurs sucr\u00e9es.<\/p>\n<p class=\" wall-content\">Chaque week-end jusqu\u2019\u00e0 <strong>septembre<\/strong>, vous pourrez y d\u00e9guster des <strong>viandes grill\u00e9es au barbecue<\/strong> et des <strong>options v\u00e9g\u00e9tariennes<\/strong> seront par ailleurs disponibles \u00ab\u00a0pour satisfaire toutes les envies\u00a0\u00bb.<\/p>\n<p>Vid\u00e9os : en ce moment sur ActuPlusieurs animations tout l\u2019\u00e9t\u00e9<\/p>\n<p class=\" wall-content\">Comme d\u2019autres guinguettes, le MeM proposera de boire un verre au bord de l\u2019eau tout en assistant \u00e0 un concert. Tous les soirs, du jeudi au dimanche, <strong>elle organise des \u00e9v\u00e8nements vari\u00e9s, comme des DJ sets.<\/strong><\/p>\n<p class=\" wall-content\">Cours de pilates, yoga, danse, jeux\u2026 Des activit\u00e9s en plein air organis\u00e9es avec des associations locales auront aussi lieu.<\/p>\n<p>De nouvelles capacit\u00e9s d\u2019accueil\u00a0<\/p>\n<p class=\" wall-content\">Pour faciliter la venue de tous, un chemin de halage a \u00e9t\u00e9 cr\u00e9\u00e9 en plus de nombreux emplacements pour les v\u00e9los et un parking \u00e0 proximit\u00e9. Le lieu, reconfigur\u00e9, dispose d\u00e9sormais de <strong>800 places assises<\/strong>.<\/p>\n<p>La Guinguette du MeM est ouverte 7 jours sur 7, retrouvez plus d\u2019informations sur les horaires d\u2019ouverture ainsi que sur la composition de la carte sur le site\u00a0<a href=\"https:\/\/www.lemem.fr\/presentation-lemem\/#guinguette\" rel=\"nofollow noopener\" target=\"_blank\">lemem.fr<\/a>.<\/p>\n<p class=\" wall-content\">Suivez toute l\u2019actualit\u00e9 de vos villes et m\u00e9dias favoris en vous inscrivant \u00e0 <a href=\"https:\/\/moncompte.actu.fr\" title=\"D\u00e9couvez Mon Actu\" rel=\"nofollow noopener\" data-trk=\"{&quot;cta&quot;:{&quot;action&quot;:&quot;https:\\\/\\\/moncompte.actu.fr&quot;,&quot;category&quot;:&quot;mon compte&quot;,&quot;from&quot;:&quot;article footer&quot;,&quot;name&quot;:&quot;Mon actu&quot;,&quot;type&quot;:&quot;cta&quot;}}\" target=\"_blank\">Mon Actu<\/a>.<\/p>\n","protected":false},"excerpt":{"rendered":"Par Lou Batteux Publi\u00e9 le 22 mai 2025 \u00e0 6h32 Vous l\u2019attendiez, elle arrive. \u00c0 partir du mercredi&hellip;\n","protected":false},"author":2,"featured_media":118609,"comment_status":"","ping_status":"","sticky":false,"template":"","format":"standard","meta":{"footnotes":""},"categories":[2821],"tags":[1111,11,829,1697,1777,674,1011,27,5691,1652,12,584,25,1340],"class_list":{"0":"post-118608","1":"post","2":"type-post","3":"status-publish","4":"format-standard","5":"has-post-thumbnail","7":"category-rennes","8":"tag-actu","9":"tag-actualites","10":"tag-bretagne","11":"tag-concert","12":"tag-eu","13":"tag-europe","14":"tag-fr","15":"tag-france","16":"tag-guinguette","17":"tag-loisirs-culture","18":"tag-news","19":"tag-rennes","20":"tag-republique-francaise","21":"tag-restaurant"},"share_on_mastodon":{"url":"https:\/\/pubeurope.com\/@fr\/114549754656632216","error":""},"_links":{"self":[{"href":"https:\/\/www.europesays.com\/fr\/wp-json\/wp\/v2\/posts\/118608","targetHints":{"allow":["GET"]}}],"collection":[{"href":"https:\/\/www.europesays.com\/fr\/wp-json\/wp\/v2\/posts"}],"about":[{"href":"https:\/\/www.europesays.com\/fr\/wp-json\/wp\/v2\/types\/post"}],"author":[{"embeddable":true,"href":"https:\/\/www.europesays.com\/fr\/wp-json\/wp\/v2\/users\/2"}],"replies":[{"embeddable":true,"href":"https:\/\/www.europesays.com\/fr\/wp-json\/wp\/v2\/comments?post=118608"}],"version-history":[{"count":0,"href":"https:\/\/www.europesays.com\/fr\/wp-json\/wp\/v2\/posts\/118608\/revisions"}],"wp:featuredmedia":[{"embeddable":true,"href":"https:\/\/www.europesays.com\/fr\/wp-json\/wp\/v2\/media\/118609"}],"wp:attachment":[{"href":"https:\/\/www.europesays.com\/fr\/wp-json\/wp\/v2\/media?parent=118608"}],"wp:term":[{"taxonomy":"category","embeddable":true,"href":"https:\/\/www.europesays.com\/fr\/wp-json\/wp\/v2\/categories?post=118608"},{"taxonomy":"post_tag","embeddable":true,"href":"https:\/\/www.europesays.com\/fr\/wp-json\/wp\/v2\/tags?post=118608"}],"curies":[{"name":"wp","href":"https:\/\/api.w.org\/{rel}","templated":true}]}}