{"id":118610,"date":"2025-05-22T05:08:08","date_gmt":"2025-05-22T05:08:08","guid":{"rendered":"https:\/\/www.europesays.com\/fr\/118610\/"},"modified":"2025-05-22T05:08:08","modified_gmt":"2025-05-22T05:08:08","slug":"pourquoi-il-est-parfois-moins-cher-daller-jusquen-allemagne-pour-venir-a-strasbourg","status":"publish","type":"post","link":"https:\/\/www.europesays.com\/fr\/118610\/","title":{"rendered":"pourquoi il est parfois moins cher d\u2019aller jusqu\u2019en Allemagne pour venir \u00e0 Strasbourg"},"content":{"rendered":"<p>            Par<br \/>\n        <strong><br \/>\n            <a href=\"https:\/\/actu.fr\/auteur\/ivan-capecchi\" title=\"Consulter tous les articles de Ivan CAPECCHI\" target=\"_blank\" rel=\"noopener\">Ivan CAPECCHI<\/a><br \/>\n        <\/strong><\/p>\n<p>        Publi\u00e9 le<\/p>\n<p>            22 mai 2025 \u00e0 7h02        <\/p>\n<p>Il arrive parfois que des voyageurs \u00e0 destination de <strong>Strasbourg<\/strong> trouvent des <strong>billets moins chers en r\u00e9servant jusqu\u2019\u00e0 une ville allemande voisine<\/strong>, comme <strong>Offenburg<\/strong> ou <strong>Karlsruhe<\/strong>.<\/p>\n<p class=\" wall-content\">Comment expliquer une telle situation ? On fait le point.<\/p>\n<p>Yield management<\/p>\n<p class=\" wall-content\">Ce paradoxe s\u2019explique par la<strong> politique de tarification dynamique<\/strong> utilis\u00e9e par la <a href=\"https:\/\/actu.fr\/tag\/sncf\" target=\"_blank\" rel=\"noopener\">SNCF<\/a> et d\u2019autres compagnies ferroviaires, appel\u00e9e yield management. Ce syst\u00e8me <strong>ajuste les prix en temps r\u00e9el en fonction de la demande, du remplissage du train et du moment de la r\u00e9servation<\/strong>.<\/p>\n<p class=\" wall-content\">R\u00e9sultat : un <strong>trajet Paris-Strasbourg direct<\/strong> peut co\u00fbter plus cher qu\u2019un trajet <strong>Paris-Offenburg<\/strong>, m\u00eame si Strasbourg se trouve avant sur le parcours.<\/p>\n<p class=\" wall-content\">Pour les voyageurs, r\u00e9server jusqu\u2019\u00e0 une ville allemande et simplement descendre \u00e0 Strasbourg permet donc parfois de payer moins cher, \u00e0 service \u00e9quivalent.<\/p>\n<p>La SNCF s\u2019explique<\/p>\n<p class=\" wall-content\">Sollicit\u00e9e sur ce paradoxe tarifaire, la SNCF confirme que des \u00e9carts de prix peuvent exister en raison du yield management.<\/p>\n<p class=\" wall-content\">Sur les lignes nationales, les <a href=\"https:\/\/actu.fr\/economie\/sncf-les-billets-de-trains-sont-ils-vraiment-si-chers-que-ca_54813486.html\" target=\"_blank\" rel=\"noopener\">prix des billets<\/a> augmentent petit \u00e0 petit \u00e0 mesure que le train se remplit. En principe, plus on va loin, plus le billet est cher. Mais il arrive qu\u2019une ville situ\u00e9e avant la destination finale, comme Strasbourg, affiche des prix plus \u00e9lev\u00e9s que la ville suivante, comme Offenburg. <strong>Cela s\u2019explique par le fait que les billets pour Strasbourg se vendent plus vite, ce qui fait grimper automatiquement leur prix<\/strong>.<\/p>\n<p class=\" wall-content\">Une situation qui \u00ab\u00a0reste tr\u00e8s limit\u00e9e par rapport au nombre de destinations propos\u00e9es quotidiennement\u00a0\u00bb, argue la SNCF.<\/p>\n<p>Le cas des trains internationaux\u00a0<\/p>\n<p class=\" wall-content\">La SNCF pr\u00e9cise \u00e9galement que les trains internationaux, comme ceux reliant Paris \u00e0 Mannheim via Strasbourg, ont pour vocation premi\u00e8re de transporter des voyageurs entre pays, <strong>et non de se substituer \u00e0 l\u2019offre domestique<\/strong>.<\/p>\n<p class=\" wall-content\">Ces trains, souvent op\u00e9r\u00e9s en coop\u00e9ration avec d\u2019autres compagnies comme la <strong>Deutsche Bahn<\/strong>, r\u00e9pondent \u00e0 une <strong>logique tarifaire propre<\/strong>, influenc\u00e9e par les <strong>accords bilat\u00e9raux<\/strong>, les <strong>cartes de r\u00e9duction nationales<\/strong> et les <strong>politiques commerciales sp\u00e9cifiques<\/strong>.<\/p>\n<p class=\" wall-content\">Ces sp\u00e9cificit\u00e9s peuvent <strong>accentuer les \u00e9carts de prix sur un m\u00eame trajet<\/strong>, selon la destination finale choisie.<\/p>\n<p class=\" wall-content\">Suivez toute l\u2019actualit\u00e9 de vos villes et m\u00e9dias favoris en vous inscrivant \u00e0 <a href=\"https:\/\/moncompte.actu.fr\" title=\"D\u00e9couvez Mon Actu\" rel=\"nofollow noopener\" data-trk=\"{&quot;cta&quot;:{&quot;action&quot;:&quot;https:\\\/\\\/moncompte.actu.fr&quot;,&quot;category&quot;:&quot;mon compte&quot;,&quot;from&quot;:&quot;article footer&quot;,&quot;name&quot;:&quot;Mon actu&quot;,&quot;type&quot;:&quot;cta&quot;}}\" target=\"_blank\">Mon Actu<\/a>.<\/p>\n","protected":false},"excerpt":{"rendered":"Par Ivan CAPECCHI Publi\u00e9 le 22 mai 2025 \u00e0 7h02 Il arrive parfois que des voyageurs \u00e0 destination&hellip;\n","protected":false},"author":2,"featured_media":118611,"comment_status":"","ping_status":"","sticky":false,"template":"","format":"standard","meta":{"footnotes":""},"categories":[2820],"tags":[1111,11,33,1777,674,1011,27,775,12,2922,25,2215,640,2803],"class_list":{"0":"post-118610","1":"post","2":"type-post","3":"status-publish","4":"format-standard","5":"has-post-thumbnail","7":"category-strasbourg","8":"tag-actu","9":"tag-actualites","10":"tag-economie","11":"tag-eu","12":"tag-europe","13":"tag-fr","14":"tag-france","15":"tag-grand-est","16":"tag-news","17":"tag-pouvoir-dachat","18":"tag-republique-francaise","19":"tag-sncf","20":"tag-strasbourg","21":"tag-transport"},"share_on_mastodon":{"url":"https:\/\/pubeurope.com\/@fr\/114549758782454040","error":""},"_links":{"self":[{"href":"https:\/\/www.europesays.com\/fr\/wp-json\/wp\/v2\/posts\/118610","targetHints":{"allow":["GET"]}}],"collection":[{"href":"https:\/\/www.europesays.com\/fr\/wp-json\/wp\/v2\/posts"}],"about":[{"href":"https:\/\/www.europesays.com\/fr\/wp-json\/wp\/v2\/types\/post"}],"author":[{"embeddable":true,"href":"https:\/\/www.europesays.com\/fr\/wp-json\/wp\/v2\/users\/2"}],"replies":[{"embeddable":true,"href":"https:\/\/www.europesays.com\/fr\/wp-json\/wp\/v2\/comments?post=118610"}],"version-history":[{"count":0,"href":"https:\/\/www.europesays.com\/fr\/wp-json\/wp\/v2\/posts\/118610\/revisions"}],"wp:featuredmedia":[{"embeddable":true,"href":"https:\/\/www.europesays.com\/fr\/wp-json\/wp\/v2\/media\/118611"}],"wp:attachment":[{"href":"https:\/\/www.europesays.com\/fr\/wp-json\/wp\/v2\/media?parent=118610"}],"wp:term":[{"taxonomy":"category","embeddable":true,"href":"https:\/\/www.europesays.com\/fr\/wp-json\/wp\/v2\/categories?post=118610"},{"taxonomy":"post_tag","embeddable":true,"href":"https:\/\/www.europesays.com\/fr\/wp-json\/wp\/v2\/tags?post=118610"}],"curies":[{"name":"wp","href":"https:\/\/api.w.org\/{rel}","templated":true}]}}