{"id":118612,"date":"2025-05-22T05:09:10","date_gmt":"2025-05-22T05:09:10","guid":{"rendered":"https:\/\/www.europesays.com\/fr\/118612\/"},"modified":"2025-05-22T05:09:10","modified_gmt":"2025-05-22T05:09:10","slug":"strasbourg-chez-apollonia-lecole-europeenne-envisage-une-europe-aux-1-000-visages","status":"publish","type":"post","link":"https:\/\/www.europesays.com\/fr\/118612\/","title":{"rendered":"Strasbourg. Chez Apollonia, l\u2019\u00c9cole europ\u00e9enne envisage une Europe aux 1\u00a0000 visages"},"content":{"rendered":"<p>C\u2019est devenu un rendez-vous annuel\u00a0; une concr\u00e9tisation des liens tiss\u00e9s entre l\u2019Espace Apollonia et l\u2019\u00c9cole europ\u00e9enne, les deux voisins directs qui marquent (avec le Lieu d\u2019Europe) l\u2019entr\u00e9e de la Robertsau. <a href=\"https:\/\/www.dna.fr\/environnement\/2025\/05\/17\/deguster-une-tarte-flambee-tout-en-profitant-d-une-expo-en-plein-air-l-ete-est-lance-au-b-art-garden-d-apollonia\" target=\"_blank\" rel=\"noopener\">Quiconque fr\u00e9quente le B\u2019Art Garden<\/a> a d\u00e9j\u00e0 vu les \u00e9l\u00e8ves de l\u2019une investir le jardin de l\u2019autre\u00a0; et ce mercredi 21\u00a0mai matin, c\u2019est dans l\u2019espace d\u2019exposition que la professeure d\u2019\u00e9ducation artistique Vanessa Lenzi a d\u00e9localis\u00e9 son cours. M\u00eame le directeur de l\u2019\u00e9cole, Jean-Marc Aubry, a fait un crochet pour suivre les pr\u00e9paratifs.<\/p>\n<p>Du 23\u00a0mai au 11\u00a0juin, <a href=\"https:\/\/www.dna.fr\/culture-loisirs\/2024\/05\/16\/artissimo-mele-les-sons-et-les-couleurs-chez-apollonia\" target=\"_blank\" rel=\"noopener\">Apollonia accueille (pour la quatri\u00e8me fois) une exposition de travaux d\u2019\u00e9l\u00e8ves<\/a> , offrant un \u00e9crin exceptionnel \u00e0 leur cr\u00e9ativit\u00e9.<\/p>\n<p>Encadr\u00e9s par Vanessa Lenzi, sa coll\u00e8gue S\u00e9verine Pichon et d\u2019autres professeurs\u00a0; soutenus par Lucie, Rosa, Maxime et Kerem, quatre \u00e9l\u00e8ves ayant particip\u00e9 au dernier Festival des arts et de la musique dans les \u00e9coles europ\u00e9ennes (Fames) \u00e0 Bruxelles, ils ont travaill\u00e9 sur le th\u00e8me de \u00ab\u00a0La diversit\u00e9 de l\u2019Europe\u00a0\u00bb, l\u2019interpr\u00e9tant de diverses mani\u00e8res, via de multiples techniques et sur divers supports.<\/p>\n<p>Guid\u00e9s par Chlo\u00e9 et Tanya, deux \u00e9l\u00e8ves de terminale qui avaient assur\u00e9 le commissariat de l\u2019exposition l\u2019an dernier, m\u00eame les enfants de maternelle et de primaire ont particip\u00e9 \u00e0 la grande fresque aux \u00ab\u00a01\u00a0000 visages\u00a0\u00bb qui donne son titre \u00e0 l\u2019exposition.<\/p>\n<p>Ce contenu est bloqu\u00e9 car vous n&rsquo;avez pas accept\u00e9 les cookies et autres traceurs.<\/p>\n<p>En cliquant sur \u00ab J\u2019accepte \u00bb, les cookies et autres traceurs seront d\u00e9pos\u00e9s et vous pourrez visualiser les contenus  (<a href=\"\" class=\"consentModule_policy\" target=\"_blank\" title=\"Consulter la politique de protection des donn\u00e9es du fournisseur\">plus d&rsquo;informations<\/a>).<\/p>\n<p>En cliquant sur \u00ab J\u2019accepte tous les cookies \u00bb, vous autorisez des d\u00e9p\u00f4ts de cookies et autres traceurs pour le stockage de vos donn\u00e9es sur nos sites et applications \u00e0 des fins de personnalisation et de ciblage publicitaire.<\/p>\n<p class=\"consentModule_secondaryText\">Vous gardez la possibilit\u00e9 de retirer votre consentement \u00e0 tout moment en consultant notre <a href=\"https:\/\/www.dna.fr\/protection-des-donnees\" target=\"_blank\" title=\"Consulter notre politique de protection des donn\u00e9es\" rel=\"noopener\">politique de protection des donn\u00e9es<\/a>. <br \/>&#13;<br \/>\n            <a href=\"https:\/\/www.dna.fr\/culture-loisirs\/2025\/05\/22\/javascript:Didomi.notice.show()\" class=\"consentModule_cmp\" target=\"_blank\" rel=\"noopener\">G\u00e9rer mes choix<\/a>&#13;\n        <\/p>\n<p>&#13;<br \/>\n                        J&rsquo;accepte&#13;<br \/>\n            J&rsquo;accepte tous les cookies&#13;\n        <\/p>\n<p>  Les \u00e9l\u00e8ves exposent<\/p>\n<p>Une s\u00e9rie d\u2019autoportraits en noir et blanc librement inspir\u00e9s du travail de Julie Doucet, \u00e9maill\u00e9e de mots imprim\u00e9s qui r\u00e9v\u00e8lent ce que les \u00e9l\u00e8ves aiment le plus dans leur pays, de Versailles au\u2026 Schnitzel\u00a0!<\/p>\n<p>Les S2 (5e ) se sont inspir\u00e9s de Calder pour construire des mobiles aux formes abstraites qui, accroch\u00e9s c\u00f4te \u00e0 c\u00f4te, composent un mobile g\u00e9ant. D\u2019autres pr\u00e9sentent leur vision de la diversit\u00e9 sur des planches de BD dont les bulles ne rec\u00e8lent que des onomatop\u00e9es. Un groupe a enregistr\u00e9 un podcast et cr\u00e9\u00e9 des \u0153uvres suite \u00e0 un voyage scolaire \u00e0 Venise\u00a0; un autre a explor\u00e9 la photo noir et blanc avec La Chambre.<\/p>\n<p>Des \u00e9l\u00e8ves (y compris du coll\u00e8ge Foch) ont travaill\u00e9 avec S\u00e9verine Pichon et l\u2019artiste Coralie Lhote autour de la s\u00e9rigraphie, en r\u00e9interpr\u00e9tant librement drapeaux et fanions. La s\u00e9rigraphie a aussi \u00e9t\u00e9 utilis\u00e9e pour composer les superbes affiches, r\u00e9unissant douze visages imagin\u00e9s avec la graphiste Sarah Lang. De touchantes installations, o\u00f9 il est question d\u2019objets de transmission, \u00e9maillent en outre l\u2019exposition, disant chacune quelque chose, comme pour Erin ou Irina, des racines et de l\u2019histoire familiale.<\/p>\n<p><a href=\"https:\/\/www.dna.fr\/culture-loisirs\/2024\/06\/07\/apollonia-et-l-ecole-europeenne-en-quete-d-espaces-communs\" target=\"_blank\" rel=\"noopener\">\u00ab\u00a0Pour les \u00e9l\u00e8ves, c\u2019est une tr\u00e8s belle opportunit\u00e9 d\u2019exposer ici\u00a0\u00bb, salue Jean-Marc Aubry, qui esp\u00e8re d\u00e9velopper encore les ponts avec Apollonia dans le futur.<\/a> \u00ab\u00a0Et ils le font avec beaucoup de talent\u00a0!\u00a0\u00bb souligne le directeur d\u2019Apollonia, Dimitri Konstantinidis, bluff\u00e9 par la mani\u00e8re dont ils ont su s\u2019approprier la mati\u00e8re et les th\u00e9matiques pour les transformer en art contemporain.<\/p>\n<p class=\"note\">\u201c1 Europe &#8211; 1\u00a0000 visages\u201d, du 23\u00a0mai au 11\u00a0juin, du mardi au dimanche de 14\u00a0h \u00e0 18\u00a0h, Espace Apollonia, 23, rue Boecklin \u00e0 Strasbourg. Vernissage ce jeudi 22\u00a0mai \u00e0 16\u00a0h\u00a030 (pr\u00e9sentation, petit d\u00e9fil\u00e9, cuisine du monde, flash mob\u2026). Entr\u00e9e libre.<\/p>\n","protected":false},"excerpt":{"rendered":"C\u2019est devenu un rendez-vous annuel\u00a0; une concr\u00e9tisation des liens tiss\u00e9s entre l\u2019Espace Apollonia et l\u2019\u00c9cole europ\u00e9enne, les deux&hellip;\n","protected":false},"author":2,"featured_media":118613,"comment_status":"","ping_status":"","sticky":false,"template":"","format":"standard","meta":{"footnotes":""},"categories":[2820],"tags":[1111,11,3599,1687,2880,1057,1777,674,2271,107,1011,27,775,3035,10425,12,2661,25,3140,640,2879],"class_list":{"0":"post-118612","1":"post","2":"type-post","3":"status-publish","4":"format-standard","5":"has-post-thumbnail","7":"category-strasbourg","8":"tag-actu","9":"tag-actualites","10":"tag-college-lycee","11":"tag-culture-loisirs","12":"tag-edition-strasbourg","13":"tag-education","14":"tag-eu","15":"tag-europe","16":"tag-exposition-arts-plastiques","17":"tag-fil-info","18":"tag-fr","19":"tag-france","20":"tag-grand-est","21":"tag-la-matinale-strasbourg","22":"tag-maternelle-elementaire","23":"tag-news","24":"tag-patrimoine-culturel","25":"tag-republique-francaise","26":"tag-spectacle","27":"tag-strasbourg","28":"tag-strasbourg-ville"},"share_on_mastodon":{"url":"https:\/\/pubeurope.com\/@fr\/114549762589447646","error":""},"_links":{"self":[{"href":"https:\/\/www.europesays.com\/fr\/wp-json\/wp\/v2\/posts\/118612","targetHints":{"allow":["GET"]}}],"collection":[{"href":"https:\/\/www.europesays.com\/fr\/wp-json\/wp\/v2\/posts"}],"about":[{"href":"https:\/\/www.europesays.com\/fr\/wp-json\/wp\/v2\/types\/post"}],"author":[{"embeddable":true,"href":"https:\/\/www.europesays.com\/fr\/wp-json\/wp\/v2\/users\/2"}],"replies":[{"embeddable":true,"href":"https:\/\/www.europesays.com\/fr\/wp-json\/wp\/v2\/comments?post=118612"}],"version-history":[{"count":0,"href":"https:\/\/www.europesays.com\/fr\/wp-json\/wp\/v2\/posts\/118612\/revisions"}],"wp:featuredmedia":[{"embeddable":true,"href":"https:\/\/www.europesays.com\/fr\/wp-json\/wp\/v2\/media\/118613"}],"wp:attachment":[{"href":"https:\/\/www.europesays.com\/fr\/wp-json\/wp\/v2\/media?parent=118612"}],"wp:term":[{"taxonomy":"category","embeddable":true,"href":"https:\/\/www.europesays.com\/fr\/wp-json\/wp\/v2\/categories?post=118612"},{"taxonomy":"post_tag","embeddable":true,"href":"https:\/\/www.europesays.com\/fr\/wp-json\/wp\/v2\/tags?post=118612"}],"curies":[{"name":"wp","href":"https:\/\/api.w.org\/{rel}","templated":true}]}}