{"id":118622,"date":"2025-05-22T05:15:09","date_gmt":"2025-05-22T05:15:09","guid":{"rendered":"https:\/\/www.europesays.com\/fr\/118622\/"},"modified":"2025-05-22T05:15:09","modified_gmt":"2025-05-22T05:15:09","slug":"apres-lagression-dun-chauffeur-de-bus-greve-sur-le-reseau-tbm-ce-jeudi","status":"publish","type":"post","link":"https:\/\/www.europesays.com\/fr\/118622\/","title":{"rendered":"apr\u00e8s l\u2019agression d\u2019un chauffeur de bus, gr\u00e8ve sur le r\u00e9seau TBM ce jeudi"},"content":{"rendered":"<p>Le r\u00e9seau des transports en commun bordelais sera perturb\u00e9 aujourd\u2019hui. Plusieurs organisations syndicales appellent \u00e0 la gr\u00e8ve pour alerter notamment sur les questions de s\u00e9curit\u00e9s.<\/p>\n<p class=\"fig-paragraph\">Un\u00a0<a href=\"http:\/\/www.lefigaro.fr\/social\/la-greve-des-taxis-perturbe-la-circulation-sur-les-routes-d-ile-de-france-ce-mercredi-20250521\" data-fig-type=\"Article\" data-gtm-custom-categorie=\"navigation\" data-gtm-custom-action=\"crossclick\" data-gtm-custom-label=\"Contextuel\" data-gtm-event=\"customEventSPE\" data-fig-domain=\"LEFIGARO\" target=\"_blank\" rel=\"noopener\">mouvement de gr\u00e8ve<\/a>\u00a0va perturber le r\u00e9seau TBM, ce jeudi, \u00e0 Bordeaux. Un pr\u00e9avis de gr\u00e8ve a \u00e9t\u00e9 d\u00e9pos\u00e9 par plusieurs\u00a0<a href=\"http:\/\/www.lefigaro.fr\/social\/on-n-en-restera-pas-la-le-collectif-des-controleurs-et-sud-rail-brandissent-la-menace-d-une-nouvelle-greve-a-la-sncf-20250519\" data-fig-type=\"Article\" data-gtm-custom-categorie=\"navigation\" data-gtm-custom-action=\"crossclick\" data-gtm-custom-label=\"Contextuel\" data-gtm-event=\"customEventSPE\" data-fig-domain=\"LEFIGARO\" target=\"_blank\" rel=\"noopener\">syndicats<\/a>\u00a0(CGT, FO, CFTC, CFE-CGC). Ils r\u00e9clament plus de s\u00e9curit\u00e9 pour les salari\u00e9s, \u00abet plus particuli\u00e8rement les conducteurs bus, tramway et Mobibus, suite \u00e0 une recrudescence des agressions\u00bb.\u00a0<\/p>\n<p class=\"fig-paragraph\">La mobilisation fait suite \u00e0 la\u00a0<a href=\"http:\/\/www.lefigaro.fr\/bordeaux\/je-me-suis-vu-mourir-et-les-gens-ont-filme-au-lieu-d-agir-un-chauffeur-de-bus-bordelais-agresse-temoigne-20250512\" data-fig-type=\"NewsFlash\" data-gtm-custom-categorie=\"navigation\" data-gtm-custom-action=\"crossclick\" data-gtm-custom-label=\"Contextuel\" data-gtm-event=\"customEventSPE\" data-fig-domain=\"LEFIGARO\" target=\"_blank\" rel=\"noopener\">violente agression d\u2019un chauffeur de bus, le 7 mai dernier<\/a>. La victime s\u2019\u00e9tait vue prescrire 8 jours d\u2019ITT apr\u00e8s avoir re\u00e7u deux coups de poing, suivi d\u2019un coup de t\u00eate. L\u2019agresseur avait \u00e9t\u00e9 rapidement retrouv\u00e9 par la police, et a \u00e9t\u00e9 condamn\u00e9 \u00e0 six mois de prison avec sursis probatoire pendant deux ans, assortis d\u2019une obligation de soins, de travail, et d\u2019une interdiction de contact avec la victime. En f\u00e9vrier,\u00a0<a href=\"https:\/\/www.lefigaro.fr\/bordeaux\/nous-ne-sommes-plus-en-securite-emoi-dans-le-tramway-bordelais-apres-un-couteau-tire-lors-d-une-altercation-20250217?msockid=258c4318a154643d05395665a0ed65f9\" target=\"_blank\" data-fig-type=\"NewsFlash\" rel=\"noopener\" data-gtm-custom-categorie=\"navigation\" data-gtm-custom-action=\"crossclick\" data-gtm-custom-label=\"Contextuel\" data-gtm-event=\"customEventSPE\" data-fig-domain=\"LEFIGARO\">une dispute dans une rame du tramway avait failli virer au drame et s\u2019\u00e9tait achev\u00e9e \u00e0 couteau tir\u00e9<\/a>.<\/p>\n<p class=\"fig-paragraph\">La s\u00e9curit\u00e9 n\u2019est pas la seule revendication des syndicats. Ils d\u00e9plorent aussi \u00able manque d\u2019effectifs et de moyens dans les services d\u2019intervention\u00bb et r\u00e9clament plus de clart\u00e9 sur le droit de retrait des salari\u00e9s de la TBM.<\/p>\n<p>Quelques perturbations sur le trafic<\/p>\n<p class=\"fig-paragraph\">Le trafic des quatre lignes de tramways du\u00a0<a href=\"https:\/\/www.lefigaro.fr\/bordeaux\/pourquoi-bordeaux-est-elle-aussi-baptisee-le-port-de-la-lune-20240203?msockid=258c4318a154643d05395665a0ed65f9\" target=\"_blank\" data-fig-type=\"NewsFlash\" rel=\"noopener\" data-gtm-custom-categorie=\"navigation\" data-gtm-custom-action=\"crossclick\" data-gtm-custom-label=\"Contextuel\" data-gtm-event=\"customEventSPE\" data-fig-domain=\"LEFIGARO\">Port de la Lune<\/a>\u00a0sera proche des fr\u00e9quences normales. Les tramways A et B circuleront toutes les 5 minutes, tandis que les lignes C et D circuleront toutes les 7 minutes 30 en moyenne.<\/p>\n<p class=\"fig-paragraph\">La fr\u00e9quence de passage des bus sera, quant \u00e0 elle, un peu moins r\u00e9guli\u00e8re qu\u2019\u00e0 l\u2019accoutum\u00e9e sur certaines lignes. TBM encourage les usagers \u00e0 consulter\u00a0<a href=\"https:\/\/www.infotbm.com\/fr\" target=\"_blank\" rel=\"nofollow noopener\" data-gtm-custom-categorie=\"navigation\" data-gtm-custom-action=\"crossclick\" data-gtm-custom-label=\"Contextuel\" data-gtm-event=\"customEventSPE\">ses plateformes en ligne<\/a>\u00a0afin de suivre en temps r\u00e9el l\u2019\u00e9volution du trafic ce jeudi.<\/p>\n","protected":false},"excerpt":{"rendered":"Le r\u00e9seau des transports en commun bordelais sera perturb\u00e9 aujourd\u2019hui. Plusieurs organisations syndicales appellent \u00e0 la gr\u00e8ve pour&hellip;\n","protected":false},"author":2,"featured_media":118623,"comment_status":"","ping_status":"","sticky":false,"template":"","format":"standard","meta":{"footnotes":""},"categories":[2817],"tags":[1111,11,1120,1997,2916,2911,2910,2915,2909,2904,2913,2912,2914,2906,2907,1777,674,1011,27,2905,2908,6151,12,2219,25,2216],"class_list":{"0":"post-118622","1":"post","2":"type-post","3":"status-publish","4":"format-standard","5":"has-post-thumbnail","7":"category-bordeaux","8":"tag-actu","9":"tag-actualites","10":"tag-agression","11":"tag-bordeaux","12":"tag-bordeaux-cauderan","13":"tag-bordeaux-centre-ville","14":"tag-bordeaux-chartrons-grand-parc-jardin-public","15":"tag-bordeaux-la-bastide","16":"tag-bordeaux-maritime","17":"tag-bordeaux-metropole","18":"tag-bordeaux-nansouty-st-genes","19":"tag-bordeaux-st-augustin-tauzin-alphonse-dupeux","20":"tag-bordeaux-sud","21":"tag-capitale-de-gaule","22":"tag-cathedrale-gothique-de-saint-andre","23":"tag-eu","24":"tag-europe","25":"tag-fr","26":"tag-france","27":"tag-gironde","28":"tag-girondins-de-bordeaux","29":"tag-greve","30":"tag-news","31":"tag-nouvelle-aquitaine","32":"tag-republique-francaise","33":"tag-transports-en-commun"},"share_on_mastodon":{"url":"","error":"Validation failed: Text character limit of 500 exceeded"},"_links":{"self":[{"href":"https:\/\/www.europesays.com\/fr\/wp-json\/wp\/v2\/posts\/118622","targetHints":{"allow":["GET"]}}],"collection":[{"href":"https:\/\/www.europesays.com\/fr\/wp-json\/wp\/v2\/posts"}],"about":[{"href":"https:\/\/www.europesays.com\/fr\/wp-json\/wp\/v2\/types\/post"}],"author":[{"embeddable":true,"href":"https:\/\/www.europesays.com\/fr\/wp-json\/wp\/v2\/users\/2"}],"replies":[{"embeddable":true,"href":"https:\/\/www.europesays.com\/fr\/wp-json\/wp\/v2\/comments?post=118622"}],"version-history":[{"count":0,"href":"https:\/\/www.europesays.com\/fr\/wp-json\/wp\/v2\/posts\/118622\/revisions"}],"wp:featuredmedia":[{"embeddable":true,"href":"https:\/\/www.europesays.com\/fr\/wp-json\/wp\/v2\/media\/118623"}],"wp:attachment":[{"href":"https:\/\/www.europesays.com\/fr\/wp-json\/wp\/v2\/media?parent=118622"}],"wp:term":[{"taxonomy":"category","embeddable":true,"href":"https:\/\/www.europesays.com\/fr\/wp-json\/wp\/v2\/categories?post=118622"},{"taxonomy":"post_tag","embeddable":true,"href":"https:\/\/www.europesays.com\/fr\/wp-json\/wp\/v2\/tags?post=118622"}],"curies":[{"name":"wp","href":"https:\/\/api.w.org\/{rel}","templated":true}]}}