{"id":118628,"date":"2025-05-22T05:18:07","date_gmt":"2025-05-22T05:18:07","guid":{"rendered":"https:\/\/www.europesays.com\/fr\/118628\/"},"modified":"2025-05-22T05:18:07","modified_gmt":"2025-05-22T05:18:07","slug":"lille-roubaix-tourcoing-dunkerque-quelles-sont-les-rues-les-plus-cheres-de-ces-grandes-villes-du-nord","status":"publish","type":"post","link":"https:\/\/www.europesays.com\/fr\/118628\/","title":{"rendered":"Lille, Roubaix, Tourcoing, Dunkerque. Quelles sont les rues les plus ch\u00e8res de ces grandes villes du Nord\u00a0?"},"content":{"rendered":"<p>            Par<br \/>\n        <strong><br \/>\n            <a href=\"https:\/\/actu.fr\/auteur\/raphael-mahlmann\" title=\"Consulter tous les articles de Rapha\u00ebl Mahlmann\" rel=\"nofollow noopener\" target=\"_blank\">Rapha\u00ebl Mahlmann<\/a><br \/>\n        <\/strong><\/p>\n<p>        Publi\u00e9 le<\/p>\n<p>            22 mai 2025 \u00e0 6h20        <\/p>\n<p>Quelles sont les<b> rues les plus ch\u00e8res<\/b> de ces grandes villes du Nord\u2009? Le classement des<a href=\"https:\/\/actu.fr\/societe\/amiens-quelles-sont-les-rues-les-plus-cheres-de-la-ville-en-2025_62661154.html\" rel=\"nofollow noopener\" target=\"_blank\"> rues les plus ch\u00e8res <\/a>dans les cinquante plus<b> grandes villes de France<\/b> au 1er\u00a0mars 2025 a \u00e9t\u00e9 r\u00e9v\u00e9l\u00e9 par Se Loger. Le <a href=\"https:\/\/actu.fr\/hauts-de-france\/dunkerque_59183\/immobilier-vendre-son-logement-dans-ces-deux-villes-du-nord-et-du-pas-de-calais-est-tres-rapide_62610153.html\" rel=\"nofollow noopener\" target=\"_blank\">Nord et le Pas-de-Calais<\/a> sont absents du Top\u00a010, m\u00eame <a href=\"https:\/\/actu.fr\/hauts-de-france\/lille_59350\/immobilier-voici-le-prix-du-m%C2%B2-a-lille-en-2025-apres-une-augmentation-en-decembre_62075124.html\" rel=\"nofollow noopener\" target=\"_blank\">Lille <\/a>ne s\u2019y trouve pas\u2009! Voici les rues les plus ch\u00e8res \u00e0 <b>Lille, Roubaix, Tourcoing et Dunkerque<\/b>.<\/p>\n<p>Les rues les plus ch\u00e8res \u00e0 Lille<\/p>\n<p class=\" wall-content\">Sans surprise, les <b>rues du Vieux-Lille<\/b> sont parmi les plus ch\u00e8res de Lille. Avec ses <a href=\"https:\/\/actu.fr\/hauts-de-france\/lille_59350\/gastronomie-lille-sur-le-podium-des-villes-les-plus-gourmandes-de-france-selon-cette-etude_62168517.html\" rel=\"nofollow noopener\" target=\"_blank\">restaurants<\/a>, ses <a href=\"https:\/\/actu.fr\/hauts-de-france\/lille_59350\/vieux-lille-avec-ses-cocktails-sa-musique-et-sa-salle-secrete-ce-bar-est-deja-devenu-incontournable_62507518.html\" rel=\"nofollow noopener\" target=\"_blank\">bars<\/a>, ses <a href=\"https:\/\/actu.fr\/hauts-de-france\/lille_59350\/lille-une-marque-de-luxe-sinstalle-dans-un-batiment-classe-a-deux-pas-de-la-grandplace_61868635.html\" rel=\"nofollow noopener\" target=\"_blank\">boutiques de luxe<\/a> et ses <a href=\"https:\/\/actu.fr\/hauts-de-france\/lille_59350\/video-patrimoine-on-vous-emmene-dans-la-rue-la-plus-etroite-de-lille_60943385.html\" rel=\"nofollow noopener\" target=\"_blank\">petites ruelles<\/a> pav\u00e9es, le quartier attire de<b> nombreux touristes<\/b>. Les prix de l\u2019<a href=\"https:\/\/actu.fr\/societe\/nord-cette-agence-immobiliere-met-en-garde-contre-une-arnaque-a-coups-de-faux-comptes-sur-tiktok_62208221.html\" rel=\"nofollow noopener\" target=\"_blank\">immobilier <\/a>y sont donc particuli\u00e8rement \u00e9lev\u00e9s. Voici le <b>classement \u00e0 Lille<\/b>\u2009:<\/p>\n<p class=\" wall-content\">\u2013 Rue des D\u00e9bris Saint-Etienne\u2009: 4\u2009890\u00a0\u20ac<\/p>\n<p class=\" wall-content\">\u2013 Rue de la Monnaie\u2009: 4\u2009872\u00a0\u20ac<\/p>\n<p class=\" wall-content\">\u2013 Quai du Wault\u2009: 4\u2009867\u00a0\u20ac<\/p>\n<p class=\" wall-content\">\u2013 Place du Concert\u2009: 4\u2009864\u00a0\u20ac<\/p>\n<p>Vid\u00e9os : en ce moment sur Actu<\/p>\n<p class=\" wall-content\">\u2013 Rue des Vieux Murs\u2009: 4\u2009842\u00a0\u20ac<\/p>\n<p class=\" wall-content\">\u2013 Rue Jean Moulin\u2009: 4\u2009811\u00a0\u20ac<\/p>\n<p class=\" wall-content\">\u2013 Rue de Pharaon de Winter\u2009: 4\u2009811\u00a0\u20ac<\/p>\n<p class=\" wall-content\">\u2013 Rue du Lieutenant Colpin\u2009: 4\u2009797\u00a0\u20ac<\/p>\n<p class=\" wall-content\">\u2013 Rue Bartholom\u00e9 Masurel\u2009: 4\u2009795\u00a0\u20ac<\/p>\n<p class=\" wall-content\">\u2013 Rue Esquermoise\u2009: 4\u2009781\u00a0\u20ac<\/p>\n<p>Les rues les plus ch\u00e8res \u00e0 Roubaix<\/p>\n<p class=\" wall-content\">Si les <b>prix de l\u2019immobilier <\/b>flambent dans certaines grandes villes fran\u00e7aises, \u00e0 <a href=\"https:\/\/actu.fr\/hauts-de-france\/roubaix_59512\/immobilier-a-roubaix-pour-aider-les-petits-budgets-a-devenir-proprietaires-salim-va-tester-une-super-idee_62570417.html\" rel=\"nofollow noopener\" target=\"_blank\">Roubaix<\/a>, les rues plus ch\u00e8res sont <b>en dessous de la moyenne nationale<\/b> (3\u2009078\u20ac\/m\u00b2). Les rues les plus ch\u00e8res de Roubaix se trouvent \u00e0 proximit\u00e9 du <a href=\"https:\/\/actu.fr\/hauts-de-france\/roubaix_59512\/roubaix-le-corps-dun-homme-repeche-au-parc-barbieux_62127440.html\" rel=\"nofollow noopener\" target=\"_blank\">parc Barbieux<\/a>, tr\u00e8s appr\u00e9ci\u00e9 des habitants pour se d\u00e9tendre. Ce site class\u00e9 a re\u00e7u le label \u00ab\u2009Jardin remarquable\u2009\u00bb. Voici le<b> classement \u00e0 Roubaix<\/b>\u2009:<\/p>\n<p class=\" wall-content\">\u2013 Avenue des H\u00eatres\u2009: 2\u2009808\u00a0\u20ac<\/p>\n<p class=\" wall-content\">\u2013 All\u00e9e Van Gogh\u2009: 2\u2009738\u00a0\u20ac<\/p>\n<p class=\" wall-content\">\u2013 Cit\u00e9 Delcroix R Edouard Vail\u2009: 2\u2009720\u00a0\u20ac<\/p>\n<p class=\" wall-content\">\u2013 Avenue Anatole France\u2009: 2\u2009714\u00a0\u20ac<\/p>\n<p class=\" wall-content\">\u2013 Rue Paul Lafargue\u2009: 2\u2009711\u00a0\u20ac<\/p>\n<p class=\" wall-content\">\u2013 Rue Henri Bossuet\u2009: 2\u2009591\u00a0\u20ac<\/p>\n<p class=\" wall-content\">\u2013 Avenue Jean Jaur\u00e8s\u2009: 2\u2009587\u00a0\u20ac<\/p>\n<p class=\" wall-content\">\u2013 Avenue Gustave Delory\u2009: 2\u2009531\u00a0\u20ac<\/p>\n<p class=\" wall-content\">\u2013 Rue de Barbieux\u2009: 2\u2009524\u00a0\u20ac<\/p>\n<p class=\" wall-content\">\u2013 Rue \u00c9douard Vaillant\u2009: 2\u2009520\u00a0\u20ac<\/p>\n<p>Les rues les plus ch\u00e8res \u00e0 Tourcoing<\/p>\n<p class=\" wall-content\">Comme pour Roubaix, <a href=\"https:\/\/actu.fr\/hauts-de-france\/tourcoing_59599\/tourcoing-comment-casser-limage-dun-centre-ville-sinistre-cette-association-a-des-idees-et-agit_62503828.html\" rel=\"nofollow noopener\" target=\"_blank\">Tourcoing<\/a> affiche des prix plus bas que la moyenne, m\u00eame pour ses rues les plus ch\u00e8res. La rue du Congo fait d\u2019ailleurs partie des <b>rues les plus accessibles de France<\/b>. Les rues les plus ch\u00e8res de Tourcoing se situent plut\u00f4t <b>en dehors du centre-ville<\/b>, notamment dans le quartier calme du Brun-Pain. Le <b>classement \u00e0 Tourcoing<\/b>\u2009:<\/p>\n<p class=\" wall-content\">\u2013 Rue des Bonnets\u2009: 2\u2009306\u00a0\u20ac<\/p>\n<p class=\" wall-content\">\u2013 Rue de Linselles\u2009: 2\u2009245\u00a0\u20ac<\/p>\n<p class=\" wall-content\">\u2013 Rue Berthe Spriet\u2009: 2\u2009245\u00a0\u20ac<\/p>\n<p class=\" wall-content\">\u2013 R\u00e9sidence du Bois d\u2019Achelles\u2009: 2\u2009245\u00a0\u20ac<\/p>\n<p class=\" wall-content\">\u2013 Rue de l\u2019Adjudant-Chef Leroy\u2009: 2\u2009245\u00a0\u20ac<\/p>\n<p class=\" wall-content\">\u2013 All\u00e9e Norbert S\u00e9gard\u2009: 2\u2009245\u00a0\u20ac<\/p>\n<p class=\" wall-content\">\u2013 Rue Abel Martin\u2009: 2\u2009245\u00a0\u20ac<\/p>\n<p class=\" wall-content\">\u2013 All\u00e9e Nicolas Copernic\u2009: 2\u2009245\u00a0\u20ac<\/p>\n<p class=\" wall-content\">\u2013 Rue Jean XXIII\u2009: 2\u2009234\u00a0\u20ac<\/p>\n<p class=\" wall-content\">\u2013 Rue du Congo\u2009: 2\u2009224\u00a0\u20ac<\/p>\n<p>Les rues les plus ch\u00e8res \u00e0 Dunkerque<\/p>\n<p class=\" wall-content\">Le quartier de <a href=\"https:\/\/actu.fr\/hauts-de-france\/dunkerque_59183\/avec-sa-plage-et-ses-villas-ce-petit-coin-de-paradis-a-une-heure-de-lille_59625858.html\" rel=\"nofollow noopener\" target=\"_blank\">Malo-les-Bains<\/a> concentre la majeure partie des rues les plus ch\u00e8res de<a href=\"https:\/\/actu.fr\/societe\/dunkerque-calais-ces-villes-cotieres-du-nord-et-du-pas-de-calais-sont-les-plus-populaires-sur-instagram_62580554.html\" rel=\"nofollow noopener\" target=\"_blank\"> Dunkerque<\/a>. La station baln\u00e9aire est en effet en vogue ces derni\u00e8res ann\u00e9es, attirant de plus en plus de Nordistes en manque de plage et de mer. Le <b>classement \u00e0 Dunkerque\u2009<\/b>:<\/p>\n<p class=\" wall-content\">\u2013 Rue Bagatelle\u2009: 3\u2009289\u00a0\u20ac<\/p>\n<p class=\" wall-content\">\u2013 Rue Andr\u00e9 Devynck\u2009: 3\u2009289\u00a0\u20ac<\/p>\n<p class=\" wall-content\">\u2013 Rue Paul Hazard\u2009: 3\u2009289\u00a0\u20ac<\/p>\n<p class=\" wall-content\">\u2013 Rue Maxence van der Meersch\u2009: 3\u2009289\u00a0\u20ac<\/p>\n<p class=\" wall-content\">\u2013 Rue de Tourcoing\u2009: 3\u2009289\u00a0\u20ac<\/p>\n<p class=\" wall-content\">\u2013 Rue \u00c9mile Verhaeren\u2009: 3\u2009289\u00a0\u20ac<\/p>\n<p class=\" wall-content\">\u2013 Rue Joseph Jacquard\u2009: 3\u2009216\u00a0\u20ac<\/p>\n<p class=\" wall-content\">\u2013 Avenue du Large\u2009: 3\u2009216\u00a0\u20ac<\/p>\n<p class=\" wall-content\">\u2013 Rue des Hirondelles\u2009: 3\u2009216\u00a0\u20ac<\/p>\n<p class=\" wall-content\">\u2013 Rue de la Pens\u00e9e 3\u2009216\u00a0\u20ac<\/p>\n<p>Paris et les Alpes-Maritimes en haut du classement<\/p>\n<p class=\" wall-content\">Ce classement d\u00e9voile de <b>fortes disparit\u00e9s<\/b> entre les plus grandes villes de France. En t\u00eate, on retrouve sans grand <b>\u00e9tonnement<\/b> Paris avec la rue de Furstenberg (23\u2009087\u00a0\u20ac\/m\u00b2), suivie par le Quai des Orf\u00e8vres (23\u2009054\u00a0\u20ac\/m\u00b2) et l\u2019Avenue Montaigne (22\u2009548\u00a0\u20ac\/m\u00b2). Dans les <b>autres m\u00e9tropoles de France<\/b>, certaines rues affichent toutefois des niveaux de prix comparables \u00e0 ceux de certains arrondissements parisiens. C\u2019est notamment le cas des villes des <b>Alpes-Maritimes<\/b>\u2009: Cannes (11\u2009546\u00a0\u20ac\/m\u00b2), Nice (11\u2009892\u00a0\u20ac\/m\u00b2), Antibes (12\u2009701\u00a0\u20ac\/m\u00b2).\u00a0<\/p>\n<p class=\" wall-content\">Suivez toute l\u2019actualit\u00e9 de vos villes et m\u00e9dias favoris en vous inscrivant \u00e0 <a href=\"https:\/\/moncompte.actu.fr\" title=\"D\u00e9couvez Mon Actu\" rel=\"nofollow noopener\" data-trk=\"{&quot;cta&quot;:{&quot;action&quot;:&quot;https:\\\/\\\/moncompte.actu.fr&quot;,&quot;category&quot;:&quot;mon compte&quot;,&quot;from&quot;:&quot;article footer&quot;,&quot;name&quot;:&quot;Mon actu&quot;,&quot;type&quot;:&quot;cta&quot;}}\" target=\"_blank\">Mon Actu<\/a>.<\/p>\n","protected":false},"excerpt":{"rendered":"Par Rapha\u00ebl Mahlmann Publi\u00e9 le 22 mai 2025 \u00e0 6h20 Quelles sont les rues les plus ch\u00e8res de&hellip;\n","protected":false},"author":2,"featured_media":118629,"comment_status":"","ping_status":"","sticky":false,"template":"","format":"standard","meta":{"footnotes":""},"categories":[2815],"tags":[1111,11,1777,674,1011,27,811,1116,1307,12,25,104],"class_list":{"0":"post-118628","1":"post","2":"type-post","3":"status-publish","4":"format-standard","5":"has-post-thumbnail","7":"category-lille","8":"tag-actu","9":"tag-actualites","10":"tag-eu","11":"tag-europe","12":"tag-fr","13":"tag-france","14":"tag-hauts-de-france","15":"tag-immobilier","16":"tag-lille","17":"tag-news","18":"tag-republique-francaise","19":"tag-societe"},"share_on_mastodon":{"url":"https:\/\/pubeurope.com\/@fr\/114549798031221549","error":""},"_links":{"self":[{"href":"https:\/\/www.europesays.com\/fr\/wp-json\/wp\/v2\/posts\/118628","targetHints":{"allow":["GET"]}}],"collection":[{"href":"https:\/\/www.europesays.com\/fr\/wp-json\/wp\/v2\/posts"}],"about":[{"href":"https:\/\/www.europesays.com\/fr\/wp-json\/wp\/v2\/types\/post"}],"author":[{"embeddable":true,"href":"https:\/\/www.europesays.com\/fr\/wp-json\/wp\/v2\/users\/2"}],"replies":[{"embeddable":true,"href":"https:\/\/www.europesays.com\/fr\/wp-json\/wp\/v2\/comments?post=118628"}],"version-history":[{"count":0,"href":"https:\/\/www.europesays.com\/fr\/wp-json\/wp\/v2\/posts\/118628\/revisions"}],"wp:featuredmedia":[{"embeddable":true,"href":"https:\/\/www.europesays.com\/fr\/wp-json\/wp\/v2\/media\/118629"}],"wp:attachment":[{"href":"https:\/\/www.europesays.com\/fr\/wp-json\/wp\/v2\/media?parent=118628"}],"wp:term":[{"taxonomy":"category","embeddable":true,"href":"https:\/\/www.europesays.com\/fr\/wp-json\/wp\/v2\/categories?post=118628"},{"taxonomy":"post_tag","embeddable":true,"href":"https:\/\/www.europesays.com\/fr\/wp-json\/wp\/v2\/tags?post=118628"}],"curies":[{"name":"wp","href":"https:\/\/api.w.org\/{rel}","templated":true}]}}