{"id":118633,"date":"2025-05-22T05:21:10","date_gmt":"2025-05-22T05:21:10","guid":{"rendered":"https:\/\/www.europesays.com\/fr\/118633\/"},"modified":"2025-05-22T05:21:10","modified_gmt":"2025-05-22T05:21:10","slug":"un-jeudi-de-mobilisation-pour-les-taxis-a-marseille-et-aix-en-provence","status":"publish","type":"post","link":"https:\/\/www.europesays.com\/fr\/118633\/","title":{"rendered":"Un jeudi de mobilisation pour les taxis \u00e0 Marseille et Aix-en-Provence"},"content":{"rendered":"<p><img loading=\"lazy\" decoding=\"async\" alt=\"Shutterstock - Les taxis du Var vont venir de l'Ouest de Toulon en op\u00e9ration escargot sur l'A50 et entrer dans Marseille.\" data-zoom-src=\"https:\/\/www.europesays.com\/fr\/wp-content\/uploads\/2025\/05\/initial-opertion-escargot-taxis-marseille.jpg\" data-zoomable=\"\" height=\"702\" src=\"https:\/\/www.europesays.com\/fr\/wp-content\/uploads\/2025\/05\/initial-opertion-escargot-taxis-marseille.jpg\" width=\"1248\"\/>  <\/p>\n<p class=\"article-desc\">Shutterstock &#8211; Les taxis du Var vont venir de l&rsquo;Ouest de Toulon en op\u00e9ration escargot sur l&rsquo;A50 et entrer dans Marseille. <\/p>\n<p>Et de cinq. Ce jeudi sera <a href=\"https:\/\/mesinfos.fr\/13000-marseille\/marseille-attention-a-l-operation-escargot-des-taxis-lundi-222660.html\" rel=\"noopener nofollow\" target=\"_blank\">la cinqui\u00e8me journ\u00e9e de mobilisation<\/a> des <strong>taxis des Bouches-du-Rh\u00f4ne<\/strong>, d\u00e9partement o\u00f9<strong> la col\u00e8re des chauffeurs de taxi<\/strong> ne retombe pas. <a href=\"https:\/\/mesinfos.fr\/greve-des-taxis-pourquoi-ils-manifestent-dans-toute-la-france-aujourd-hui-222704.html\" rel=\"noopener nofollow\" target=\"_blank\">La baisse des remboursements des transports m\u00e9dicaux en taxi et la concurrence accrue des VTC ne passe pas.<\/a>.. <\/p>\n<p>En cons\u00e9quence, <strong>les manifestations des taxis se poursuivent ce jeudi 22 mai. <\/strong>Comme les pr\u00e9c\u00e9dents jours de la semaine, la pr\u00e9fecture annonce que \u00ab\u00a0de fortes perturbations sont attendues d\u00e8s sept heures du matin\u00a0\u00bb. <\/p>\n<p>Quels points de filtrage mis en place par les taxis autour de Marseille ? <\/p>\n<p>Voici les points de regroupement des taxis : <\/p>\n<p><strong>\u2022 A\u00e9roport Marseille-Provence : <\/strong>point de filtrage\/blocage. \u00ab\u00a0Il est fortement conseill\u00e9 aux voyageurs de se rendre \u00e0 l\u2019a\u00e9roport par le train, jusqu\u2019\u00e0 la Gare de Vitrolles A\u00e9roport, puis de prendre le car jusqu\u2019\u00e0 l\u2019a\u00e9roport\u00a0\u00bb pr\u00e9conise la pr\u00e9fecture. <\/p>\n<p><strong>\u2022 Gare TGV d\u2019Aix-en-Provence : <\/strong>point de filtrage.<strong> \u00ab\u00a0<\/strong>Nous conseillons aux voyageurs d\u2019anticiper tr\u00e8s fortement leur arriv\u00e9e \u00e0 la gare TGV\u00a0\u00bb avance la pr\u00e9fecture. <\/p>\n<p><strong>\u2022 Marseille \u2013 Avenue du Prado \/ Place Castellane<\/strong>\u00a0: point de rassemblement, occasionnant une g\u00eane importante de la circulation. <\/p>\n<p>\u2022 <strong>Gare Saint-Charles<\/strong> : point de filtrage. <\/p>\n<p>Op\u00e9ration escargot sur l&rsquo;A50 entre Ollioules et Marseille <\/p>\n<p>A noter que <a href=\"https:\/\/mesinfos.fr\/provence-alpes-cote-d-azur\/greve-des-taxis-des-bouchons-de-plus-d-une-heure-sur-l-a50-et-a57-222688.html\" rel=\"noopener nofollow\" target=\"_blank\">les taxis du Var,<\/a> vont se joindre \u00e0 ceux des Bouches-du-Rh\u00f4ne. Un rassemblement des taxis \u00e0 7 h au niveau d\u2019Ollioules, \u00e0 l&rsquo;ouest de Toulon est annonc\u00e9. Ils vont emprunter <strong>l\u2019A50 et <\/strong>entrer dans Marseille en op\u00e9ration escargot.<\/p>\n","protected":false},"excerpt":{"rendered":"Shutterstock &#8211; Les taxis du Var vont venir de l&rsquo;Ouest de Toulon en op\u00e9ration escargot sur l&rsquo;A50 et&hellip;\n","protected":false},"author":2,"featured_media":118634,"comment_status":"","ping_status":"","sticky":false,"template":"","format":"standard","meta":{"footnotes":""},"categories":[2814],"tags":[1111,11,7063,1777,674,1011,27,884,12,882,25,9548],"class_list":{"0":"post-118633","1":"post","2":"type-post","3":"status-publish","4":"format-standard","5":"has-post-thumbnail","7":"category-marseille","8":"tag-actu","9":"tag-actualites","10":"tag-embouteillages","11":"tag-eu","12":"tag-europe","13":"tag-fr","14":"tag-france","15":"tag-marseille","16":"tag-news","17":"tag-provence-alpes-cote-dazur","18":"tag-republique-francaise","19":"tag-taxis"},"share_on_mastodon":{"url":"https:\/\/pubeurope.com\/@fr\/114549809860562028","error":""},"_links":{"self":[{"href":"https:\/\/www.europesays.com\/fr\/wp-json\/wp\/v2\/posts\/118633","targetHints":{"allow":["GET"]}}],"collection":[{"href":"https:\/\/www.europesays.com\/fr\/wp-json\/wp\/v2\/posts"}],"about":[{"href":"https:\/\/www.europesays.com\/fr\/wp-json\/wp\/v2\/types\/post"}],"author":[{"embeddable":true,"href":"https:\/\/www.europesays.com\/fr\/wp-json\/wp\/v2\/users\/2"}],"replies":[{"embeddable":true,"href":"https:\/\/www.europesays.com\/fr\/wp-json\/wp\/v2\/comments?post=118633"}],"version-history":[{"count":0,"href":"https:\/\/www.europesays.com\/fr\/wp-json\/wp\/v2\/posts\/118633\/revisions"}],"wp:featuredmedia":[{"embeddable":true,"href":"https:\/\/www.europesays.com\/fr\/wp-json\/wp\/v2\/media\/118634"}],"wp:attachment":[{"href":"https:\/\/www.europesays.com\/fr\/wp-json\/wp\/v2\/media?parent=118633"}],"wp:term":[{"taxonomy":"category","embeddable":true,"href":"https:\/\/www.europesays.com\/fr\/wp-json\/wp\/v2\/categories?post=118633"},{"taxonomy":"post_tag","embeddable":true,"href":"https:\/\/www.europesays.com\/fr\/wp-json\/wp\/v2\/tags?post=118633"}],"curies":[{"name":"wp","href":"https:\/\/api.w.org\/{rel}","templated":true}]}}