{"id":118639,"date":"2025-05-22T05:24:09","date_gmt":"2025-05-22T05:24:09","guid":{"rendered":"https:\/\/www.europesays.com\/fr\/118639\/"},"modified":"2025-05-22T05:24:09","modified_gmt":"2025-05-22T05:24:09","slug":"fast-and-furious-en-ile-de-france-on-a-passe-des-nuits-au-coeur-des-courses-illegales-de-voitures","status":"publish","type":"post","link":"https:\/\/www.europesays.com\/fr\/118639\/","title":{"rendered":"\u00ab\u00a0Fast and Furious\u00a0\u00bb en \u00cele-de-France\u00a0: on a pass\u00e9 des nuits au c\u0153ur des courses ill\u00e9gales de voitures"},"content":{"rendered":"<p class=\"paragraph text_align_left\">Cagoul\u00e9 pour ne pas \u00eatre reconnaissable sur les vid\u00e9os post\u00e9es sur les r\u00e9seaux sociaux, le \u00ab starter \u00bb est post\u00e9 entre deux voitures c\u00f4te \u00e0 c\u00f4te. Charg\u00e9 de donner le d\u00e9part, il l\u00e8ve les bras, comme dans les sc\u00e8nes de course des films am\u00e9ricains <a href=\"https:\/\/www.leparisien.fr\/culture-loisirs\/cinema\/fast-furious-9-des-cascades-toujours-plus-dingues-13-07-2021-3LKXAQ6WJNH37LS32UVXY7IPOU.php\" target=\"_blank\" rel=\"noreferrer nofollow noopener\">\u00ab Fast and Furious \u00bb<\/a>. Puis il hurle : \u00ab 3, 2, 1, C\u2019est parti ! \u00bb Et les deux moteurs survitamin\u00e9s vrombissent.<\/p>\n<p class=\"paragraph text_align_left\">Les roues patinent un peu parfois car certains concurrents all\u00e8gent au maximum leurs voitures devenues trop puissantes pour une route humide de nuit. La foule, post\u00e9e sur plus de 300 m de trottoir, crie sa joie \u00e0 chaque d\u00e9part. Beaucoup ont fait leurs pronostics.<\/p>\n","protected":false},"excerpt":{"rendered":"Cagoul\u00e9 pour ne pas \u00eatre reconnaissable sur les vid\u00e9os post\u00e9es sur les r\u00e9seaux sociaux, le \u00ab starter \u00bb&hellip;\n","protected":false},"author":2,"featured_media":118640,"comment_status":"","ping_status":"","sticky":false,"template":"","format":"standard","meta":{"footnotes":""},"categories":[1592],"tags":[1111,11,646,1777,674,1011,27,662,1944,12,626,25],"class_list":{"0":"post-118639","1":"post","2":"type-post","3":"status-publish","4":"format-standard","5":"has-post-thumbnail","7":"category-ile-de-france","8":"tag-actu","9":"tag-actualites","10":"tag-automobile","11":"tag-eu","12":"tag-europe","13":"tag-fr","14":"tag-france","15":"tag-ile-de-france","16":"tag-ma-ville","17":"tag-news","18":"tag-paris","19":"tag-republique-francaise"},"share_on_mastodon":{"url":"","error":""},"_links":{"self":[{"href":"https:\/\/www.europesays.com\/fr\/wp-json\/wp\/v2\/posts\/118639","targetHints":{"allow":["GET"]}}],"collection":[{"href":"https:\/\/www.europesays.com\/fr\/wp-json\/wp\/v2\/posts"}],"about":[{"href":"https:\/\/www.europesays.com\/fr\/wp-json\/wp\/v2\/types\/post"}],"author":[{"embeddable":true,"href":"https:\/\/www.europesays.com\/fr\/wp-json\/wp\/v2\/users\/2"}],"replies":[{"embeddable":true,"href":"https:\/\/www.europesays.com\/fr\/wp-json\/wp\/v2\/comments?post=118639"}],"version-history":[{"count":0,"href":"https:\/\/www.europesays.com\/fr\/wp-json\/wp\/v2\/posts\/118639\/revisions"}],"wp:featuredmedia":[{"embeddable":true,"href":"https:\/\/www.europesays.com\/fr\/wp-json\/wp\/v2\/media\/118640"}],"wp:attachment":[{"href":"https:\/\/www.europesays.com\/fr\/wp-json\/wp\/v2\/media?parent=118639"}],"wp:term":[{"taxonomy":"category","embeddable":true,"href":"https:\/\/www.europesays.com\/fr\/wp-json\/wp\/v2\/categories?post=118639"},{"taxonomy":"post_tag","embeddable":true,"href":"https:\/\/www.europesays.com\/fr\/wp-json\/wp\/v2\/tags?post=118639"}],"curies":[{"name":"wp","href":"https:\/\/api.w.org\/{rel}","templated":true}]}}