{"id":118645,"date":"2025-05-22T05:27:03","date_gmt":"2025-05-22T05:27:03","guid":{"rendered":"https:\/\/www.europesays.com\/fr\/118645\/"},"modified":"2025-05-22T05:27:03","modified_gmt":"2025-05-22T05:27:03","slug":"tentez-de-remporter-un-dossard-pour-les-10-km-adidas-paris-2025","status":"publish","type":"post","link":"https:\/\/www.europesays.com\/fr\/118645\/","title":{"rendered":"Tentez de remporter un dossard pour les 10 km Adidas Paris 2025"},"content":{"rendered":"<p><strong>jeu concours &#8211; L\u2019Adidas 10K Paris affiche d\u00e9j\u00e0 complet\u00a0! Vous avez encore une chance d\u2019obtenir votre dossard. \u00ab\u00a020 minutes\u00a0\u00bb vous fait gagner 2 dossards pour cette course<\/strong><\/p>\n<p><a href=\"https:\/\/www.adidas10kparis.fr\/fr\/la-course\/presentation?at_medium=RSS%20feed&amp;at_campaign=ynews&amp;utm_source=yahoo&amp;utm_medium=rss&amp;utm_campaign=news_feed&amp;utm_content=in_article_link\" rel=\"nofollow noopener\" target=\"_blank\" data-ylk=\"slk:L\u2019Adidas 10K Paris 2025;elm:context_link;itc:0;sec:content-canvas\" class=\"link \">L\u2019Adidas 10K Paris 2025<\/a> \u00e7a te dit quelque chose\u00a0?<\/p>\n<p>C\u2019est le plus grand 10km de France\u00a0! Il se d\u00e9roule en plein c\u0153ur de Paris le 8\u00a0juin 2025. La course traverse tout les plus beaux lieux et monuments dans une ambiance festive et estivale, c\u2019est le rendez-vous sportif de l\u2019ann\u00e9e. Que vous soyez un coureur chevronn\u00e9 ou un d\u00e9butant cette course va vous plaire. L\u2019\u00e9preuve est ouverte \u00e0 tous et toutes n\u00e9(e) s en\u00a02009 ou avant\u00a0!<\/p>\n<p>Malheureusement la course affiche d\u00e9j\u00e0 compl\u00e8te\u2026 Mais ce n\u2019est pas termin\u00e9, \u00ab\u00a020 minutes\u00a0\u00bb vous offre la possibilit\u00e9 de gagner votre dossard en participant \u00e0 son jeu concours. Vous avez jusqu\u2019au 29\u00a0mai \u00e0 13h pour participer, ne ratez pas votre chance.<\/p>\n<p>PS\u00a0: Si vous avez des difficult\u00e9s \u00e0 visualiser ce quiz ou \u00e0 participer, <a href=\"https:\/\/20minutes.qualifioapp.com\/20\/CA78A9AF-AE6F-4073-8FA0-B1975965235B\/v1.cfm?id=CA78A9AF-AE6F-4073-8FA0-B1975965235B&amp;at_medium=RSS%20feed&amp;at_campaign=ynews&amp;utm_source=yahoo&amp;utm_medium=rss&amp;utm_campaign=news_feed&amp;utm_content=in_article_link\" rel=\"nofollow noopener\" target=\"_blank\" data-ylk=\"slk:cliquez ici;elm:context_link;itc:0;sec:content-canvas\" class=\"link \">cliquez ici<\/a>.<\/p>\n<p>En plus de prendre part \u00e0 une course ultra fun et iconique, tu contribues aux actions en faveur de l\u2019environnement mises en place par l\u2019Adidas 10k Paris. Tu fais du bien \u00e0 ton corps et \u00e0 la Plan\u00e8te, what else\u00a0? Conscient des enjeux \u00e9cologiques, et s\u2019inspirant de la charte des GESI l\u2019Adidas 10K Paris a mis en place des mesures de pr\u00e9servation de l\u2019environnement et de responsabilit\u00e9 soci\u00e9tale.<\/p>\n<p><a href=\"https:\/\/www.20minutes.fr\/arts-stars\/loisirs\/4152253-20250522-jeu-concours-tentez-remporter-dossard-10-km-adidas-paris-2025?at_medium=RSS%20feed&amp;at_campaign=ynews&amp;utm_source=yahoo&amp;utm_medium=rss&amp;utm_campaign=news_feed&amp;utm_content=read_more_link&quot;\" rel=\"nofollow noopener\" target=\"_blank\" data-ylk=\"slk:Lire la suite sur 20minutes;elm:context_link;itc:0;sec:content-canvas\" class=\"link \">Lire la suite sur 20minutes<\/a><\/p>\n<p>\u00c0 lire aussi :<br \/><a href=\"https:\/\/www.20minutes.fr\/sport\/natation\/4151593-20250503-natation-retour-terre-leon-marchand-battu-distance-fetiche?at_medium=RSS%20feed&amp;at_campaign=ynews&amp;utm_source=yahoo&amp;utm_medium=rss&amp;utm_campaign=news_feed&amp;utm_content=related_content_link\" rel=\"nofollow noopener\" target=\"_blank\" data-ylk=\"slk:Natation\u00a0: Retour sur terre pour L\u00e9on Marchand, battu sur sa distance f\u00e9tiche;elm:context_link;itc:0;sec:content-canvas\" class=\"link \">Natation\u00a0: Retour sur terre pour L\u00e9on Marchand, battu sur sa distance f\u00e9tiche<\/a><br \/><a href=\"https:\/\/www.20minutes.fr\/sport\/automoto\/4151984-20250506-angleterre-deux-pilotes-21-29-ans-tues-accident-lors-course-championnat-british-supersport?at_medium=RSS%20feed&amp;at_campaign=ynews&amp;utm_source=yahoo&amp;utm_medium=rss&amp;utm_campaign=news_feed&amp;utm_content=related_content_link\" rel=\"nofollow noopener\" target=\"_blank\" data-ylk=\"slk:Angleterre\u00a0: Deux pilotes de 21 et 29 ans tu\u00e9s dans un accident lors d\u2019une course du championnat British Supersport;elm:context_link;itc:0;sec:content-canvas\" class=\"link \">Angleterre\u00a0: Deux pilotes de 21 et 29 ans tu\u00e9s dans un accident lors d\u2019une course du championnat British Supersport<\/a><\/p>\n","protected":false},"excerpt":{"rendered":"jeu concours &#8211; L\u2019Adidas 10K Paris affiche d\u00e9j\u00e0 complet\u00a0! Vous avez encore une chance d\u2019obtenir votre dossard. \u00ab\u00a020&hellip;\n","protected":false},"author":2,"featured_media":118646,"comment_status":"","ping_status":"","sticky":false,"template":"","format":"standard","meta":{"footnotes":""},"categories":[1888],"tags":[642,1111,1928,11,1927,23950,1777,674,1011,27,12178,12,1926,626,1925,25,23949],"class_list":{"0":"post-118645","1":"post","2":"type-post","3":"status-publish","4":"format-standard","5":"has-post-thumbnail","7":"category-paris","8":"tag-20-minutes","9":"tag-actu","10":"tag-actu-paris","11":"tag-actualites","12":"tag-actualites-paris","13":"tag-dossard","14":"tag-eu","15":"tag-europe","16":"tag-fr","17":"tag-france","18":"tag-jeu-concours","19":"tag-news","20":"tag-news-paris","21":"tag-paris","22":"tag-paris-news","23":"tag-republique-francaise","24":"tag-vous-avez"},"share_on_mastodon":{"url":"","error":""},"_links":{"self":[{"href":"https:\/\/www.europesays.com\/fr\/wp-json\/wp\/v2\/posts\/118645","targetHints":{"allow":["GET"]}}],"collection":[{"href":"https:\/\/www.europesays.com\/fr\/wp-json\/wp\/v2\/posts"}],"about":[{"href":"https:\/\/www.europesays.com\/fr\/wp-json\/wp\/v2\/types\/post"}],"author":[{"embeddable":true,"href":"https:\/\/www.europesays.com\/fr\/wp-json\/wp\/v2\/users\/2"}],"replies":[{"embeddable":true,"href":"https:\/\/www.europesays.com\/fr\/wp-json\/wp\/v2\/comments?post=118645"}],"version-history":[{"count":0,"href":"https:\/\/www.europesays.com\/fr\/wp-json\/wp\/v2\/posts\/118645\/revisions"}],"wp:featuredmedia":[{"embeddable":true,"href":"https:\/\/www.europesays.com\/fr\/wp-json\/wp\/v2\/media\/118646"}],"wp:attachment":[{"href":"https:\/\/www.europesays.com\/fr\/wp-json\/wp\/v2\/media?parent=118645"}],"wp:term":[{"taxonomy":"category","embeddable":true,"href":"https:\/\/www.europesays.com\/fr\/wp-json\/wp\/v2\/categories?post=118645"},{"taxonomy":"post_tag","embeddable":true,"href":"https:\/\/www.europesays.com\/fr\/wp-json\/wp\/v2\/tags?post=118645"}],"curies":[{"name":"wp","href":"https:\/\/api.w.org\/{rel}","templated":true}]}}