{"id":118647,"date":"2025-05-22T05:28:12","date_gmt":"2025-05-22T05:28:12","guid":{"rendered":"https:\/\/www.europesays.com\/fr\/118647\/"},"modified":"2025-05-22T05:28:12","modified_gmt":"2025-05-22T05:28:12","slug":"varietes-des-produits-marques-a-petits-prix-dans-le-14e-arrondissement-leclerc-tente-de-concurrencer-lidl","status":"publish","type":"post","link":"https:\/\/www.europesays.com\/fr\/118647\/","title":{"rendered":"Vari\u00e9t\u00e9s des produits, marques \u00e0 petits prix&#8230; Dans le 14e arrondissement, Leclerc tente de concurrencer Lidl"},"content":{"rendered":"<p>            Par<br \/>\n        <strong><br \/>\n            <a href=\"https:\/\/actu.fr\/auteur\/ines-cussac-actu-fr\" title=\"Consulter tous les articles de In\u00e8s Cussac\" target=\"_blank\" rel=\"noopener\">In\u00e8s Cussac<\/a><br \/>\n        <\/strong><\/p>\n<p>        Publi\u00e9 le<\/p>\n<p>            22 mai 2025 \u00e0 6h24        <\/p>\n<p>Sac de randonn\u00e9e sur le dos et sacs de course dans les mains, Arthur ne voulait pas perdre de temps. \u00c0 peine avait-il pos\u00e9 un pied <a href=\"https:\/\/actu.fr\/ile-de-france\/paris_75056\/centaines-de-faux-billets-armes-cannabis-une-femme-arretee-par-les-policiers-gare-montparnasse-a-paris_62633691.html\" target=\"_blank\" rel=\"noopener\">sur le quai de la gare Montparnasse<\/a> \u00e0 Paris (14e), qu\u2019il \u00e9tait d\u00e9j\u00e0 <strong>dans les rayons du magasin Leclerc<\/strong>. Le jeune homme de 25\u00a0ans y a fait sa derni\u00e8re escale pour remplir son frigo \u00e0 moindres frais avant de rentrer chez lui. \u00ab\u2009Je n\u2019\u00e9tais pas \u00e0 Paris depuis longtemps, donc il fallait faire un gros plein de courses. C\u2019est pratique de le faire en sortant du train, c\u2019est sur la route et je sais que ce n\u2019est pas cher\u2009\u00bb, indique-t-il sous sa casquette rose d\u00e9lav\u00e9e.<br \/>Mais <a href=\"https:\/\/actu.fr\/ile-de-france\/paris_75056\/c-est-une-horreur-dans-cette-avenue-de-paris-les-travaux-cristallisent-les-tensions_60787877.html\" target=\"_blank\" rel=\"noopener\">entre les travaux<\/a> dans la rue du Commandant Ren\u00e9 Mouchotte, les voitures de l\u2019avenue du Maine et l\u2019affluence de pi\u00e9tons sur cet axe majeur du sud de la capitale, l\u2019acc\u00e8s au supermarch\u00e9 incrust\u00e9e <a href=\"https:\/\/actu.fr\/ile-de-france\/paris_75056\/a-paris-le-centre-commercial-les-ateliers-gaite-ouvre-enfin_54576469.html\" target=\"_blank\" rel=\"noopener\">dans le centre commercial des Ateliers Ga\u00eet\u00e9<\/a> est un vrai casse-t\u00eate. \u00ab\u2009Pour venir ici, il faut le vouloir. <strong>En tout cas, il faut conna\u00eetre<\/strong>\u2009\u00bb, admet Arthur regardant les barri\u00e8res de chantier entre lesquelles il va devoir zigzaguer pour rejoindre son arr\u00eat de bus.<\/p>\n<p>Rivalit\u00e9 et compl\u00e9mentarit\u00e9<\/p>\n<p class=\" wall-content\">Et Constance, une habitante du 15e arrondissement, d\u2019approuver\u2009: \u00ab\u2009Je n\u2019ai jamais fait de course dans d\u2019autres magasins du centre commercial, <strong>\u00e0 part le Leclerc.<\/strong> Mais pour le coup, le quartier Montparnasse est un bon endroit parce qu\u2019il y a pas mal de monde, c\u2019est assez central et puis c\u2019est \u00e0 c\u00f4t\u00e9 du Lidl.\u2009\u00bb<\/p>\n<p>    <img   decoding=\"async\" loading=\"lazy\" src=\"https:\/\/www.europesays.com\/fr\/wp-content\/uploads\/2025\/05\/96812f0c-33c7-43e1-9751-91c4b062042c-960x640.jpg\" alt=\" \u00ab Pour venir ici, il faut le vouloir. En tout cas, il faut conna\u00eetre \u00bb, selon Arthur, un client.\" width=\"960\" height=\"640\"\/><br \/>\n    \u00ab Pour venir ici, il faut le vouloir. En tout cas, il faut conna\u00eetre \u00bb, selon Arthur, un client. (\u00a9IC \/ actu Paris)<\/p>\n<p class=\" wall-content\">Le nom est l\u00e2ch\u00e9. <a href=\"https:\/\/actu.fr\/ile-de-france\/paris_75056\/paris-lidl-ouvre-son-plus-grand-magasin-de-toute-la-capitale_56497484.html\" target=\"_blank\" rel=\"noopener\">L\u2019enseigne de grande distribution jaune et bleu<\/a> a ouvert ses portes un an apr\u00e8s <strong>l\u2019installation du Leclerc en 2022<\/strong>. Et depuis, <a href=\"https:\/\/actu.fr\/ile-de-france\/paris_75056\/paris-le-15e-arrondissement-nouvel-eldorado-pour-les-enseignes-a-petits-prix-et-discount_61668271.html\" target=\"_blank\" rel=\"noopener\">la concurrence fait rage<\/a> entre les deux voisins. Lidl mise sur des produits alimentaires pas chers. Leclerc tente d\u2019attirer la client\u00e8le avec un large panel de produits, allant de l\u2019outillage \u00e0 la cave \u00e0 vin en passant par les produits m\u00e9nagers, et des marques \u00e0 petits prix.<\/p>\n<p class=\" wall-content\">De quoi s\u00e9duire la grande brune Giulia, en vadrouille dans le magasin ce jour-l\u00e0. \u00ab\u2009Il y a toujours des promos sur plein de trucs\u2009\u00bb, fait-elle remarquer avant de reprendre le s\u00e9rum Mixa qu\u2019elle venait de glisser dans son panier\u2009: \u00ab\u2009Celui-ci, il est \u00e0 11\u00a0euros alors qu\u2019au Monoprix pr\u00e8s de chez moi, il est \u00e0 14\u00a0euros. Avec les p\u00e2tes Barilla, c\u2019est la m\u00eame chose. Elles sont \u00e0 moins d\u2019un euro alors qu\u2019au Carrefour, c\u2019est plus d\u2019un euro.\u2009\u00bb Constance de son c\u00f4t\u00e9, jongle entre Leclerc et Lidl. <strong>Elle appr\u00e9cie la compl\u00e9mentarit\u00e9<\/strong> des deux supermarch\u00e9s. \u00ab\u2009Pour les fruits et l\u00e9gumes par exemple, je vais chez Lidl. Mais pour tout ce qui est viande ou alcool, je pr\u00e9f\u00e8re acheter chez Leclerc parce que c\u2019est de meilleure qualit\u00e9 et j\u2019ai plus de choix\u2009\u00bb, d\u00e9taille-t-elle.<\/p>\n<p>Un march\u00e9 satur\u00e9<\/p>\n<p class=\" wall-content\">Thierry Veron, pr\u00e9sident de la F\u00e9d\u00e9ration des commer\u00e7ants et artisans parisiens, constate plut\u00f4t <strong>\u00ab\u2009un v\u00e9ritable souci d\u2019implantation\u2009\u00bb<\/strong>. Selon lui, l\u2019ouverture du supermarch\u00e9 et plus largement celle du centre commercial ne sont pas adapt\u00e9es au quartier d\u00e9j\u00e0 satur\u00e9 de commerces. \u00ab\u2009Rue de la Ga\u00eet\u00e9, rue Edgar Quinet, avenue Daguerre, avenue du G\u00e9n\u00e9ral Leclerc\u2026 Ce sont des rues commer\u00e7antes. Rajouter un centre commercial ne peut pas fonctionner\u2009\u00bb, liste-t-il.<\/p>\n<blockquote class=\"ac-article-quote wall-content\">\n<p>Dans le quartier, il y a d\u00e9j\u00e0 ce qu&rsquo;il faut. Ce n&rsquo;est pas logique, dans un environnement comme celui-ci de mettre un Leclerc ou un Lidl quand l&rsquo;un existe d\u00e9j\u00e0. On n&rsquo;a pas plus de logements dans le quartier donc pas de besoins suppl\u00e9mentaires.<\/p>\n<p>    <strong>Thierry Veron<\/strong><br \/>\n        Pr\u00e9sident de la F\u00e9d\u00e9ration des commer\u00e7ants et artisans parisien    <\/p><\/blockquote>\n<p class=\" wall-content\">D\u2019une part, Leclerc doit donc jouer des coudes pour se faire une place sur ce march\u00e9 d\u00e9j\u00e0 encombr\u00e9. L\u2019enseigne doit d\u2019autre part se d\u00e9solidariser du centre commercial dans lequel il est implant\u00e9. Comme Constance, <strong>les Parisiens d\u00e9sertent cet espace<\/strong> o\u00f9 les magasins baissent le rideau \u00e0 tour de bras et le food hall para\u00eet \u00e0 l\u2019abandon, avant l\u2019arriv\u00e9e des premiers afterworkers. \u00ab\u2009Je ne trouve pas que \u00e7a sert \u00e0 grand-chose que le Leclerc soit dans le centre commercial, il ne donne pas tr\u00e8s envie. Il est assez vide, bas de plafond, sombre\u2026 C\u2019est assez oppressant\u2009\u00bb, souligne la riveraine. \u00ab\u2009Quand on voit le co\u00fbt des loyers dans le quartier [pouvant atteindre 10\u2009000 euros par mois, ndlr], vous avez int\u00e9r\u00eat \u00e0 vendre de la marchandise\u2009\u00bb, appuie Thierry V\u00e9ron.<\/p>\n<p class=\" wall-content\">Le bailleur du centre commercial, Unibail-Rodamco-Westfield, est lui aussi en concurrence avec sa voisine,<strong> la galerie marchande de la gare Montparnasse<\/strong>. Situ\u00e9e dans une zone de passage, elle b\u00e9n\u00e9ficie de clients qui ach\u00e8tent par n\u00e9cessit\u00e9. Il faut donc faire le pas de c\u00f4t\u00e9 pour les Ateliers Ga\u00eet\u00e9. Bowling, espace d\u2019arcade, laser game\u2026 Le centre commercial tente de se renouveler <a href=\"https:\/\/actu.fr\/ile-de-france\/paris_75056\/bowling-laser-game-jeux-d-arcade-a-paris-les-ateliers-gaite-ouvrent-un-espace-xxl-dedie-aux-loisirs_61578312.html\" target=\"_blank\" rel=\"noopener\">avec des espaces de loisirs<\/a> dont certains restent ouverts jusqu\u2019\u00e0 2\u2009h du matin. De quoi compl\u00e9ter l\u2019attractivit\u00e9 du quartier dans tous les domaines.<\/p>\n<p class=\" wall-content\">Suivez toute l\u2019actualit\u00e9 de vos villes et m\u00e9dias favoris en vous inscrivant \u00e0 <a href=\"https:\/\/moncompte.actu.fr\" title=\"D\u00e9couvez Mon Actu\" rel=\"nofollow noopener\" data-trk=\"{&quot;cta&quot;:{&quot;action&quot;:&quot;https:\\\/\\\/moncompte.actu.fr&quot;,&quot;category&quot;:&quot;mon compte&quot;,&quot;from&quot;:&quot;article footer&quot;,&quot;name&quot;:&quot;Mon actu&quot;,&quot;type&quot;:&quot;cta&quot;}}\" target=\"_blank\">Mon Actu<\/a>.<\/p>\n","protected":false},"excerpt":{"rendered":"Par In\u00e8s Cussac Publi\u00e9 le 22 mai 2025 \u00e0 6h24 Sac de randonn\u00e9e sur le dos et sacs&hellip;\n","protected":false},"author":2,"featured_media":118648,"comment_status":"","ping_status":"","sticky":false,"template":"","format":"standard","meta":{"footnotes":""},"categories":[1888],"tags":[11,215,1777,674,1011,27,11674,12,626,25,104],"class_list":{"0":"post-118647","1":"post","2":"type-post","3":"status-publish","4":"format-standard","5":"has-post-thumbnail","7":"category-paris","8":"tag-actualites","9":"tag-commerce","10":"tag-eu","11":"tag-europe","12":"tag-fr","13":"tag-france","14":"tag-montparnasse","15":"tag-news","16":"tag-paris","17":"tag-republique-francaise","18":"tag-societe"},"share_on_mastodon":{"url":"https:\/\/pubeurope.com\/@fr\/114549837458156979","error":""},"_links":{"self":[{"href":"https:\/\/www.europesays.com\/fr\/wp-json\/wp\/v2\/posts\/118647","targetHints":{"allow":["GET"]}}],"collection":[{"href":"https:\/\/www.europesays.com\/fr\/wp-json\/wp\/v2\/posts"}],"about":[{"href":"https:\/\/www.europesays.com\/fr\/wp-json\/wp\/v2\/types\/post"}],"author":[{"embeddable":true,"href":"https:\/\/www.europesays.com\/fr\/wp-json\/wp\/v2\/users\/2"}],"replies":[{"embeddable":true,"href":"https:\/\/www.europesays.com\/fr\/wp-json\/wp\/v2\/comments?post=118647"}],"version-history":[{"count":0,"href":"https:\/\/www.europesays.com\/fr\/wp-json\/wp\/v2\/posts\/118647\/revisions"}],"wp:featuredmedia":[{"embeddable":true,"href":"https:\/\/www.europesays.com\/fr\/wp-json\/wp\/v2\/media\/118648"}],"wp:attachment":[{"href":"https:\/\/www.europesays.com\/fr\/wp-json\/wp\/v2\/media?parent=118647"}],"wp:term":[{"taxonomy":"category","embeddable":true,"href":"https:\/\/www.europesays.com\/fr\/wp-json\/wp\/v2\/categories?post=118647"},{"taxonomy":"post_tag","embeddable":true,"href":"https:\/\/www.europesays.com\/fr\/wp-json\/wp\/v2\/tags?post=118647"}],"curies":[{"name":"wp","href":"https:\/\/api.w.org\/{rel}","templated":true}]}}