{"id":118649,"date":"2025-05-22T05:29:09","date_gmt":"2025-05-22T05:29:09","guid":{"rendered":"https:\/\/www.europesays.com\/fr\/118649\/"},"modified":"2025-05-22T05:29:09","modified_gmt":"2025-05-22T05:29:09","slug":"grand-paris-express-le-tunnelier-de-la-ligne-17-entame-sa-descente-sous-les-pistes-de-laeroport-de-roissy","status":"publish","type":"post","link":"https:\/\/www.europesays.com\/fr\/118649\/","title":{"rendered":"Grand Paris Express\u00a0: le tunnelier de la ligne 17 entame sa descente sous les pistes de l\u2018a\u00e9roport de Roissy"},"content":{"rendered":"<p class=\"paragraph text_align_left\">Virginie est partie du Mesnil-Amelot (Seine-et-Marne) en d\u00e9cembre. Et depuis, elle fait route vers la plate-forme a\u00e9roportuaire de Roissy toute proche \u00e0 la vitesse moyenne de\u2026 10 \u00e0 12 m par jour. Une progression satisfaisante pour un \u00ab engin \u00bb de ce gabarit.<\/p>\n<p class=\"paragraph text_align_left\"><a href=\"https:\/\/www.leparisien.fr\/info-paris-ile-de-france-oise\/transports\/ligne-17-du-grand-paris-express-ce-tunnelier-creusera-la-derniere-section-entre-le-bourget-et-le-mesnil-amelot-11-11-2024-B7PXS2BJSRCKNJCS4Q7DYD5OLI.php\" target=\"_self\" rel=\"nofollow noopener\">Virginie<\/a> est en effet le nom de bapt\u00eame (hommage \u00e0 Virginie Guyot, premi\u00e8re femme \u00e0 int\u00e9grer puis \u00e0 diriger la prestigieuse Patrouille de France) donn\u00e9 au tunnelier qui va creuser le dernier tron\u00e7on de la<a href=\"https:\/\/www.leparisien.fr\/info-paris-ile-de-france-oise\/transports\/ligne-17-du-grand-paris-express-dans-les-coulisses-de-linstallation-du-viaduc-qui-enjambe-les-autoroutes-a1-et-a3-16-05-2025-C7ERGXYZ5BG7PFZ63DYQI75JLE.php\" target=\"_self\" rel=\"nofollow noopener\"> ligne 17 du Grand Paris Express<\/a> (GPE), sur un peu plus de 6 km, du futur terminus du Mesnil-Amelot jusqu\u2019au Tremblay-en-France.<\/p>\n","protected":false},"excerpt":{"rendered":"Virginie est partie du Mesnil-Amelot (Seine-et-Marne) en d\u00e9cembre. Et depuis, elle fait route vers la plate-forme a\u00e9roportuaire de&hellip;\n","protected":false},"author":2,"featured_media":118650,"comment_status":"","ping_status":"","sticky":false,"template":"","format":"standard","meta":{"footnotes":""},"categories":[1888],"tags":[11,1777,674,1011,27,1944,12,626,25,2382],"class_list":{"0":"post-118649","1":"post","2":"type-post","3":"status-publish","4":"format-standard","5":"has-post-thumbnail","7":"category-paris","8":"tag-actualites","9":"tag-eu","10":"tag-europe","11":"tag-fr","12":"tag-france","13":"tag-ma-ville","14":"tag-news","15":"tag-paris","16":"tag-republique-francaise","17":"tag-transport-idf-oise"},"share_on_mastodon":{"url":"https:\/\/pubeurope.com\/@fr\/114549841156489880","error":""},"_links":{"self":[{"href":"https:\/\/www.europesays.com\/fr\/wp-json\/wp\/v2\/posts\/118649","targetHints":{"allow":["GET"]}}],"collection":[{"href":"https:\/\/www.europesays.com\/fr\/wp-json\/wp\/v2\/posts"}],"about":[{"href":"https:\/\/www.europesays.com\/fr\/wp-json\/wp\/v2\/types\/post"}],"author":[{"embeddable":true,"href":"https:\/\/www.europesays.com\/fr\/wp-json\/wp\/v2\/users\/2"}],"replies":[{"embeddable":true,"href":"https:\/\/www.europesays.com\/fr\/wp-json\/wp\/v2\/comments?post=118649"}],"version-history":[{"count":0,"href":"https:\/\/www.europesays.com\/fr\/wp-json\/wp\/v2\/posts\/118649\/revisions"}],"wp:featuredmedia":[{"embeddable":true,"href":"https:\/\/www.europesays.com\/fr\/wp-json\/wp\/v2\/media\/118650"}],"wp:attachment":[{"href":"https:\/\/www.europesays.com\/fr\/wp-json\/wp\/v2\/media?parent=118649"}],"wp:term":[{"taxonomy":"category","embeddable":true,"href":"https:\/\/www.europesays.com\/fr\/wp-json\/wp\/v2\/categories?post=118649"},{"taxonomy":"post_tag","embeddable":true,"href":"https:\/\/www.europesays.com\/fr\/wp-json\/wp\/v2\/tags?post=118649"}],"curies":[{"name":"wp","href":"https:\/\/api.w.org\/{rel}","templated":true}]}}