{"id":11865,"date":"2025-04-09T05:33:12","date_gmt":"2025-04-09T05:33:12","guid":{"rendered":"https:\/\/www.europesays.com\/fr\/11865\/"},"modified":"2025-04-09T05:33:12","modified_gmt":"2025-04-09T05:33:12","slug":"marseille-accuse-de-tentative-de-meurtre-sur-sa-femme-cette-star-des-reseaux-en-prison","status":"publish","type":"post","link":"https:\/\/www.europesays.com\/fr\/11865\/","title":{"rendered":"Marseille. Accus\u00e9 de tentative de meurtre sur sa femme, cette star des r\u00e9seaux en prison"},"content":{"rendered":"<p>            Par<br \/>\n        <strong><br \/>\n            <a href=\"https:\/\/actu.fr\/auteur\/benjamin-cohenroyer\" title=\"Consulter tous les articles de Benjamin Cohen Royer\" target=\"_blank\" rel=\"noopener\">Benjamin Cohen Royer<\/a><br \/>\n        <\/strong><\/p>\n<p>        Publi\u00e9 le<\/p>\n<p>            7 avr. 2025 \u00e0 15h43<br \/>\n        ; mis \u00e0 jour le 7 avr. 2025 \u00e0 15h44    <\/p>\n<p>INFO ACTU MARSEILLE. L\u2019influenceur <a href=\"https:\/\/actu.fr\/marseille\/\" target=\"_blank\" rel=\"noopener\">marseillais<\/a> Redha Berrah,<strong> Redha JR<\/strong> sur TikTok o\u00f9 il est suivi par des millions de personnes, a \u00e9t\u00e9 plac\u00e9 en d\u00e9tention provisoire, apprend actu Marseille, confirmant une information relay\u00e9e sur les r\u00e9seaux sociaux.<\/p>\n<p class=\" wall-content\">Le parquet de Marseille pr\u00e9cise \u00e0 notre r\u00e9daction qu\u2019\u00ab\u2009une information judiciaire a \u00e9t\u00e9 ouverte\u2009\u00bb et que l\u2019homme de 33\u00a0ans a \u00ab\u2009\u00e9t\u00e9 mis en examen des chefs de<strong> tentative de meurtre sur conjoint<\/strong> et <strong>violences habituelles sur conjoint<\/strong>\u2009\u00bb.<\/p>\n<p class=\" wall-content\">Il est incarc\u00e9r\u00e9 depuis le 28\u00a0mars 2025.<\/p>\n<p>\u00ab\u2009Dans un \u00e9tat grave\u2009\u00bb<\/p>\n<p class=\" wall-content\">Le parquet de Marseille confirme donc bien que Redha Berrah est actuellement au centre d\u2019une enqu\u00eate ouverte pour une \u00ab\u2009tentative de meurtre\u2009\u00bb sur sa conjointe.<\/p>\n<p class=\" wall-content\">Mais, alors, que s\u2019est-il pass\u00e9\u2009?<\/p>\n<p>Vid\u00e9os : en ce moment sur Actu<\/p>\n<p class=\" wall-content\">Selon plusieurs posts d\u2019Aqababe, un autre influenceur, publi\u00e9 sur X d\u00e8s la fin de la semaine derni\u00e8re, le tiktokeur aurait lui-m\u00eame \u00ab\u2009jet\u00e9 sa femme sur le parking des urgences de l\u2019h\u00f4pital nord dans un \u00e9tat grave\u2009\u00bb. Elle aurait \u00e9t\u00e9 <strong>\u00ab\u2009intub\u00e9e\u2009\u00bb et plac\u00e9e en \u00abr\u00e9animation\u00bb.<\/strong> actu Marseille n\u2019a pas \u00e9t\u00e9 en mesure de se faire confirmer ces informations.<\/p>\n<p class=\" wall-content\">Interrog\u00e9 sur l\u2019\u00e9tat de sant\u00e9 actuel de la victime, le parquet n\u2019a pas donn\u00e9 suite.<\/p>\n<p>Un dernier post \u00e9nigmatique<\/p>\n<p class=\" wall-content\">Plac\u00e9 en d\u00e9tention provisoire depuis le 28\u00a0mars 2025, a priori \u00e0 la prison des Baumettes, Redha Berrah est pr\u00e9sum\u00e9 innocent.<\/p>\n<p class=\" wall-content\">Un post \u00e9nigmatique, publi\u00e9 ce dimanche 6\u00a0avril 2025 sur son propre compte Instagram <strong>alimente les sp\u00e9culations, <\/strong>certains d\u00e9non\u00e7ant jusque-l\u00e0 de fausses informations sur son incarc\u00e9ration pourtant confirm\u00e9e par le parquet.<\/p>\n<p class=\" wall-content\"><a href=\"https:\/\/www.instagram.com\/p\/DIHXXPESvSC\/embed\" title=\"Ouvrir le lien sur Instagram\" target=\"_blank\" rel=\"noopener\">Visualiser le contenu sur Instagram<\/a><\/p>\n<p class=\" wall-content\">On y voit une photo de mis en cause en famille, le visage de sa compagne dissimul\u00e9 par un Emoji, accompagn\u00e9e de la l\u00e9gende\u2009: \u00ab\u2009AH AH AH\u2009\u00bb.<\/p>\n<p class=\" wall-content\">Suivez toute l\u2019actualit\u00e9 de vos villes et m\u00e9dias favoris en vous inscrivant \u00e0 <a href=\"https:\/\/moncompte.actu.fr\" title=\"D\u00e9couvez Mon Actu\" rel=\"nofollow noopener\" data-trk=\"{&quot;cta&quot;:{&quot;action&quot;:&quot;https:\\\/\\\/moncompte.actu.fr&quot;,&quot;category&quot;:&quot;mon compte&quot;,&quot;from&quot;:&quot;article footer&quot;,&quot;name&quot;:&quot;Mon actu&quot;,&quot;type&quot;:&quot;cta&quot;}}\" target=\"_blank\">Mon Actu<\/a>.<\/p>\n<p>                    <script async src=\"\/\/www.instagram.com\/embed.js\"><\/script><\/p>\n","protected":false},"excerpt":{"rendered":"Par Benjamin Cohen Royer Publi\u00e9 le 7 avr. 2025 \u00e0 15h43 ; mis \u00e0 jour le 7 avr.&hellip;\n","protected":false},"author":2,"featured_media":11866,"comment_status":"","ping_status":"","sticky":false,"template":"","format":"standard","meta":{"footnotes":""},"categories":[2814],"tags":[1111,11,1777,674,118,1011,27,2440,303,884,12,882,25,2439],"class_list":{"0":"post-11865","1":"post","2":"type-post","3":"status-publish","4":"format-standard","5":"has-post-thumbnail","7":"category-marseille","8":"tag-actu","9":"tag-actualites","10":"tag-eu","11":"tag-europe","12":"tag-faits-divers","13":"tag-fr","14":"tag-france","15":"tag-instagram","16":"tag-justice","17":"tag-marseille","18":"tag-news","19":"tag-provence-alpes-cote-dazur","20":"tag-republique-francaise","21":"tag-tiktok"},"share_on_mastodon":{"url":"https:\/\/pubeurope.com\/@fr\/114306377940909230","error":""},"_links":{"self":[{"href":"https:\/\/www.europesays.com\/fr\/wp-json\/wp\/v2\/posts\/11865","targetHints":{"allow":["GET"]}}],"collection":[{"href":"https:\/\/www.europesays.com\/fr\/wp-json\/wp\/v2\/posts"}],"about":[{"href":"https:\/\/www.europesays.com\/fr\/wp-json\/wp\/v2\/types\/post"}],"author":[{"embeddable":true,"href":"https:\/\/www.europesays.com\/fr\/wp-json\/wp\/v2\/users\/2"}],"replies":[{"embeddable":true,"href":"https:\/\/www.europesays.com\/fr\/wp-json\/wp\/v2\/comments?post=11865"}],"version-history":[{"count":0,"href":"https:\/\/www.europesays.com\/fr\/wp-json\/wp\/v2\/posts\/11865\/revisions"}],"wp:featuredmedia":[{"embeddable":true,"href":"https:\/\/www.europesays.com\/fr\/wp-json\/wp\/v2\/media\/11866"}],"wp:attachment":[{"href":"https:\/\/www.europesays.com\/fr\/wp-json\/wp\/v2\/media?parent=11865"}],"wp:term":[{"taxonomy":"category","embeddable":true,"href":"https:\/\/www.europesays.com\/fr\/wp-json\/wp\/v2\/categories?post=11865"},{"taxonomy":"post_tag","embeddable":true,"href":"https:\/\/www.europesays.com\/fr\/wp-json\/wp\/v2\/tags?post=11865"}],"curies":[{"name":"wp","href":"https:\/\/api.w.org\/{rel}","templated":true}]}}