{"id":118651,"date":"2025-05-22T05:30:10","date_gmt":"2025-05-22T05:30:10","guid":{"rendered":"https:\/\/www.europesays.com\/fr\/118651\/"},"modified":"2025-05-22T05:30:10","modified_gmt":"2025-05-22T05:30:10","slug":"la-russie-abat-23-drones-visant-moscou","status":"publish","type":"post","link":"https:\/\/www.europesays.com\/fr\/118651\/","title":{"rendered":"la Russie abat 23 drones visant Moscou"},"content":{"rendered":"<p>Comme il est d\u2019usage lors des attaques a\u00e9riennes visant Moscou, les principaux a\u00e9roports de la capitale ont interrompu temporairement leurs op\u00e9rations, a annonc\u00e9 l\u2019agence russe charg\u00e9e de l\u2019aviation civile, Rosaviatsia.<\/p>\n<p class=\"fig-paragraph\">Les forces russes ont abattu 23 drones d&rsquo;attaque ukrainiens volant en direction de\u00a0<a href=\"https:\/\/www.lefigaro.fr\/tag\/moscou\" target=\"_blank\" rel=\"noopener\" data-gtm-custom-categorie=\"navigation\" data-gtm-custom-action=\"crossclick\" data-gtm-custom-label=\"Contextuel\" data-gtm-event=\"customEventSPE\">Moscou<\/a>\u00a0dans la nuit, selon un d\u00e9compte effectu\u00e9 t\u00f4t jeudi 22 mai 2025 du maire de la capitale russe, dont les principaux a\u00e9roports ont \u00e9t\u00e9 ferm\u00e9s temporairement. Des services d&rsquo;urgence ont \u00e9t\u00e9 d\u00e9ploy\u00e9s l\u00e0 o\u00f9 des d\u00e9bris sont tomb\u00e9s \u00e0 la suite de ces neutralisations, a pr\u00e9cis\u00e9 ce responsable, Sergue\u00ef Sobianine, sur la messagerie Telegram.<\/p>\n<p class=\"fig-paragraph\">Comme il est d&rsquo;usage lors des attaques a\u00e9riennes visant Moscou, les principaux a\u00e9roports de la capitale &#8211; Ch\u00e9r\u00e9m\u00e9ti\u00e9vo, Domodi\u00e9dovo et Vnoukovo &#8211; ont interrompu temporairement leurs op\u00e9rations, a annonc\u00e9 l&rsquo;agence russe charg\u00e9e de l&rsquo;aviation civile, Rosaviatsia. Les restrictions ont plus tard \u00e9t\u00e9 lev\u00e9es \u00e0 Domodi\u00e9dovo, de m\u00eame source.<\/p>\n<p class=\"fig-body-link\">\n            \u00c0 lire aussi<br \/>\n        <a class=\"fig-body-link__link fig-premium-mark\" href=\"http:\/\/www.lefigaro.fr\/international\/en-ukraine-les-frappes-russes-sont-desormais-plus-meurtrieres-et-ciblent-les-civils-loin-du-front-20250522\" data-fig-type=\"Article\" data-gtm-custom-categorie=\"navigation\" data-gtm-custom-action=\"crossclick\" data-gtm-custom-label=\"Contextuel\" data-gtm-event=\"customEventSPE\" data-fig-domain=\"LEFIGARO\" target=\"_blank\" rel=\"noopener\">En Ukraine, les frappes russes sont d\u00e9sormais plus meurtri\u00e8res et ciblent les civils loin du front<br \/>\n    <\/a>\n<\/p>\n<p>Attaques nocturnes \u00e0 r\u00e9p\u00e9tition<\/p>\n<p class=\"fig-paragraph\">Mercredi, 27 drones s&rsquo;\u00e9taient \u00e9galement dirig\u00e9s vers la capitale avant d&rsquo;\u00eatre abattus, selon M. Sobianine. La Russie et l&rsquo;Ukraine se livrent presque chaque nuit \u00e0 des attaques a\u00e9riennes crois\u00e9es. Ces attaques de drones interviennent dans un contexte d&rsquo;intenses efforts diplomatiques europ\u00e9ens, soutenus par les \u00c9tats-Unis, pour obtenir un cessez-le-feu de Moscou qui a lanc\u00e9 en f\u00e9vrier 2022 une\u00a0<a href=\"https:\/\/www.lefigaro.fr\/international\/dossier\/tensions-entre-la-russie-et-l-ukraine-tout-comprendre-a-la-menace-d-une-invasion-russe\" target=\"_blank\" data-fig-type=\"Topic\" rel=\"noopener\" data-gtm-custom-categorie=\"navigation\" data-gtm-custom-action=\"crossclick\" data-gtm-custom-label=\"Contextuel\" data-gtm-event=\"customEventSPE\" data-fig-domain=\"LEFIGARO\">offensive \u00e0 grande \u00e9chelle contre l&rsquo;Ukraine<\/a>.<\/p>\n<p class=\"fig-paragraph\">Un entretien t\u00e9l\u00e9phonique entre le pr\u00e9sident am\u00e9ricain\u00a0<a href=\"https:\/\/www.lefigaro.fr\/tag\/donald-trump\" target=\"_blank\" rel=\"noopener\" data-gtm-custom-categorie=\"navigation\" data-gtm-custom-action=\"crossclick\" data-gtm-custom-label=\"Contextuel\" data-gtm-event=\"customEventSPE\">Donald Trump<\/a>\u00a0et son homologue russe\u00a0<a href=\"https:\/\/www.lefigaro.fr\/tag\/vladimir-poutine\" target=\"_blank\" rel=\"noopener\" data-gtm-custom-categorie=\"navigation\" data-gtm-custom-action=\"crossclick\" data-gtm-custom-label=\"Contextuel\" data-gtm-event=\"customEventSPE\">Vladimir Poutine<\/a>, lundi,\u00a0<a href=\"http:\/\/www.lefigaro.fr\/international\/guerre-en-ukraine-poutine-s-engage-devant-trump-a-discuter-d-un-cessez-le-feu-20250519\" data-fig-type=\"Article\" data-gtm-custom-categorie=\"navigation\" data-gtm-custom-action=\"crossclick\" data-gtm-custom-label=\"Contextuel\" data-gtm-event=\"customEventSPE\" data-fig-domain=\"LEFIGARO\" target=\"_blank\" rel=\"noopener\">n&rsquo;a pas abouti \u00e0 l&rsquo;annonce d&rsquo;un tel cessez-le-feu<\/a>.<\/p>\n","protected":false},"excerpt":{"rendered":"Comme il est d\u2019usage lors des attaques a\u00e9riennes visant Moscou, les principaux a\u00e9roports de la capitale ont interrompu&hellip;\n","protected":false},"author":2,"featured_media":118652,"comment_status":"","ping_status":"","sticky":false,"template":"","format":"standard","meta":{"footnotes":""},"categories":[1591],"tags":[259,11,260,2024,1887,131,14,261,12,262,1885,1886,132,220],"class_list":{"0":"post-118651","1":"post","2":"type-post","3":"status-publish","4":"format-standard","5":"has-post-thumbnail","7":"category-russie","8":"tag-actualite-internationale","9":"tag-actualites","10":"tag-affaires-etrangeres","11":"tag-drones","12":"tag-federation-de-russie","13":"tag-guerre-en-ukraine","14":"tag-international","15":"tag-ministere-des-affaires-etrangeres","16":"tag-news","17":"tag-politique-etrangere","18":"tag-russia","19":"tag-russian-federation","20":"tag-russie","21":"tag-ukraine"},"share_on_mastodon":{"url":"https:\/\/pubeurope.com\/@fr\/114549845046268348","error":""},"_links":{"self":[{"href":"https:\/\/www.europesays.com\/fr\/wp-json\/wp\/v2\/posts\/118651","targetHints":{"allow":["GET"]}}],"collection":[{"href":"https:\/\/www.europesays.com\/fr\/wp-json\/wp\/v2\/posts"}],"about":[{"href":"https:\/\/www.europesays.com\/fr\/wp-json\/wp\/v2\/types\/post"}],"author":[{"embeddable":true,"href":"https:\/\/www.europesays.com\/fr\/wp-json\/wp\/v2\/users\/2"}],"replies":[{"embeddable":true,"href":"https:\/\/www.europesays.com\/fr\/wp-json\/wp\/v2\/comments?post=118651"}],"version-history":[{"count":0,"href":"https:\/\/www.europesays.com\/fr\/wp-json\/wp\/v2\/posts\/118651\/revisions"}],"wp:featuredmedia":[{"embeddable":true,"href":"https:\/\/www.europesays.com\/fr\/wp-json\/wp\/v2\/media\/118652"}],"wp:attachment":[{"href":"https:\/\/www.europesays.com\/fr\/wp-json\/wp\/v2\/media?parent=118651"}],"wp:term":[{"taxonomy":"category","embeddable":true,"href":"https:\/\/www.europesays.com\/fr\/wp-json\/wp\/v2\/categories?post=118651"},{"taxonomy":"post_tag","embeddable":true,"href":"https:\/\/www.europesays.com\/fr\/wp-json\/wp\/v2\/tags?post=118651"}],"curies":[{"name":"wp","href":"https:\/\/api.w.org\/{rel}","templated":true}]}}