{"id":118657,"date":"2025-05-22T05:33:09","date_gmt":"2025-05-22T05:33:09","guid":{"rendered":"https:\/\/www.europesays.com\/fr\/118657\/"},"modified":"2025-05-22T05:33:09","modified_gmt":"2025-05-22T05:33:09","slug":"demain-dans-vos-agendas-royaume-uni-vivatech-vivatech-auvergne-rhone-alpes-rencontres-de-la-tfe-ueie-2025-amerique-latine-2","status":"publish","type":"post","link":"https:\/\/www.europesays.com\/fr\/118657\/","title":{"rendered":"Demain dans vos agendas\u00a0: Royaume-Uni, VivaTech, VivaTech, Auvergne-Rh\u00f4ne-Alpes, rencontres de la TFE, UEIE 2025, \u00a0Am\u00e9rique latine\u00a0"},"content":{"rendered":"<p><strong>Royaume-Uni\u00a0: <\/strong>Chefs d\u2019entreprise, d\u00e9cideurs politiques et acteurs de l\u2019industrie des deux x\u00f4t\u00e9s de la Manche ont rendez-vous <strong>\u00e0 Londres le 18 septembre<\/strong> pour <strong>la Franco-British Business Conference<\/strong>. Cet \u00e9v\u00e9nement organis\u00e9 par la CCI France\/Grande-Bretagne explorera les possibilit\u00e9s d\u2019approfondir le commerce bilat\u00e9ral, l\u2019investissement et l\u2019innovation alors que le Royaume-Uni et l\u2019Union europ\u00e9enne viennent de tenir leur premier sommet commun depuis le Brexit. La conf\u00e9rence comprendra trois tables rondes, chacune abordant les probl\u00e9matiques de secteurs cruciaux pour les relations entre les pays\u00a0: la d\u00e9fense et la s\u00e9curit\u00e9 \u00e9conomique, l\u2019\u00e9nergie et la transition climatique ainsi que la tech, l\u2019IA et le digital.<br \/><strong><a href=\"https:\/\/aws-a.medias-ccifi.org\/fileadmin\/great-britain\/user_upload\/Images\/Logos\/Franco-British_Business_Conference\/2025\/Franco-British_Business_Conference_Programme.pdf\" target=\"_blank\" rel=\"noopener nofollow\">Cliquez ici<\/a><\/strong> pour consulter le programme et <strong><a href=\"https:\/\/www.ccfgb.co.uk\/advocacy\/franco-british-business-conference-2025.html\" target=\"_blank\" rel=\"noopener nofollow\">ici<\/a> <\/strong>pour vous inscrire.<br \/><strong>Contact \u00e0 la CCI France Grande-Bretagne<\/strong><br \/>Aur\u00e9lie Couet<br \/>Head of Events<br \/><a href=\"http:\/\/www.lemoci.com\/cdn-cgi\/l\/email-protection#7b1a18140e1e0f3b18181d1c19551814550e10\" rel=\"nofollow noopener\" target=\"_blank\">[email\u00a0protected]<\/a><\/p>\n<p><strong>VivaTech\u00a0: <\/strong>Le grand rendez-vous annuel des start-up tricolores et europ\u00e9ennes se d\u00e9roulera du <strong>11 au 14 juin<\/strong> \u00e0 la porte de Versailles, \u00e0 Paris, avec le Canada comme pays invit\u00e9 d\u2019honneur. Le foisonnant programme de cette 9e \u00e9dition propose des conf\u00e9rences et ateliers \u00e0 tonalit\u00e9 internationale (opportunit\u00e9s d\u2019affaires sur <strong><a href=\"https:\/\/www.ccifrance-international.org\/evenements\/evenements-a-venir\/e\/scale-your-future-discover-business-opportunities-in-spain.html\" target=\"_blank\" rel=\"noopener nofollow\">le march\u00e9 espagnol<\/a><\/strong>, croissance des start-up \u00e0 l\u2019international\u2026). <strong><br \/><a href=\"https:\/\/www.vivatechnology.com\/sessions\" target=\"_blank\" rel=\"noopener nofollow\">Cliquez ici<\/a> <\/strong>pour consulter le programme et<strong> <a href=\"https:\/\/www.vivatechnology.com\/sessions\" target=\"_blank\" rel=\"noopener nofollow\">ici<\/a> <\/strong>pour vous inscrire<strong>. <\/strong><\/p>\n<p><strong>Auvergne-Rh\u00f4ne-Alpes : <\/strong>Pendant plus d\u2019un mois <strong>du 2 juin au 4 juillet<\/strong>, la r\u00e9gion Auvergne-Rh\u00f4ne-Alpes (AURA) va mettre les opportunit\u00e9s de l\u2019international et de l\u2019export sur le devant de la sc\u00e8ne dans le cadre de la 6\u00e8me \u00e9dition des \u00ab Rendez-vous de la Team France export \u00bb r\u00e9gionale. Pr\u00e8s de <strong>50 \u00e9v\u00e9nements<\/strong> sont au programme dont voici les temps forts\u00a0:<\/p>\n<ul>\n<li><strong>\u00ab Rencontres de la TFE \u00bb :<\/strong> 4 et 5 juin, respectivement \u00e0 Lyon et Clermont-Ferrand, avec des experts Team France Export venant des quatre coins du monde. A noter qu\u2019\u00e0 Lyon, se tiendra la premi\u00e8re remise des <strong>Troph\u00e9es export r\u00e9gionaux<\/strong> organis\u00e9s en partenariat avec <strong>Le Moci<\/strong>;<\/li>\n<li><strong>Rencontres \u00e9conomiques francophones<\/strong> \u00ab Rencontres Africa \u00bb : les 5 et 6 juin \u00e0 l\u2019H\u00f4tel de R\u00e9gion de Lyon ;<\/li>\n<li><strong>\u00ab L\u2019international, \u00e7a voyage ! \u00bb<\/strong> : le 23 juin, \u00e9v\u00e9nement organis\u00e9 par Total Energies;<\/li>\n<li><strong>Soir\u00e9e networking des CCI fran\u00e7aises \u00e0 l\u2019international<\/strong> : pour les soci\u00e9t\u00e9s souhaitant s\u2019implanter \u00e0 l\u2019\u00e9tranger, le 25 juin \u00e0 Lyon ;<\/li>\n<li><strong>Conf\u00e9rence Lyon Place Financi\u00e8re<\/strong>: \u00ab\u00a0R\u00e9ussir son d\u00e9veloppement international dans un contexte d\u2019incertitude\u00a0\u00bb le 26 juin \u00e0 la CCI de r\u00e9gion\u00a0;<\/li>\n<li><strong>Forum Pays du Golfe des CCE<\/strong>: le 4 juillet.<\/li>\n<\/ul>\n<p><strong><a href=\"http:\/\/www.rdvteamexport.fr\/\" target=\"_blank\" rel=\"noopener nofollow\">Cliquez ici<\/a><\/strong> pour en savoir plus sur cet \u00e9v\u00e9nement\u00a0!<\/p>\n<p><strong>UEIE 2025\u00a0:<\/strong>\u00a0\u00ab\u00a0Performer \u00e0 l\u2019international-Croissance, partenariats et leadership au c\u0153ur des enjeux des entreprises\u00a0\u00bb : c\u2019est sur ce th\u00e8me d\u2019une actualit\u00e9 br\u00fblante en ces temps de bouleversements g\u00e9opolitiques et de chaos commercial que les 200 participants attendus \u00e0 la\u00a07\u00e8me \u00e9dition\u00a0de l\u2019<strong>Universit\u00e9 d\u2019\u00e9t\u00e9 de l\u2019internationalisation des entreprises (UEIE)<\/strong>, dont\u00a0<strong>Le Moci\u00a0est partenaire<\/strong>, plancheront <strong>les 3 et 4 juillet prochains<\/strong>, sur le site de TheCamp, \u00e0 Aix-en-Provence. Lors de cet \u00e9v\u00e9nement organis\u00e9 chaque ann\u00e9e par <strong>CCI France International<\/strong>, les <strong>CCEF<\/strong>, la <strong>Fabrique de l\u2019exportation<\/strong>, <strong>EOC International<\/strong>, l\u2019<strong>OSCI<\/strong> et <strong>Medef International<\/strong>, on discutera donc concr\u00e8tement des strat\u00e9gies internationales des entreprises, les grandes comme les petites, dans un contexte plus que jamais instable au niveau mondial. \u00a0Parmi les t\u00eates d\u2019affiche d\u2019ores et d\u00e9j\u00e0 confirm\u00e9es : \u00a0<strong>Elisabeth Ducottet<\/strong>, CEO de Thuasne,\u00a0<strong>St\u00e9phane Courquin<\/strong>, Senior vice-pr\u00e9sident de la division Afrique de CMA-CGM,\u00a0<strong>Sophie Lacoste Dournel<\/strong>, CEO de Fulsap et\u00a0<strong>Pierre-Antoine Dusoulier<\/strong>, CEO d\u2019Iban-First.<br \/>Pour participer,\u00a0<strong><a href=\"https:\/\/www.ueie.fr\/index.html\" target=\"_blank\" rel=\"noopener nofollow\">cliquez ici\u00a0!<\/a><\/strong><\/p>\n<p><strong>Am\u00e9rique latine\u00a0: <\/strong>Medef International organise <strong>le 3 juin de 14h30 \u00e0 16h<\/strong> une r\u00e9union d\u00e9di\u00e9e \u00e0 l\u2019initiative <strong>\u00ab Global Gateway \u00bb<\/strong>, autour de F\u00e9lix Fernandez-Shaw, directeur pour l\u2019Am\u00e9rique latine et les Cara\u00efbes \u00e0 la Direction g\u00e9n\u00e9rale des partenariats internationaux (INTPA B) de la Commission europ\u00e9enne, pr\u00e9sid\u00e9e par G\u00e9rard Wolf, pr\u00e9sident de la task force Ville durable de Medef International. Faisant suite aux \u00e9changes entre le secteur priv\u00e9 europ\u00e9en et la DG INTPA B lors du colloque des 31 mars et 1er avril \u00e0 Bruxelles, cette r\u00e9union aura pour objectifs de :<\/p>\n<ul>\n<li>pr\u00e9senter les opportunit\u00e9s d\u2019affaires offertes par les projets soutenus dans le cadre de Global Gateway en termes d\u2019infrastructures, de transports, d\u2019\u00e9nergie, de mat\u00e9riaux critiques, d\u2019eau et de num\u00e9rique.<\/li>\n<li>\u00e9changer sur les leviers et les difficult\u00e9s rencontr\u00e9s par les entreprises fran\u00e7aises pour investir dans la r\u00e9gion\u00a0;<\/li>\n<li>faire remonter vos attentes concernant l\u2019orientation strat\u00e9gique de Global Gateway.<\/li>\n<\/ul>\n<p>Pour vous inscrire,<strong> <a href=\"https:\/\/event.medefinternational.fr\/global-gateway-en-amerique-latine-et-dans-les-caraibes-4504?id_mailing=2920&amp;token=0ff28a59878054e1714add98f197c05631e959bea3d3a4a5060bdd1c29e2a270921624fa00f00c0647706501f2367ed30fad3046cd73ec83dfd2702c8eea6f4ec5ed87458eec177859c1dc30226c\" target=\"_blank\" rel=\"noopener nofollow\">cliquez ici\u00a0!<\/a><\/strong><\/p>\n","protected":false},"excerpt":{"rendered":"Royaume-Uni\u00a0: Chefs d\u2019entreprise, d\u00e9cideurs politiques et acteurs de l\u2019industrie des deux x\u00f4t\u00e9s de la Manche ont rendez-vous \u00e0&hellip;\n","protected":false},"author":2,"featured_media":118538,"comment_status":"","ping_status":"","sticky":false,"template":"","format":"standard","meta":{"footnotes":""},"categories":[1588],"tags":[11,5002,2430,1777,674,12,23926,473,1853,23927,1851,1850,1852,23928],"class_list":{"0":"post-118657","1":"post","2":"type-post","3":"status-publish","4":"format-standard","5":"has-post-thumbnail","7":"category-royaume-uni","8":"tag-actualites","9":"tag-amerique-latine","10":"tag-auvergne-rhone-alpes","11":"tag-eu","12":"tag-europe","13":"tag-news","14":"tag-rencontres-de-la-tfe","15":"tag-royaume-uni","16":"tag-royaume-uni-de-grande-bretagne-et-dirlande-du-nord","17":"tag-ueie-2025","18":"tag-uk","19":"tag-united-kingdom","20":"tag-united-kingdom-of-great-britain-and-northern-ireland","21":"tag-vivatech"},"share_on_mastodon":{"url":"https:\/\/pubeurope.com\/@fr\/114549856860190787","error":""},"_links":{"self":[{"href":"https:\/\/www.europesays.com\/fr\/wp-json\/wp\/v2\/posts\/118657","targetHints":{"allow":["GET"]}}],"collection":[{"href":"https:\/\/www.europesays.com\/fr\/wp-json\/wp\/v2\/posts"}],"about":[{"href":"https:\/\/www.europesays.com\/fr\/wp-json\/wp\/v2\/types\/post"}],"author":[{"embeddable":true,"href":"https:\/\/www.europesays.com\/fr\/wp-json\/wp\/v2\/users\/2"}],"replies":[{"embeddable":true,"href":"https:\/\/www.europesays.com\/fr\/wp-json\/wp\/v2\/comments?post=118657"}],"version-history":[{"count":0,"href":"https:\/\/www.europesays.com\/fr\/wp-json\/wp\/v2\/posts\/118657\/revisions"}],"wp:featuredmedia":[{"embeddable":true,"href":"https:\/\/www.europesays.com\/fr\/wp-json\/wp\/v2\/media\/118538"}],"wp:attachment":[{"href":"https:\/\/www.europesays.com\/fr\/wp-json\/wp\/v2\/media?parent=118657"}],"wp:term":[{"taxonomy":"category","embeddable":true,"href":"https:\/\/www.europesays.com\/fr\/wp-json\/wp\/v2\/categories?post=118657"},{"taxonomy":"post_tag","embeddable":true,"href":"https:\/\/www.europesays.com\/fr\/wp-json\/wp\/v2\/tags?post=118657"}],"curies":[{"name":"wp","href":"https:\/\/api.w.org\/{rel}","templated":true}]}}