{"id":118659,"date":"2025-05-22T05:35:15","date_gmt":"2025-05-22T05:35:15","guid":{"rendered":"https:\/\/www.europesays.com\/fr\/118659\/"},"modified":"2025-05-22T05:35:15","modified_gmt":"2025-05-22T05:35:15","slug":"leurope-risque-t-elle-lerreur-404","status":"publish","type":"post","link":"https:\/\/www.europesays.com\/fr\/118659\/","title":{"rendered":"l\u2019Europe risque-t-elle l\u2019erreur 404 ?"},"content":{"rendered":"\n<p>Projetons-nous. Nous sommes en 2030, un peu avant peut-\u00eatre. Comme tous les matins, l\u2019Europe effectue sa requ\u00eate pour des services num\u00e9riques, des batteries \u00e9lectriques, des produits de sant\u00e9, de la d\u00e9fense, de la culture aussi. Et surprise\u2026 \u00ab&amp;nbspErreur 404&amp;nbsp\u00bb. L\u2019Europe a beau cliquer sur le lien hypertexte, le m\u00eame message s\u2019affiche \u00e0 l\u2019\u00e9cran. \u00ab&amp;nbspErreur 404&amp;nbsp\u00bb. Ressource inexistante. Le lien hypertexte adressant la ressource demand\u00e9e ne m\u00e8ne plus nulle part. Le signe \u00e9choue \u00e0 trouver sa d\u00e9notation, pour parler comme les linguistes.<\/p>\n<p>Dans un premier temps, l\u2019Europe croit \u00e0 l\u2019incident technique. En bon utilisateur, elle relance sa machine, esp\u00e9rant des mises \u00e0 jour salutaires. Il faut dire que L\u2019Europe a particuli\u00e8rement besoin de batteries \u00e9lectriques ce matin, le r\u00e9chauffement climatique provoqu\u00e9 par les \u00e9nergies fossiles imposant d\u2019acc\u00e9l\u00e9rer le mouvement en mati\u00e8re de transition \u00e9nerg\u00e9tique. L\u2019Europe clique de nouveau sur le logo repr\u00e9sentant une batterie \u00e9lectrique. Mais ce qui vient n\u2019est pas une batterie, c\u2019est encore l\u2019erreur 404. L\u2019Europe semble vivre la m\u00eame exp\u00e9rience que l\u2019amateur d\u2019art face \u00e0 la pipe de Magritte. Le tableau montre une pipe, mais \u00ab&amp;nbspceci n\u2019est pas une pipe&amp;nbsp\u00bb, nous l\u00e9gende le peintre belge. L\u2019Europe se frotte les yeux, l\u2019instant semble surr\u00e9aliste. Il ne l\u2019est pas.<\/p>\n<p> <strong>L\u2019erreur 404 n\u2019est pas fortuite<\/strong>  <\/p>\n<p>Comment l\u2019Europe en est-elle arriv\u00e9e l\u00e0&amp;nbsp? L\u2019erreur 404 n\u2019est pas fortuite. Elle n\u2019est que la cons\u00e9quence in\u00e9vitable d\u2019une succession d\u2019erreurs originelles.<\/p>\n<p>L\u2019Europe a confondu l\u2019explicite et l\u2019implicite. Jean-Yves Girard logicien reprend l\u2019exemple de la pipe de Magritte, dans Le fant\u00f4me de la transparence (page 40), un livre qui ne cesse d\u2019\u00e9clairer l\u2019instant pr\u00e9sent. Le logicien fantastique nous explique la confusion \u00e0 ne pas faire entre ce qui est tangible, explicite, dans notre cas, la batterie \u00e9lectrique. Et ce qui est seulement sugg\u00e9r\u00e9, l\u2019implicite, dans notre cas, le logo de la batterie en lien hypertexte sur l\u2019\u00e9cran&#8230;.<\/p>\n","protected":false},"excerpt":{"rendered":"Projetons-nous. Nous sommes en 2030, un peu avant peut-\u00eatre. Comme tous les matins, l\u2019Europe effectue sa requ\u00eate pour&hellip;\n","protected":false},"author":2,"featured_media":118660,"comment_status":"","ping_status":"","sticky":false,"template":"","format":"standard","meta":{"footnotes":""},"categories":[1586],"tags":[11,913,23951,893,11440,4915,2830,1777,674,1011,27,12,1427,8131,25,23952],"class_list":{"0":"post-118659","1":"post","2":"type-post","3":"status-publish","4":"format-standard","5":"has-post-thumbnail","7":"category-europe","8":"tag-actualites","9":"tag-croissance","10":"tag-decroissance","11":"tag-energie","12":"tag-energie-nucleaire","13":"tag-energies-fossiles","14":"tag-energies-renouvelables","15":"tag-eu","16":"tag-europe","17":"tag-fr","18":"tag-france","19":"tag-news","20":"tag-opinions","21":"tag-production","22":"tag-republique-francaise","23":"tag-ressources"},"share_on_mastodon":{"url":"https:\/\/pubeurope.com\/@fr\/114549864722395438","error":""},"_links":{"self":[{"href":"https:\/\/www.europesays.com\/fr\/wp-json\/wp\/v2\/posts\/118659","targetHints":{"allow":["GET"]}}],"collection":[{"href":"https:\/\/www.europesays.com\/fr\/wp-json\/wp\/v2\/posts"}],"about":[{"href":"https:\/\/www.europesays.com\/fr\/wp-json\/wp\/v2\/types\/post"}],"author":[{"embeddable":true,"href":"https:\/\/www.europesays.com\/fr\/wp-json\/wp\/v2\/users\/2"}],"replies":[{"embeddable":true,"href":"https:\/\/www.europesays.com\/fr\/wp-json\/wp\/v2\/comments?post=118659"}],"version-history":[{"count":0,"href":"https:\/\/www.europesays.com\/fr\/wp-json\/wp\/v2\/posts\/118659\/revisions"}],"wp:featuredmedia":[{"embeddable":true,"href":"https:\/\/www.europesays.com\/fr\/wp-json\/wp\/v2\/media\/118660"}],"wp:attachment":[{"href":"https:\/\/www.europesays.com\/fr\/wp-json\/wp\/v2\/media?parent=118659"}],"wp:term":[{"taxonomy":"category","embeddable":true,"href":"https:\/\/www.europesays.com\/fr\/wp-json\/wp\/v2\/categories?post=118659"},{"taxonomy":"post_tag","embeddable":true,"href":"https:\/\/www.europesays.com\/fr\/wp-json\/wp\/v2\/tags?post=118659"}],"curies":[{"name":"wp","href":"https:\/\/api.w.org\/{rel}","templated":true}]}}