{"id":118663,"date":"2025-05-22T05:37:11","date_gmt":"2025-05-22T05:37:11","guid":{"rendered":"https:\/\/www.europesays.com\/fr\/118663\/"},"modified":"2025-05-22T05:37:11","modified_gmt":"2025-05-22T05:37:11","slug":"deux-employes-de-lambassade-israelienne-tues-par-balle-a-washington","status":"publish","type":"post","link":"https:\/\/www.europesays.com\/fr\/118663\/","title":{"rendered":"deux employ\u00e9s de l\u2019ambassade isra\u00e9lienne tu\u00e9s par balle \u00e0 Washington"},"content":{"rendered":"<p>Les deux victimes, un homme et une femme, auraient \u00e9t\u00e9 vis\u00e9es mercredi \u00e0 l\u2019ext\u00e9rieur du Mus\u00e9e juif de la capitale. Donald Trump a condamn\u00e9 ces \u00abhorribles meurtres\u00bb motiv\u00e9s par \u00abl\u2019antis\u00e9mitisme\u00bb.<\/p>\n<p class=\"fig-paragraph\">Selon le quotidien isra\u00e9lien Yediot Ahronot, un homme et une femme ont \u00e9t\u00e9 tu\u00e9s par balle mercredi 21 mai au soir \u00e0 l\u2019ext\u00e9rieur du Mus\u00e9e Juif de\u00a0<a href=\"https:\/\/www.lefigaro.fr\/tag\/washington\" target=\"_blank\" rel=\"noopener nofollow\" data-gtm-custom-categorie=\"navigation\" data-gtm-custom-action=\"crossclick\" data-gtm-custom-label=\"Contextuel\" data-gtm-event=\"customEventSPE\">Washington<\/a>, la capitale f\u00e9d\u00e9rale am\u00e9ricaine, o\u00f9 se tenait un \u00e9v\u00e9nement organis\u00e9 par le Comit\u00e9 Juif Am\u00e9ricain.<\/p>\n<p class=\"fig-paragraph\">Selon la cha\u00eene d\u2019information en continu CNN, ces deux personnes seraient li\u00e9es \u00e0 l\u2019ambassade d\u2019<a href=\"https:\/\/www.lefigaro.fr\/tag\/israel\" target=\"_blank\" rel=\"noopener nofollow\" data-gtm-custom-categorie=\"navigation\" data-gtm-custom-action=\"crossclick\" data-gtm-custom-label=\"Contextuel\" data-gtm-event=\"customEventSPE\">Isra\u00ebl<\/a>\u00a0aux\u00a0<a href=\"https:\/\/www.lefigaro.fr\/tag\/etats-unis\" target=\"_blank\" rel=\"noopener nofollow\" data-gtm-custom-categorie=\"navigation\" data-gtm-custom-action=\"crossclick\" data-gtm-custom-label=\"Contextuel\" data-gtm-event=\"customEventSPE\">\u00c9tats-Unis<\/a>. Le journaliste Barak Ravik, du m\u00e9dia Axios, a pr\u00e9cis\u00e9 de son c\u00f4t\u00e9 qu\u2019ils avaient \u00e9t\u00e9 abattus \u00e0 bout portant.<\/p>\n<p class=\"fig-paragraph\">Il s\u2019agirait d\u2019un jeune couple qui \u00e9tait \u00absur le point de se fiancer\u00bb, a indiqu\u00e9 Yechiel Leiter, l\u2019ambassadeur d\u2019Isra\u00ebl aux \u00c9tats-Unis. \u00abUn jeune homme a achet\u00e9 une bague cette semaine avec l\u2019intention de demander sa petite amie en mariage la semaine prochaine \u00e0 J\u00e9rusalem. C\u2019\u00e9tait un couple magnifique\u00bb,\u00a0a-t-il ajout\u00e9.<\/p>\n<p>\u00abLib\u00e9rez la Palestine\u00bb<\/p>\n<p class=\"fig-paragraph\">D\u2019apr\u00e8s des responsables interrog\u00e9s par des m\u00e9dias locaux, un homme a \u00e9t\u00e9 aper\u00e7u en train d\u2019arpenter les abords de ce mus\u00e9e de la capitale am\u00e9ricaine avant d\u2019ouvrir le feu. Le suspect a cri\u00e9 \u00abFree Palestine\u00bb (\u00abLib\u00e9rez la Palestine\u00bb) lors de son arrestation, ont-ils relat\u00e9.<\/p>\n<p class=\"fig-paragraph\">Pamela Smith, chef du d\u00e9partement de la police m\u00e9tropolitaine, a d\u00e9clar\u00e9 lors d\u2019une conf\u00e9rence de presse qu\u2019un suspect a \u00e9t\u00e9 arr\u00eat\u00e9. \u00abNous pensons que la fusillade a \u00e9t\u00e9 commise par un seul suspect, actuellement en garde \u00e0 vue. Avant la fusillade, le suspect a \u00e9t\u00e9 observ\u00e9 en train de faire les cent pas devant le mus\u00e9e\u00bb, a-t-elle d\u00e9clar\u00e9. L\u2019homme, identifi\u00e9 comme \u00e9tant Elias Rodriguez, 30 ans, est originaire de Chicago. \u00abIl s\u2019est approch\u00e9 d\u2019un groupe de quatre personnes, a sorti une arme de poing et a ouvert le feu, touchant nos deux d\u00e9funts\u00bb, a compl\u00e9t\u00e9 Pamela Smith.<\/p>\n<p>\u00abNous enqu\u00eatons activement\u00bb<\/p>\n<p class=\"fig-paragraph\"><a href=\"https:\/\/www.lefigaro.fr\/tag\/donald-trump\" target=\"_blank\" rel=\"noopener nofollow\" data-gtm-custom-categorie=\"navigation\" data-gtm-custom-action=\"crossclick\" data-gtm-custom-label=\"Contextuel\" data-gtm-event=\"customEventSPE\">Donald Trump<\/a>\u00a0a aussit\u00f4t condamn\u00e9 ces \u00abhorribles meurtres\u00bb motiv\u00e9s par \u00abl\u2019antis\u00e9mitisme\u00bb. Le secr\u00e9taire d\u2019\u00c9tat am\u00e9ricain Marco Rubio a par la suite assur\u00e9 que les autorit\u00e9s retrouveraient les responsables de la fusillade. \u00abC\u2019\u00e9tait un acte \u00e9hont\u00e9 de violence l\u00e2che et antis\u00e9mite. Ne vous y trompez pas\u00a0: nous retrouverons les responsables et les traduirons en justice\u00bb, a-t-il \u00e9crit sur le r\u00e9seau social X.<\/p>\n<p class=\"fig-paragraph\">\u00abDeux membres du personnel de l\u2019ambassade isra\u00e9lienne ont \u00e9t\u00e9 tu\u00e9s de mani\u00e8re insens\u00e9e ce soir pr\u00e8s du mus\u00e9e juif de Washington. Nous enqu\u00eatons activement\u00bb, a quant \u00e0 lui \u00e9crit Kristi Noem sur X.<\/p>\n<p class=\"fig-paragraph\">La ministre de la Justice Pam Bondi a d\u00e9clar\u00e9 de son c\u00f4t\u00e9 \u00eatre arriv\u00e9e rapidement sur les lieux. \u00abJe prie pour les victimes de ces violences alors que nous nous effor\u00e7ons d\u2019en savoir plus\u00bb, a-t-elle simplement comment\u00e9, pr\u00e9cisant s\u2019\u00eatre entretenue \u00e0 plusieurs reprises avec Donald Trump par t\u00e9l\u00e9phone ces derni\u00e8res heures \u00e0 ce sujet.<\/p>\n<p>\u00abActe de terrorisme antis\u00e9mite odieux\u00bb<\/p>\n<p class=\"fig-paragraph\">Le directeur du FBI, Kash Patel, a confirm\u00e9 que son \u00e9quipe et lui-m\u00eame avaient \u00e9t\u00e9 inform\u00e9s de la fusillade. \u00abAlors que nous travaillons avec la police m\u00e9tropolitaine pour r\u00e9agir et en savoir plus, priez pour les victimes et leurs familles dans l\u2019imm\u00e9diat\u00bb, a-t-il \u00e9crit sur X.<\/p>\n<p class=\"fig-paragraph\">L\u2019ambassadeur d\u2019Isra\u00ebl aupr\u00e8s des Nations Unies, Danny Danon, a r\u00e9agi aux informations relay\u00e9es par les m\u00e9dias concernant la fusillade, d\u00e9clarant dans un communiqu\u00e9 sur X\u00a0: \u00abLa fusillade mortelle survenue en marge de l\u2019\u00e9v\u00e9nement qui s\u2019est tenu au Mus\u00e9e juif de Washington, DC \u2013 au cours duquel des employ\u00e9s de l\u2019ambassade d\u2019Isra\u00ebl ont \u00e9galement \u00e9t\u00e9 bless\u00e9s \u2013 est un acte de terrorisme antis\u00e9mite odieux.\u00bb<\/p>\n","protected":false},"excerpt":{"rendered":"Les deux victimes, un homme et une femme, auraient \u00e9t\u00e9 vis\u00e9es mercredi \u00e0 l\u2019ext\u00e9rieur du Mus\u00e9e juif de&hellip;\n","protected":false},"author":2,"featured_media":118664,"comment_status":"","ping_status":"","sticky":false,"template":"","format":"standard","meta":{"footnotes":""},"categories":[2],"tags":[259,11,260,6155,834,73,1011,27,14,664,261,12,262,25],"class_list":{"0":"post-118663","1":"post","2":"type-post","3":"status-publish","4":"format-standard","5":"has-post-thumbnail","7":"category-actualites","8":"tag-actualite-internationale","9":"tag-actualites","10":"tag-affaires-etrangeres","11":"tag-antisemitisme","12":"tag-attaque","13":"tag-etats-unis","14":"tag-fr","15":"tag-france","16":"tag-international","17":"tag-israel","18":"tag-ministere-des-affaires-etrangeres","19":"tag-news","20":"tag-politique-etrangere","21":"tag-republique-francaise"},"share_on_mastodon":{"url":"https:\/\/pubeurope.com\/@fr\/114549872620389102","error":""},"_links":{"self":[{"href":"https:\/\/www.europesays.com\/fr\/wp-json\/wp\/v2\/posts\/118663","targetHints":{"allow":["GET"]}}],"collection":[{"href":"https:\/\/www.europesays.com\/fr\/wp-json\/wp\/v2\/posts"}],"about":[{"href":"https:\/\/www.europesays.com\/fr\/wp-json\/wp\/v2\/types\/post"}],"author":[{"embeddable":true,"href":"https:\/\/www.europesays.com\/fr\/wp-json\/wp\/v2\/users\/2"}],"replies":[{"embeddable":true,"href":"https:\/\/www.europesays.com\/fr\/wp-json\/wp\/v2\/comments?post=118663"}],"version-history":[{"count":0,"href":"https:\/\/www.europesays.com\/fr\/wp-json\/wp\/v2\/posts\/118663\/revisions"}],"wp:featuredmedia":[{"embeddable":true,"href":"https:\/\/www.europesays.com\/fr\/wp-json\/wp\/v2\/media\/118664"}],"wp:attachment":[{"href":"https:\/\/www.europesays.com\/fr\/wp-json\/wp\/v2\/media?parent=118663"}],"wp:term":[{"taxonomy":"category","embeddable":true,"href":"https:\/\/www.europesays.com\/fr\/wp-json\/wp\/v2\/categories?post=118663"},{"taxonomy":"post_tag","embeddable":true,"href":"https:\/\/www.europesays.com\/fr\/wp-json\/wp\/v2\/tags?post=118663"}],"curies":[{"name":"wp","href":"https:\/\/api.w.org\/{rel}","templated":true}]}}