{"id":118667,"date":"2025-05-22T05:39:23","date_gmt":"2025-05-22T05:39:23","guid":{"rendered":"https:\/\/www.europesays.com\/fr\/118667\/"},"modified":"2025-05-22T05:39:23","modified_gmt":"2025-05-22T05:39:23","slug":"famille-bayrou-omerta-france-2-passe-le-scandale-en-revue","status":"publish","type":"post","link":"https:\/\/www.europesays.com\/fr\/118667\/","title":{"rendered":"famille Bayrou, omerta\u2026 France 2\u00a0passe le scandale en revue"},"content":{"rendered":"<p>        <img decoding=\"async\" loading=\"lazy\" src=\"https:\/\/www.europesays.com\/fr\/wp-content\/uploads\/2025\/05\/713bcd1_sirius-fs-upload-1-5s7j9iggube4-1747240443936-000-46nu8pu.jpg\"  width=\"728\" height=\"409\" alt=\"Tendue, l\u2019audition de Bayrou sur B\u00e9tharram a vir\u00e9 au bazar \u00e0 cause d\u2019une vid\u00e9o\"\/>  <\/p>\n<p>ALAIN JOCARD \/ AFP<\/p>\n<p>Tendue, l\u2019audition de Bayrou sur B\u00e9tharram a vir\u00e9 au bazar \u00e0 cause d\u2019une vid\u00e9o<\/p>\n<p class=\"asset asset-text\">T\u00c9L\u00c9VISION &#8211; Une affaire tentaculaire efficacement racont\u00e9e en un peu moins d\u2019une heure.  Compl\u00e9ment d\u2019enqu\u00eate diffuse, ce jeudi 22\u00a0mai sur France 2, un num\u00e9ro consacr\u00e9 <a href=\"https:\/\/www.huffingtonpost.fr\/politique\/article\/bayrou-a-t-il-convaincu-sur-betharram-le-verdict-du-premier-sondage-apres-son-audition_250183.html\" target=\"_blank\" rel=\"noopener\">au scandale p\u00e9docriminel de B\u00e9tharram.<\/a> Du nom de cet \u00e9tablissement scolaire priv\u00e9, situ\u00e9 entre Pau et Lourdes, et contre lequel pr\u00e8s de 200\u00a0personnes ont d\u00e9pos\u00e9 plainte pour y avoir subi des violences physiques et sexuelles.<\/p>\n<p class=\"asset asset-text\">Une semaine apr\u00e8s l\u2019audition \u00e9ruptive de <a href=\"https:\/\/www.huffingtonpost.fr\/politique\/article\/francois-bayrou-a-muscle-sa-defense-sur-betharram-mais-sans-faire-oublier-ses-contradictions_250034.html\" target=\"_blank\" rel=\"noopener\">Fran\u00e7ois Bayrou<\/a> par la commission d\u2019enqu\u00eate parlementaire, le documentaire de France 2\u00a0a mis les formes avec des images et des documents relativement in\u00e9dits. Si les cam\u00e9ras n\u2019ont visiblement pas pu entrer dans l\u2019\u00e9tablissement, <a href=\"https:\/\/www.huffingtonpost.fr\/politique\/article\/affaire-betharram-francois-bayrou-veut-une-autorite-independante-sur-les-violences-contre-les-enfants_250046.html\" target=\"_blank\" rel=\"noopener\">ce sont des clich\u00e9s de l\u2019int\u00e9rieur de l\u2019\u00e9tablissement<\/a>, tel le r\u00e9fectoire ou certaines parties communes qui sont montr\u00e9s.<\/p>\n<p class=\"asset asset-text\">Sur le fond de l\u2019affaire, le documentaire d\u00e9cortique, \u00e0 force de t\u00e9moignages et d\u2019interviews, le syst\u00e8me de l\u2019omerta et des moyens de pression mis en place par ceux qui voulaient d\u00e9fendre \u00e0 tout prix l\u2019\u00e9tablissement. M\u00eame si \u00ab\u00a0tout le monde savait\u00a0\u00bb pour ce \u00ab\u00a0village des p\u00e9dophiles\u00a0\u00bb.<\/p>\n<p>    Pression politique et confidences familiales    <\/p>\n<p class=\"asset asset-text\">Deux moments interpellent particuli\u00e8rement dans les t\u00e9moignages et visent notamment l\u2019entourage du Premier ministre. Un ancien \u00e9l\u00e8ve assure ainsi face cam\u00e9ra avoir confi\u00e9 \u00e0 Elisabeth Bayrou son mal-\u00eatre au sein de l\u2019\u00e9cole, mais que cette derni\u00e8re qui a donn\u00e9 des cours de cat\u00e9chisme pendant neuf  mois \u00e0 B\u00e9tharram \u00ab\u00a0a toujours essay\u00e9 de relativiser\u00a0\u00bb. Selon ce t\u00e9moin, \u00ab\u00a0elle n\u2019a jamais pris en compte notre parole\u00a0\u00bb.<\/p>\n<p> La lecture de ce contenu est susceptible d\u2019entra\u00eener un d\u00e9p\u00f4t de cookies de la part de l\u2019op\u00e9rateur tiers qui l\u2019h\u00e9berge. Compte-tenu des choix que vous avez exprim\u00e9s en mati\u00e8re de d\u00e9p\u00f4t de cookies, nous avons bloqu\u00e9 l\u2019affichage de ce contenu. Si vous souhaitez y acc\u00e9der, vous devez accepter la cat\u00e9gorie de cookies \u201cContenus tiers\u201d en cliquant sur le bouton ci-dessous. <\/p>\n<p> Lire la Vid\u00e9o        <\/p>\n<p class=\"asset asset-text\">Pire peut-\u00eatre, Jean-Fran\u00e7ois Lacoste-S\u00e9ris, parent d\u2019\u00e9l\u00e8ve dont le fils, Marc, avait perdu 40\u00a0% de son audition apr\u00e8s une baffe par un surveillant, et qui a port\u00e9 plainte en 1995, raconte avoir subi des pressions. Selon lui, Pierre Laguilhon (d\u00e9c\u00e9d\u00e9 en 2015) qui \u00e9tait le suppl\u00e9ant de Fran\u00e7ois Bayrou \u00e0 l\u2019\u00e9poque, et a d\u2019ailleurs pris son si\u00e8ge de d\u00e9put\u00e9 lorsqu\u2019il est devenu ministre de l\u2019\u00c9ducation nationale, l\u2019a interpell\u00e9 pour le d\u00e9courager de d\u00e9poser plainte\u00a0: \u00ab\u00a0C\u2019\u00e9tait un bin\u00f4me ins\u00e9parable, et on ne peut pas imaginer que monsieur Bayrou n\u2019ait pas eu une seule fois \u00e9cho de ce qui se passait \u00e0 B\u00e9tharram\u00a0\u00bb.<\/p>\n<p class=\"asset asset-text\">Cet \u00e9pisode de la gifle donnera d\u2019ailleurs lieu au fameux rapport de 1996, demand\u00e9 par Fran\u00e7ois Bayrou,\u00a0sur lequel l\u00e0 aussi le documentaire revient en longueur. Et ce, en mettant l\u2019accent sur ses zones d\u2019ombre, alors que l\u2019inspecteur qui l\u2019a effectu\u00e9 admet lui-m\u00eame qu\u2019il l\u2019a \u00ab\u00a0b\u00e2cl\u00e9\u00a0\u00bb.<\/p>\n<p class=\"asset asset-text\">De la m\u00eame mani\u00e8re, \u00ab\u00a0Compl\u00e9ment d\u2019enqu\u00eate\u00a0\u00bb est all\u00e9 jusqu\u2019en Italie pour retrouver ceux qui avaient fr\u00e9quent\u00e9 le p\u00e8re Carricart. Pourtant sous le coup d\u2019une enqu\u00eate en France, il a \u00e9t\u00e9 \u00ab\u00a0exfiltr\u00e9\u00a0\u00bb \u00e0 Rome, o\u00f9 il s\u2019est suicid\u00e9,  apr\u00e8s avoir \u00e9t\u00e9 accus\u00e9 de viol par un \u00e9l\u00e8ve en 1998. France 2\u00a0donne \u00e9galement la parole \u00e0 H\u00e9l\u00e8ne Perlant la fille de Fran\u00e7ois Bayrou, qui continue de garder ses distances avec le Premier ministre, mais \u00e9galement Alain Esquerre, ancien \u00e9l\u00e8ve, et la professeure Fran\u00e7oise Gullung, dont les r\u00f4les dans cette affaire sont r\u00e9guli\u00e8rement qualifi\u00e9 de lanceur d\u2019alerte.<\/p>\n<p class=\"asset asset-text\">\u00ab\u00a0Compl\u00e9ment d\u2019enqu\u00eate\u00a0\u00bb\u00a0: \u00ab\u00a0Abus, silence et compromissions\u00a0: le scandale B\u00e9tharram\u00a0\u00bb, est \u00e0 retrouver sur France 2 \u00e0 partir de 23\u00a0heures ce jeudi 22\u00a0mai.<\/p>\n<p class=\"asset asset-text\"><strong>\u00c0 voir \u00e9galement sur Le HuffPost\u00a0: <\/strong><\/p>\n<p> La lecture de ce contenu est susceptible d\u2019entra\u00eener un d\u00e9p\u00f4t de cookies de la part de l\u2019op\u00e9rateur tiers qui l\u2019h\u00e9berge. Compte-tenu des choix que vous avez exprim\u00e9s en mati\u00e8re de d\u00e9p\u00f4t de cookies, nous avons bloqu\u00e9 l\u2019affichage de ce contenu. Si vous souhaitez y acc\u00e9der, vous devez accepter la cat\u00e9gorie de cookies \u201cContenus tiers\u201d en cliquant sur le bouton ci-dessous. <\/p>\n<p> Lire la Vid\u00e9o                <\/p>\n","protected":false},"excerpt":{"rendered":"ALAIN JOCARD \/ AFP Tendue, l\u2019audition de Bayrou sur B\u00e9tharram a vir\u00e9 au bazar \u00e0 cause d\u2019une vid\u00e9o&hellip;\n","protected":false},"author":2,"featured_media":118668,"comment_status":"","ping_status":"","sticky":false,"template":"","format":"standard","meta":{"footnotes":""},"categories":[4],"tags":[11,7765,1011,27,594,431,12,316,25,252],"class_list":{"0":"post-118667","1":"post","2":"type-post","3":"status-publish","4":"format-standard","5":"has-post-thumbnail","7":"category-france","8":"tag-actualites","9":"tag-affaire-betharram","10":"tag-fr","11":"tag-france","12":"tag-france-2","13":"tag-francois-bayrou","14":"tag-news","15":"tag-politique","16":"tag-republique-francaise","17":"tag-television"},"share_on_mastodon":{"url":"https:\/\/pubeurope.com\/@fr\/114549880529204742","error":""},"_links":{"self":[{"href":"https:\/\/www.europesays.com\/fr\/wp-json\/wp\/v2\/posts\/118667","targetHints":{"allow":["GET"]}}],"collection":[{"href":"https:\/\/www.europesays.com\/fr\/wp-json\/wp\/v2\/posts"}],"about":[{"href":"https:\/\/www.europesays.com\/fr\/wp-json\/wp\/v2\/types\/post"}],"author":[{"embeddable":true,"href":"https:\/\/www.europesays.com\/fr\/wp-json\/wp\/v2\/users\/2"}],"replies":[{"embeddable":true,"href":"https:\/\/www.europesays.com\/fr\/wp-json\/wp\/v2\/comments?post=118667"}],"version-history":[{"count":0,"href":"https:\/\/www.europesays.com\/fr\/wp-json\/wp\/v2\/posts\/118667\/revisions"}],"wp:featuredmedia":[{"embeddable":true,"href":"https:\/\/www.europesays.com\/fr\/wp-json\/wp\/v2\/media\/118668"}],"wp:attachment":[{"href":"https:\/\/www.europesays.com\/fr\/wp-json\/wp\/v2\/media?parent=118667"}],"wp:term":[{"taxonomy":"category","embeddable":true,"href":"https:\/\/www.europesays.com\/fr\/wp-json\/wp\/v2\/categories?post=118667"},{"taxonomy":"post_tag","embeddable":true,"href":"https:\/\/www.europesays.com\/fr\/wp-json\/wp\/v2\/tags?post=118667"}],"curies":[{"name":"wp","href":"https:\/\/api.w.org\/{rel}","templated":true}]}}