{"id":118670,"date":"2025-05-22T05:41:09","date_gmt":"2025-05-22T05:41:09","guid":{"rendered":"https:\/\/www.europesays.com\/fr\/118670\/"},"modified":"2025-05-22T05:41:09","modified_gmt":"2025-05-22T05:41:09","slug":"volley-ball-les-centurions-narbonne-officialisent-le-retour-du-receptionneur-attaquant-willner-rivas","status":"publish","type":"post","link":"https:\/\/www.europesays.com\/fr\/118670\/","title":{"rendered":"Volley-ball\u00a0: les Centurions Narbonne officialisent le retour du r\u00e9ceptionneur-attaquant Willner Rivas"},"content":{"rendered":"<p>\n                                                                Ce V\u00e9n\u00e9zu\u00e9lien globe-trotter de 30 ans (1\u00a0m 94), qui avait \u00e9clabouss\u00e9 la Ligue A (SpikeLigue) de toute sa classe en 2022-2023, signe \u00e0 nouveau \u00e0 Narbonne. Les Centurions continuent leur recrutement pour la saison 2025-2026 avec un Willner Rivas de retour.\n                            <\/p>\n<p>Willner Rivas, r\u00e9ceptionneur-attaquant, international v\u00e9n\u00e9zu\u00e9lien de 30 ans, pass\u00e9 par les Centurions Narbonne en 2022-2023, \u00e9voluant cette saison\u00a0\u00e0 Cisterna en Italie sous la f\u00e9rule de l\u2019ex-coach des Centurions, Guillermo Falasca, a \u00e0 nouveau sign\u00e9 dans l\u2019Aude, comme l\u2019annon\u00e7ait d\u00e9j\u00e0\u00a0lindependant.fr d\u00e8s le 7\u00a0avril 2025. D\u00e9sormais, c\u2019est officiel.<\/p>\n<p class=\"std-elt__inline\">\n        <strong>\u00c0 lire aussi :<\/strong><br \/>\n        <a href=\"https:\/\/www.lindependant.fr\/2025\/04\/07\/un-des-meilleurs-joueurs-de-volley-ball-de-lhistoire-de-narbonne-sappreterait-a-revenir-au-club-12621421.php\" rel=\"nofollow noopener\" target=\"_blank\">Un des meilleurs joueurs de volley-ball de l\u2019histoire de Narbonne s\u2019appr\u00eaterait \u00e0 revenir au club<\/a>\n    <\/p>\n<p>Apr\u00e8s son d\u00e9part du Sud de la France, il avait sign\u00e9 \u00e0 Qadsia au Kowe\u00eft avant donc de rejoindre l\u2019Italie.\u00a0Willner Rivas Quijada est un ph\u00e9nom\u00e8ne. Il avait d\u00e9barqu\u00e9 sur les bords de la Robine en provenance du club de Police S.C. au Qatar o\u00f9 il venait de passer deux saisons.<\/p>\n<p>Un globe-trotter<\/p>\n<p>Avant cela, il avait \u00e9volu\u00e9 au Gigantes Del Sur (2019-2020) en Argentine, au Police S.C. au Qatar (2018-2019) \u2013 d\u00e9j\u00e0\u00a0! \u2013, au Tannourine Club (2017-2018) au Liban, \u00e0 l\u2019Afyon Belediye (2016-2017) en Turquie, au Lausanne UC (2015-2016) en Suisse et au Distrito Capital (2013-2015) chez lui au Venezuela \u00e0 Caracas.<\/p>\n<p>Ce V\u00e9n\u00e9zu\u00e9lien globe-trotter de 30\u00a0ans (1\u00a0m 94) avait \u00e9clabouss\u00e9 la Ligue A (SpikeLigue) de toute sa classe en 2022-2023. \u00c0 l\u2019\u00e9poque, Willner Rivas\u00a0avait d\u2019ailleurs \u00e9t\u00e9 \u00e9lu meilleur attaquant du championnat. Avec Narbonne, il avait atteint la quatri\u00e8me place de la saison r\u00e9guli\u00e8re et avait \u00e9t\u00e9 \u00e9limin\u00e9 en quarts de finale face \u00e0 Tourcoing\u2026 En coupe d\u2019Europe (CEV Cup), cette ann\u00e9e-l\u00e0, les Centurions Narbonne n\u2019avaient pu d\u00e9passer le stade des huiti\u00e8mes de finale, apr\u00e8s une d\u00e9faite contre les Polonais de Belchatow\u2026<\/p>\n<blockquote>\n<p>Il avait tout cass\u00e9.<\/p>\n<\/blockquote>\n<p>\u00ab\u00a0Willner avait\u00a0ador\u00e9 son passage \u00e0 Narbonne car avant cela, il n\u2019avait go\u00fbt\u00e9 disons, qu\u2019\u00e0 des championnats exotiques. C\u2019est d\u2019ailleurs pour cette raison qu\u2019il avait mis quatre matches \u00e0 vraiment entrer dans la saison\u00a0\u00bb, se rem\u00e9more\u00a0le manager g\u00e9n\u00e9ral des Centurions Michel Mandrou.<\/p>\n<p>\u00ab\u00a0Apr\u00e8s, il avait tout cass\u00e9. Lors des phases finales, il avait vraiment pris conscience que ce championnat \u00e9tait long et difficile mais \u00e7a lui avait beaucoup plu. Ensuite, la situation \u00e9tait devenue \u00e9conomiquement compliqu\u00e9e pour le club et on n\u2019avait pas pu le conserver, m\u00eame si lui aurait aim\u00e9 rester. Apr\u00e8s Narbonne, il est parti au Kowe\u00eft avant de retrouver Guillermo Falasca en Italie \u00e0 Cisterna o\u00f9 \u00e7\u2019a \u00e9t\u00e9 dur pour lui, son niveau en r\u00e9ception \u00e9tant peu adapt\u00e9 au championnat transalpin. Il a donc peu jou\u00e9 l\u00e0-bas mais il est en tr\u00e8s grande forme et a encore progress\u00e9 depuis son passage chez nous. Il cherchait un nouveau challenge et nous, on est tr\u00e8s heureux de l\u2019accueillir \u00e0 nouveau. Il est content de retrouver le championnat de France et lui et sa famille sont tr\u00e8s satisfaits de renouer avec la qualit\u00e9 de vie narbonnaise.\u00a0\u00bb<\/p>\n<p>Voil\u00e0 qui ravira les aficionados narbonnais.<\/p>\n","protected":false},"excerpt":{"rendered":"Ce V\u00e9n\u00e9zu\u00e9lien globe-trotter de 30 ans (1\u00a0m 94), qui avait \u00e9clabouss\u00e9 la Ligue A (SpikeLigue) de toute sa&hellip;\n","protected":false},"author":2,"featured_media":118671,"comment_status":"","ping_status":"","sticky":false,"template":"","format":"standard","meta":{"footnotes":""},"categories":[1417],"tags":[1011,27,60,1470,1469],"class_list":{"0":"post-118670","1":"post","2":"type-post","3":"status-publish","4":"format-standard","5":"has-post-thumbnail","7":"category-volley","8":"tag-fr","9":"tag-france","10":"tag-sports","11":"tag-volley","12":"tag-volleyball"},"share_on_mastodon":{"url":"https:\/\/pubeurope.com\/@fr\/114549888386481532","error":""},"_links":{"self":[{"href":"https:\/\/www.europesays.com\/fr\/wp-json\/wp\/v2\/posts\/118670","targetHints":{"allow":["GET"]}}],"collection":[{"href":"https:\/\/www.europesays.com\/fr\/wp-json\/wp\/v2\/posts"}],"about":[{"href":"https:\/\/www.europesays.com\/fr\/wp-json\/wp\/v2\/types\/post"}],"author":[{"embeddable":true,"href":"https:\/\/www.europesays.com\/fr\/wp-json\/wp\/v2\/users\/2"}],"replies":[{"embeddable":true,"href":"https:\/\/www.europesays.com\/fr\/wp-json\/wp\/v2\/comments?post=118670"}],"version-history":[{"count":0,"href":"https:\/\/www.europesays.com\/fr\/wp-json\/wp\/v2\/posts\/118670\/revisions"}],"wp:featuredmedia":[{"embeddable":true,"href":"https:\/\/www.europesays.com\/fr\/wp-json\/wp\/v2\/media\/118671"}],"wp:attachment":[{"href":"https:\/\/www.europesays.com\/fr\/wp-json\/wp\/v2\/media?parent=118670"}],"wp:term":[{"taxonomy":"category","embeddable":true,"href":"https:\/\/www.europesays.com\/fr\/wp-json\/wp\/v2\/categories?post=118670"},{"taxonomy":"post_tag","embeddable":true,"href":"https:\/\/www.europesays.com\/fr\/wp-json\/wp\/v2\/tags?post=118670"}],"curies":[{"name":"wp","href":"https:\/\/api.w.org\/{rel}","templated":true}]}}