{"id":118672,"date":"2025-05-22T05:42:15","date_gmt":"2025-05-22T05:42:15","guid":{"rendered":"https:\/\/www.europesays.com\/fr\/118672\/"},"modified":"2025-05-22T05:42:15","modified_gmt":"2025-05-22T05:42:15","slug":"elite-2-pierre-louis-bourrel-beaucoup-de-deception-car-cette-finale-nous-tendait-les-bras-rugby-a-xiii","status":"publish","type":"post","link":"https:\/\/www.europesays.com\/fr\/118672\/","title":{"rendered":"Elite 2 &#8211; Pierre-Louis Bourrel : \u00ab\u00a0Beaucoup de d\u00e9ception car cette finale nous tendait les bras\u00a0\u00bb &#8211; Rugby \u00e0 XIII"},"content":{"rendered":"<p style=\"text-align: justify;\"><strong>Pierre-Louis Bourrel, entraineur-joueur du VARL, revient sur la finale d\u2019Elite 2 perdue 20 \u00e0 17 contre Palau XIII.<\/strong><\/p>\n<blockquote>\n<p style=\"text-align: justify;\">Beaucoup de d\u00e9ception, car cette finale nous tendait les bras. On fait des fautes individuelles qui nous coutent trop cher. Notre seconde mi-temps est rat\u00e9e compl\u00e8tement et quelques d\u00e9cisions arbitrales ne sont pas en notre faveur. Tout \u00e9tait r\u00e9uni pour que Palau soit champion, ils le sont, bravo \u00e0 eux. Je d\u00e9plore cependant le comportement plus que d\u00e9plac\u00e9 que certains joueurs dont quelques membres du staff ont eu tout au long de la partie, en mena\u00e7ant ou en insultant gratuitement, ce n\u2019est pas ma conception des valeurs du rugby. Encore un grand merci au club du VARL pour cette ann\u00e9e. On reviendra plus fort.<\/p>\n<\/blockquote>\n<p><strong>Treize Mondial<br \/><a href=\"https:\/\/www.facebook.com\/13Mondial\" target=\"_blank\" rel=\"noopener\"><img loading=\"lazy\" decoding=\"async\" class=\"alignnone wp-image-217097\" src=\"https:\/\/www.europesays.com\/fr\/wp-content\/uploads\/2025\/04\/logo-facebook.png\" alt=\"\" width=\"40\" height=\"40\"  \/><\/a> <a href=\"https:\/\/twitter.com\/XIIIMondial\" target=\"_blank\" rel=\"noopener\"><img loading=\"lazy\" decoding=\"async\" class=\"alignnone wp-image-217098\" src=\"https:\/\/www.europesays.com\/fr\/wp-content\/uploads\/2025\/04\/logo-twitter.png\" alt=\"\" width=\"39\" height=\"39\"  \/><\/a><\/strong><\/p>\n<p>        <script async src=\"https:\/\/platform.twitter.com\/widgets.js\" charset=\"utf-8\"><\/script><\/p>\n","protected":false},"excerpt":{"rendered":"Pierre-Louis Bourrel, entraineur-joueur du VARL, revient sur la finale d\u2019Elite 2 perdue 20 \u00e0 17 contre Palau XIII.&hellip;\n","protected":false},"author":2,"featured_media":118673,"comment_status":"","ping_status":"","sticky":false,"template":"","format":"standard","meta":{"footnotes":""},"categories":[1416],"tags":[7944,1011,27,23953,479,2228,1468,2229,60,7945],"class_list":{"0":"post-118672","1":"post","2":"type-post","3":"status-publish","4":"format-standard","5":"has-post-thumbnail","7":"category-rugby","8":"tag-elite-2","9":"tag-fr","10":"tag-france","11":"tag-pierre-louis-bourrel","12":"tag-rugby","13":"tag-rugby-a-xiii","14":"tag-rugby-football","15":"tag-rugby-league","16":"tag-sports","17":"tag-varl"},"share_on_mastodon":{"url":"https:\/\/pubeurope.com\/@fr\/114549892416665472","error":""},"_links":{"self":[{"href":"https:\/\/www.europesays.com\/fr\/wp-json\/wp\/v2\/posts\/118672","targetHints":{"allow":["GET"]}}],"collection":[{"href":"https:\/\/www.europesays.com\/fr\/wp-json\/wp\/v2\/posts"}],"about":[{"href":"https:\/\/www.europesays.com\/fr\/wp-json\/wp\/v2\/types\/post"}],"author":[{"embeddable":true,"href":"https:\/\/www.europesays.com\/fr\/wp-json\/wp\/v2\/users\/2"}],"replies":[{"embeddable":true,"href":"https:\/\/www.europesays.com\/fr\/wp-json\/wp\/v2\/comments?post=118672"}],"version-history":[{"count":0,"href":"https:\/\/www.europesays.com\/fr\/wp-json\/wp\/v2\/posts\/118672\/revisions"}],"wp:featuredmedia":[{"embeddable":true,"href":"https:\/\/www.europesays.com\/fr\/wp-json\/wp\/v2\/media\/118673"}],"wp:attachment":[{"href":"https:\/\/www.europesays.com\/fr\/wp-json\/wp\/v2\/media?parent=118672"}],"wp:term":[{"taxonomy":"category","embeddable":true,"href":"https:\/\/www.europesays.com\/fr\/wp-json\/wp\/v2\/categories?post=118672"},{"taxonomy":"post_tag","embeddable":true,"href":"https:\/\/www.europesays.com\/fr\/wp-json\/wp\/v2\/tags?post=118672"}],"curies":[{"name":"wp","href":"https:\/\/api.w.org\/{rel}","templated":true}]}}