{"id":118674,"date":"2025-05-22T05:43:09","date_gmt":"2025-05-22T05:43:09","guid":{"rendered":"https:\/\/www.europesays.com\/fr\/118674\/"},"modified":"2025-05-22T05:43:09","modified_gmt":"2025-05-22T05:43:09","slug":"atp-hambourg-zverev-battu-par-un-francais-a-quatre-jours-du-debut-de-roland-garros","status":"publish","type":"post","link":"https:\/\/www.europesays.com\/fr\/118674\/","title":{"rendered":"ATP &#8211; Hambourg > Zverev battu par un Fran\u00e7ais \u00e0 quatre jours du d\u00e9but de Roland-Garros !"},"content":{"rendered":"<p>Petite sensa\u00adtion \u00e0 quatre jours du d\u00e9but de Roland\u2010Garros (25 mai au 8\u00a0juin).\u00a0<\/p>\n<p>Alors qu\u2019il a d\u00e9cid\u00e9 de jouer \u00e0 domi\u00adcile l\u2019ATP 500 d\u2019Hambourg avant de se rendre \u00e0 Paris, Alexander Zverev a \u00e9t\u00e9 sorti d\u00e8s les huiti\u00e8mes de finale par le Fran\u00e7ais Alexandre Muller (40e mondial) : 6\u20133, 4\u20136, 7\u20136(5), en 2h42 de\u00a0jeu.\u00a0<\/p>\n<p>Tr\u00e8s solide et coura\u00adgeux face \u00e0 un num\u00e9ro 3 mondial assez tendu, le joueur trico\u00adlore remporte la plus belle victoire de sa carri\u00e8re, sa deuxi\u00e8me face \u00e0 un top 10 et sa premi\u00e8re face \u00e0 un top\u00a05.\u00a0<\/p>\n<blockquote class=\"twitter-tweet\">\n<p lang=\"en\" dir=\"ltr\">Harder, Better, Faster, MULLER \ud83c\uddeb\ud83c\uddf7<a href=\"https:\/\/twitter.com\/Alex2Mumu?ref_src=twsrc%5Etfw\" data-wpel-link=\"external\" target=\"_blank\" rel=\"nofollow external noopener\">@Alex2Mumu<\/a> knocks out world No.3 Zverev 6\u20133 4\u20136 7\u20136\u202fin Hamburg for the biggest win of his career!!<a href=\"https:\/\/twitter.com\/hamburgopenatp?ref_src=twsrc%5Etfw\" data-wpel-link=\"external\" target=\"_blank\" rel=\"nofollow external noopener\">@hamburgopenatp<\/a> <a href=\"https:\/\/t.co\/SWzBJwDamV\" data-wpel-link=\"external\" target=\"_blank\" rel=\"nofollow external noopener\">pic.twitter.com\/SWzBJwDamV<\/a><\/p>\n<p>\u2014 Tennis TV (@TennisTV) <a href=\"https:\/\/twitter.com\/TennisTV\/status\/1925234712265544173?ref_src=twsrc%5Etfw\" data-wpel-link=\"external\" target=\"_blank\" rel=\"nofollow external noopener\">May 21,\u00a02025<\/a><\/p><\/blockquote>\n<p>Zverev va d\u00e9sor\u00admais se concen\u00adtrer sur son plus grand objectif\u00a0: Roland\u2010Garros, o\u00f9 il \u00e9tait fina\u00adliste l\u2019an dernier et o\u00f9 il visera une nouvelle fois un premier titre en Grand Chelem.\u00a0<\/p>\n<p>Alexandre Muller affron\u00adtera lui en quarts de finale du tournoi alle\u00admand soit son compa\u00adtriote Giovanni Mpetshi Perricard soit le Canadien Felix Auger\u2010Aliassime.<\/p>\n<p class=\"post-published-date\" style=\"color: silver; font-size: 75%; text-align: left;\">Publi\u00e9 le mercredi 21 mai 2025 \u00e0 19:03<\/p>\n<p><script async src=\"https:\/\/platform.twitter.com\/widgets.js\" charset=\"utf-8\"><\/script><\/p>\n","protected":false},"excerpt":{"rendered":"Petite sensa\u00adtion \u00e0 quatre jours du d\u00e9but de Roland\u2010Garros (25 mai au 8\u00a0juin).\u00a0 Alors qu\u2019il a d\u00e9cid\u00e9 de&hellip;\n","protected":false},"author":2,"featured_media":8884,"comment_status":"","ping_status":"","sticky":false,"template":"","format":"standard","meta":{"footnotes":""},"categories":[1415],"tags":[14496,1011,27,60,1467,4542],"class_list":{"0":"post-118674","1":"post","2":"type-post","3":"status-publish","4":"format-standard","5":"has-post-thumbnail","7":"category-tennis","8":"tag-auger-aliassime","9":"tag-fr","10":"tag-france","11":"tag-sports","12":"tag-tennis","13":"tag-zverev"},"share_on_mastodon":{"url":"https:\/\/pubeurope.com\/@fr\/114549896444940208","error":""},"_links":{"self":[{"href":"https:\/\/www.europesays.com\/fr\/wp-json\/wp\/v2\/posts\/118674","targetHints":{"allow":["GET"]}}],"collection":[{"href":"https:\/\/www.europesays.com\/fr\/wp-json\/wp\/v2\/posts"}],"about":[{"href":"https:\/\/www.europesays.com\/fr\/wp-json\/wp\/v2\/types\/post"}],"author":[{"embeddable":true,"href":"https:\/\/www.europesays.com\/fr\/wp-json\/wp\/v2\/users\/2"}],"replies":[{"embeddable":true,"href":"https:\/\/www.europesays.com\/fr\/wp-json\/wp\/v2\/comments?post=118674"}],"version-history":[{"count":0,"href":"https:\/\/www.europesays.com\/fr\/wp-json\/wp\/v2\/posts\/118674\/revisions"}],"wp:featuredmedia":[{"embeddable":true,"href":"https:\/\/www.europesays.com\/fr\/wp-json\/wp\/v2\/media\/8884"}],"wp:attachment":[{"href":"https:\/\/www.europesays.com\/fr\/wp-json\/wp\/v2\/media?parent=118674"}],"wp:term":[{"taxonomy":"category","embeddable":true,"href":"https:\/\/www.europesays.com\/fr\/wp-json\/wp\/v2\/categories?post=118674"},{"taxonomy":"post_tag","embeddable":true,"href":"https:\/\/www.europesays.com\/fr\/wp-json\/wp\/v2\/tags?post=118674"}],"curies":[{"name":"wp","href":"https:\/\/api.w.org\/{rel}","templated":true}]}}