{"id":118675,"date":"2025-05-22T05:44:08","date_gmt":"2025-05-22T05:44:08","guid":{"rendered":"https:\/\/www.europesays.com\/fr\/118675\/"},"modified":"2025-05-22T05:44:08","modified_gmt":"2025-05-22T05:44:08","slug":"assia-determinee-a-entrainer-meme-confrontee-a-un-mur-du-cote-de-la-federation-de-basket","status":"publish","type":"post","link":"https:\/\/www.europesays.com\/fr\/118675\/","title":{"rendered":"Assia, d\u00e9termin\u00e9e \u00e0 entra\u00eener, m\u00eame \u00ab\u00a0confront\u00e9e \u00e0 un mur\u00a0\u00bb du c\u00f4t\u00e9 de la F\u00e9d\u00e9ration de basket"},"content":{"rendered":"<p>R\u00e9cup\u00e9rer le ballon de <a href=\"https:\/\/www.20minutes.fr\/sport\/basketball\/\" class=\"color-ultramarine c-link\" target=\"_blank\" rel=\"noopener\">basket<\/a> d\u2019une main, viser le panier, marquer. Apr\u00e8s avoir r\u00e9parti en bin\u00f4me ses \u00e9l\u00e8ves, Assia Verhoeven, 25 ans, distille ses conseils. Dans un gymnase <a href=\"https:\/\/www.20minutes.fr\/dossier\/ivry\" class=\"color-ultramarine c-link\" target=\"_blank\" rel=\"noopener\">d\u2019Ivry-sur-Seine<\/a> (Val-de-Marne) mi-avril, la coach a ax\u00e9 sa s\u00e9ance sur la d\u00e9fense collective de son \u00e9quipe, une dizaine de filles de 13 et 14 ans. En entra\u00eenement, <a href=\"https:\/\/www.20minutes.fr\/justice\/4151101-20250430-yvelines-femme-porte-plainte-apres-etre-fait-arracher-voile-pleine-rue\" class=\"color-ultramarine c-link\" target=\"_blank\" rel=\"noopener\">son voile<\/a> ne pose aucun probl\u00e8me, mais lors des matchs, c\u2019est une tout autre histoire.<\/p>\n<p>Car la F\u00e9d\u00e9ration fran\u00e7aise de basket-ball (FFBB) a durci ses r\u00e8gles depuis trois ans en interdisant le port de couvre-chef dans les comp\u00e9titions. Une proposition de loi, <a href=\"https:\/\/www.20minutes.fr\/societe\/4139464-20250218-port-voile-sportives-senat-vote-interdiction-soutenue-gouvernement\" class=\"color-ultramarine c-link\" target=\"_blank\" rel=\"noopener\">adopt\u00e9e par le S\u00e9nat<\/a> en f\u00e9vrier, reprend ce principe et vise \u00e0 interdire le port de signes manifestant ostensiblement une appartenance politique ou religieuse lors des comp\u00e9titions au nom \u00ab\u00a0du respect du principe de la\u00efcit\u00e9 dans le sport\u00a0\u00bb. Elle sera mise \u00e0 l\u2019ordre du jour \u00e0 <a href=\"https:\/\/www.20minutes.fr\/dossier\/assemblee_nationale\" class=\"color-ultramarine c-link\" target=\"_blank\" rel=\"noopener\">l\u2019Assembl\u00e9e nationale<\/a>, a confirm\u00e9 en avril le Premier ministre. Et sur <a href=\"https:\/\/www.20minutes.fr\/politique\/4153316-20250513-parapluie-nucleaire-prisons-port-voile-referendums-essentiel-annonces-macron-tf1\" class=\"color-ultramarine c-link\" target=\"_blank\" rel=\"noopener\">TF1 le 13\u00a0mai,<\/a> <a href=\"https:\/\/www.20minutes.fr\/politique\/emmanuel-macron\/\" class=\"color-ultramarine c-link\" target=\"_blank\" rel=\"noopener\">Emmanuel Macron<\/a> s\u2019est aussi prononc\u00e9 contre le port du voile dans les comp\u00e9titions sportives.<\/p>\n<\/p>\n<p>Un couvre-chef consid\u00e9r\u00e9 comme \u00ab\u00a0inappropri\u00e9 au jeu\u00a0\u00bb<\/p>\n<p>Assia Verhoeven, qui entra\u00eene depuis\u00a02019 et s\u2019est mise \u00e0 porter le foulard deux ans plus tard, ne se souvient pas avoir fait l\u2019objet de remarques avant\u00a02022. Une premi\u00e8re <a href=\"https:\/\/www.ffbb.com\/sites\/default\/files\/otm_regelement_jeu\/1a._reglement_officiel_du_basketball_2022_-_version_francaise_-_bvr_-2024-03-12-.pdf\" target=\"_blank\" class=\"color-ultramarine c-link\" rel=\"noopener\">note du r\u00e8glement<\/a> de la FFBB pr\u00e9cise alors que les accessoires couvrant la t\u00eate sont interdits, consid\u00e9r\u00e9s comme \u00ab\u00a0inappropri\u00e9s au jeu\u00a0\u00bb. Une position inverse \u00e0 celle de la F\u00e9d\u00e9ration internationale de basket-ball (FIBA), qui autorise le port de couvre-chef.<\/p>\n<p>Fin\u00a02022, la FFBB ajoute un article, le 9.3, dans ses <a href=\"https:\/\/www.ffbb.com\/sites\/default\/files\/reglements_sportifs_generaux_vdef_23.pdf\" target=\"_blank\" class=\"color-ultramarine c-link\" rel=\"noopener\">r\u00e8glements sportifs g\u00e9n\u00e9raux<\/a>. Celui-ci interdit \u00ab\u00a0le port d\u2019\u00e9quipement \u00e0 connotation religieuse ou politique\u00a0\u00bb lors de toutes les comp\u00e9titions en 5&#215;5 et 3&#215;3. Ce qui s\u2019applique aux joueuses, aux entra\u00eeneurs, aux arbitres et aux officiels lors des rencontres sportives. Le cas \u00e9ch\u00e9ant, les arbitres ne doivent pas les faire participer \u00e0 la rencontre.<\/p>\n<p>Convoqu\u00e9e en commission disciplinaire<\/p>\n<p>En application du nouveau r\u00e8glement, des arbitres ont interdit \u00e0 Assia Verhoeven de participer aux comp\u00e9titions en tant que joueuse. En novembre\u00a02023, rappel\u00e9e \u00e0 l\u2019ordre avant le d\u00e9but d\u2019une rencontre qu\u2019elle devait entra\u00eener, elle a cach\u00e9 le fait qu\u2019elle portait un voile, en se couvrant d\u2019une capuche.<\/p>\n<p>Elle a alors \u00e9t\u00e9 convoqu\u00e9e en commission disciplinaire pour avoir tent\u00e9 de dissimuler son couvre-chef sous une capuche, et avoir tenu avant le match, \u00ab\u00a0de mani\u00e8re virulente des propos insultants\u00a0\u00bb contre l\u2019arbitre l\u2019ayant sanctionn\u00e9e, selon la convocation et le compte rendu de la d\u00e9cision que nous avons pu consulter. Insultes pour lesquelles elle a \u00e9t\u00e9 suspendue trois mois ferme.<\/p>\n<p>Pour elle, se couvrir d\u2019une capuche respectait la la\u00efcit\u00e9 et ne donnait pas \u00ab\u00a0de connotation\u00a0\u00bb \u00e0 ce qu\u2019elle portait\u00a0: \u00ab\u00a0On m\u2019a dit [en commission]\u00a0: \u00ab\u00a0Ecoutez, madame, il faut qu\u2019on voie vos cheveux\u00a0\u00bb.\u00a0\u00bb Mais puisqu\u2019elle n\u2019avait pas coach\u00e9 et s\u2019\u00e9tait install\u00e9e en tribune, il n\u2019a pas \u00e9t\u00e9 consid\u00e9r\u00e9 par la commission qu\u2019elle avait viol\u00e9 l\u2019article\u00a09.3.<\/p>\n<p>Un texte de loi qui \u00ab\u00a0restreindrait les opportunit\u00e9s\u00a0\u00bb<\/p>\n<p>Dans une <a href=\"https:\/\/www.amnesty.fr\/discriminations\/actualites\/tribune-les-sportives-qui-portent-le-voile-ont-le-droit-de-jouer-comme-les-autres\" rel=\"nofollow noopener\" target=\"_blank\" class=\"color-ultramarine c-link\">tribune en f\u00e9vrier<\/a>, Amnesty International France et le collectif Basket pour toutes ont alert\u00e9 sur les dangers de la proposition de loi s\u00e9natoriale. Celle-ci \u00e9tend l\u2019interdiction \u00ab\u00a0discriminatoire\u00a0\u00bb du couvre-chef \u00e0 toutes les f\u00e9d\u00e9rations sportives et porte \u00ab\u00a0une atteinte grave \u00e0 la libert\u00e9 de conscience\u00a0\u00bb, affirment-ils.<\/p>\n<p>Les signataires d\u00e9noncent un texte de loi qui constituerait un frein pour des femmes, serait source d\u2019humiliation pour les sportives exclues ou oblig\u00e9es d\u2019enlever publiquement leur voile. Il porterait \u00ab\u00a0atteinte \u00e0 la p\u00e9rennit\u00e9 des clubs dont l\u2019activit\u00e9 b\u00e9n\u00e9vole repose en partie sur l\u2019implication de femmes qui portent le voile\u00a0\u00bb et \u00ab\u00a0restreindrait les opportunit\u00e9s de voir des talents fran\u00e7ais s\u2019\u00e9panouir sereinement\u00a0\u00bb. En basket, c\u2019est ce dont t\u00e9moigne Assia.<\/p>\n<p>En match, elle coache depuis les gradins<\/p>\n<p>Comment faire entendre des consignes \u00e0 son \u00e9quipe si une coach voil\u00e9e n\u2019a pas le droit d\u2019\u00eatre sur le terrain\u00a0? Assia Verhoeven a d\u00fb trouver des strat\u00e9gies pour s\u2019adapter au r\u00e8glement, menant \u00e0 des situations qui confinent \u00e0 l\u2019absurde. Lors des matchs, elle se place dans les gradins avec le public et donne ses conseils depuis cette place. \u00ab\u00a0J\u2019ai une voix qui porte\u00a0\u00bb, fait-elle valoir, expliquant que \u00ab\u00a0ce qui est dit dans les tribunes ne peut pas \u00eatre r\u00e9gul\u00e9\u00a0\u00bb, sauf en cas d\u2019insultes.<\/p>\n<p>Elle a aussi commenc\u00e9 \u00e0 former deux entra\u00eeneurs assistants. Pour conna\u00eetre l\u2019\u00e9quipe et adopter sa ligne de conduite, ils participent aux s\u00e9ances qu\u2019elle pr\u00e9pare et, le jour du match, prennent le r\u00f4le de coach titulaire. \u00ab\u00a0Sur des matchs plus compliqu\u00e9s, avec des gens plus durs sur le r\u00e8glement, on a d\u00e9j\u00e0 travaill\u00e9 avec des oreillettes\u00a0\u00bb, raconte-t-elle.<\/p>\n<p>\u00ab\u00a0On essayait tout le temps de me censurer\u00a0\u00bb<\/p>\n<p>Dans le gymnase d\u2019Ivry-sur-Seine, Amayace accompagne Assia ce jour-l\u00e0. Devenu son assistant courant 2024, il se d\u00e9sole que le travail d\u2019Assia soit invisibilis\u00e9 lors des comp\u00e9titions \u00e0 cause du r\u00e8glement de la FFBB. \u00ab\u00a0En match, on me demande si je suis le coach, \u00e7a me frustre parce qu\u2019elle existe, c\u2019est son \u00e9quipe avant tout, regrette-t-il. Je ne veux pas m\u2019approprier son travail. Je le rappelle toujours.\u00a0\u00bb<\/p>\n<p><a href=\"https:\/\/www.20minutes.fr\/dossier\/islamophobie\" class=\"c-link c-btn c-btn--primary\" target=\"_blank\" rel=\"noopener\">Notre dossier sur l&rsquo;islamophobie<\/a><\/p>\n<p>Apr\u00e8s son passage en commission, la coach t\u00e9moigne de \u00ab\u00a0discriminations\u00a0\u00bb plus pouss\u00e9es et le sentiment \u00ab\u00a0d\u2019\u00eatre dans le viseur\u00a0\u00bb. Un exemple l\u2019a marqu\u00e9e\u00a0: un responsable du comit\u00e9 lui aurait demand\u00e9 de se rasseoir et de se taire apr\u00e8s qu\u2019elle a fait une remarque aux joueuses depuis les tribunes lors d\u2019un match mi-mai\u00a02024. Devant son refus, il aurait menac\u00e9 de la sortir du gymnase, l\u2019aurait bouscul\u00e9e, impos\u00e9 de s\u2019asseoir et interrompu la rencontre, ce qu\u2019a confirm\u00e9 Amayace, coach titulaire. Contact\u00e9, ce responsable n\u2019a pas r\u00e9agi pour l\u2019heure.<\/p>\n<p>Lors de ce m\u00eame match, l\u2019\u00e9quipe aurait aussi \u00e9t\u00e9 emp\u00each\u00e9e de f\u00eater sa victoire sur le terrain pour ne pas qu\u2019Assia y acc\u00e8de voil\u00e9e\u2026 \u00ab\u00a0On essayait tout le temps de me censurer, on me disait des choses qu\u2019on ne dit jamais aux gens, surtout au niveau amateur, se souvient Assia. Des r\u00e8gles qui n\u2019existent pas fusaient d\u2019un coup.\u00a0\u00bb<\/p>\n<p>\u00ab\u00a0Une volont\u00e9 d\u2019appliquer les r\u00e8glements\u00a0\u00bb<\/p>\n<p>Elle explique ne pas avoir d\u00e9pos\u00e9 une r\u00e9clamation de crainte d\u2019\u00eatre davantage \u00ab\u00a0prise en grippe\u00a0\u00bb. Sans signalement ou rapport, la FFBB indique ne pas pouvoir appr\u00e9cier ce cas, mais estime qu\u2019il y a eu \u00ab\u00a0davantage une volont\u00e9 d\u2019appliquer des r\u00e8glements mis en place par les instances que de stigmatiser les personnes\u00a0\u00bb.<\/p>\n<p>Malgr\u00e9 les obstacles, Assia Verhoeven reste d\u00e9termin\u00e9e \u00e0 entra\u00eener. En\u00a02020, elle avait arr\u00eat\u00e9 ses \u00e9tudes et d\u00e9cid\u00e9 d\u2019en faire son m\u00e9tier, jusqu\u2019\u00e0 ce qu\u2019en\u00a02022, elle se retrouve \u00ab\u00a0confront\u00e9e \u00e0 un mur\u00a0\u00bb et doive changer de carri\u00e8re. \u00ab\u00a0Ce qui est dommage, c\u2019est que je vais rester cantonn\u00e9e au niveau amateur parce que je ne peux pas aller plus loin, d\u00e9plore-t-elle. A la base, je visais plus haut.\u00a0\u00bb Une ambition stopp\u00e9e nette.<\/p>\n","protected":false},"excerpt":{"rendered":"R\u00e9cup\u00e9rer le ballon de basket d\u2019une main, viser le panier, marquer. Apr\u00e8s avoir r\u00e9parti en bin\u00f4me ses \u00e9l\u00e8ves,&hellip;\n","protected":false},"author":2,"featured_media":118676,"comment_status":"","ping_status":"","sticky":false,"template":"","format":"standard","meta":{"footnotes":""},"categories":[1414],"tags":[47,1465,1464,11412,1073,1011,27,6269,15487,104,517,60],"class_list":{"0":"post-118675","1":"post","2":"type-post","3":"status-publish","4":"format-standard","5":"has-post-thumbnail","7":"category-basket","8":"tag-actualite","9":"tag-basket","10":"tag-basketball","11":"tag-discrimination","12":"tag-emmanuel-macron","13":"tag-fr","14":"tag-france","15":"tag-islamophobie","16":"tag-port-du-voile","17":"tag-societe","18":"tag-sport","19":"tag-sports"},"share_on_mastodon":{"url":"https:\/\/pubeurope.com\/@fr\/114549900221154928","error":""},"_links":{"self":[{"href":"https:\/\/www.europesays.com\/fr\/wp-json\/wp\/v2\/posts\/118675","targetHints":{"allow":["GET"]}}],"collection":[{"href":"https:\/\/www.europesays.com\/fr\/wp-json\/wp\/v2\/posts"}],"about":[{"href":"https:\/\/www.europesays.com\/fr\/wp-json\/wp\/v2\/types\/post"}],"author":[{"embeddable":true,"href":"https:\/\/www.europesays.com\/fr\/wp-json\/wp\/v2\/users\/2"}],"replies":[{"embeddable":true,"href":"https:\/\/www.europesays.com\/fr\/wp-json\/wp\/v2\/comments?post=118675"}],"version-history":[{"count":0,"href":"https:\/\/www.europesays.com\/fr\/wp-json\/wp\/v2\/posts\/118675\/revisions"}],"wp:featuredmedia":[{"embeddable":true,"href":"https:\/\/www.europesays.com\/fr\/wp-json\/wp\/v2\/media\/118676"}],"wp:attachment":[{"href":"https:\/\/www.europesays.com\/fr\/wp-json\/wp\/v2\/media?parent=118675"}],"wp:term":[{"taxonomy":"category","embeddable":true,"href":"https:\/\/www.europesays.com\/fr\/wp-json\/wp\/v2\/categories?post=118675"},{"taxonomy":"post_tag","embeddable":true,"href":"https:\/\/www.europesays.com\/fr\/wp-json\/wp\/v2\/tags?post=118675"}],"curies":[{"name":"wp","href":"https:\/\/api.w.org\/{rel}","templated":true}]}}