{"id":118677,"date":"2025-05-22T05:45:09","date_gmt":"2025-05-22T05:45:09","guid":{"rendered":"https:\/\/www.europesays.com\/fr\/118677\/"},"modified":"2025-05-22T05:45:09","modified_gmt":"2025-05-22T05:45:09","slug":"motogp-espargaro-wildcard-a-silverstone-le-repaire-des-motards","status":"publish","type":"post","link":"https:\/\/www.europesays.com\/fr\/118677\/","title":{"rendered":"MotoGP : Espargaro wildcard \u00e0 Silverstone &#8211; Le Repaire des Motards"},"content":{"rendered":"<ol>\n<li><a href=\"https:\/\/news.google.com\/rss\/articles\/CBMipgFBVV95cUxNUWp4dGx2MDdjbFlJWmN1Y0s0MjhLUXZmSjZ4eGk1cl91SGFOVkxTWTRzOGRkbmJKUGJmNjE0dUYzUUExWlRzMmJSZ0xUa3dJNnRBMHBoUHpDNURwOGZpU29OVXo2Q29jOE5nOWFrSUQ4TGM4cjZkYVFHOUdHVDVQQU11VndKOUlBTWhDa09oZjRDZHp4N2U1dlRkZkg1WVVDYnphU2dn?oc=5\" target=\"_blank\" rel=\"nofollow noopener\">MotoGP : Espargaro wildcard \u00e0 Silverstone<\/a>&nbsp;&nbsp;Le Repaire des Motards<\/li>\n<li><a href=\"https:\/\/news.google.com\/rss\/articles\/CBMisgFBVV95cUxQQWlCek91Y3l1R2lpM2dtcjEzck9jZXNyZG1uQzNiZTM1dEpVWFFyRGFOZi1fTm5nT09kQ0ZPSzU1UEcwd2dzdWhmd0JTV1hnNTJMTDk0YlFHcm5SdVFRU2o5Y3VFZ0Nuak1QYXNmRV9TVGpKMHg5eHlRQXoxdUJRbE1vVWJZc2dKdXgtX2dBRW1uUk1Lamt6RVZVUk83aWUwWEVmOWpCWTJOaGtZMmJGbS1B?oc=5\" target=\"_blank\" rel=\"nofollow noopener\">Les pilotes Honda surmotiv\u00e9s apr\u00e8s un excellent week-end au Mans<\/a>&nbsp;&nbsp;autohebdo.fr<\/li>\n<li><a href=\"https:\/\/news.google.com\/rss\/articles\/CBMigAFBVV95cUxNcDRFZVNHb21xZHJ1RUotSV8zcnBsYzlGM2U5WmEyeGhGMUFkMTR5Rjd0d2pkdV9vaDFWMEY4QWU5c0hkdTNTRjExQnhET3pMa1M2aU44LTVKVFEtdnByb255ekpLVWpCSnRuc2ZMaE80TFdEV3NXWkQ2eVBlQVNqXw?oc=5\" target=\"_blank\" rel=\"nofollow noopener\">\u00ab Quelques dommages \u00bb mais Mir sera l\u00e0 \u00e0 Silverstone<\/a>&nbsp;&nbsp;GP Inside<\/li>\n<li><a href=\"https:\/\/news.google.com\/rss\/articles\/CBMiwgFBVV95cUxOTGVMMDUyZzlBY0l1VlJacS0yOTRQVV81ZndRNFNHV0dwWXJIUTJHY0JBeTJYWk9OeDhGdWNkc1NhQkxOLWIyNnRuLTlZOXNUODFZb2tMMWM2Wk1qR1dGVHhGN1hMU3BpbXA2dGp1Z0hJVUQ3dVNmd2ZlV1VvWmJPa3d6cTJ1dHI5Z1luZ3ZXaUdFZWpkdDZtS0Z6NG5fN0NTVjcyeVJJc3dnVmlzR1VXVnFYZFdKSjNFN2F2Uy1QMHNqZw?oc=5\" target=\"_blank\" rel=\"nofollow noopener\">MotoGP, Silverstone : Honda HRC en force avec Marini, Mir\u2026 et le retour d\u2019Aleix Espargar\u00f3 en wild-card<\/a>&nbsp;&nbsp;Paddock GP<\/li>\n<li><a href=\"https:\/\/news.google.com\/rss\/articles\/CBMi7gFBVV95cUxPZzgzaWNfWk9HYXJIYjZnWjJfTFlXZXpiNjZETEtYRlJUUkhVWDF3dGZCblBwVDVxX0lLVHVSeTdnVHVYcTlpMUhocTZtaGdPTi10SUFxdnM0ek5wTXdSZ0RIam50SG9fbzE3WHFvS1hJdHdDTF9IQmVpOVB2elk1ZGFUWHpIMTFhNktOelRRVklqNjZuUC1yMThqU1gyMU12a1VVV0cyNmxFVURYNG9Ud2kyVVY4M2F0eU5nUHJ0OVVqSU94aG5JQldtMkd6ak4wdVcyOXpBVHRzcnhRdDk1c1lFNWZuYjNYdVJzcnJR?oc=5\" target=\"_blank\" rel=\"nofollow noopener\">MotoGP, Joan Mir : \u00ab J\u2019ai v\u00e9cu les pires moments de ma carri\u00e8re avec Honda mais je continue d\u2019y croire \u00bb<\/a>&nbsp;&nbsp;MSN<\/li>\n<\/ol>\n","protected":false},"excerpt":{"rendered":"MotoGP : Espargaro wildcard \u00e0 Silverstone&nbsp;&nbsp;Le Repaire des Motards Les pilotes Honda surmotiv\u00e9s apr\u00e8s un excellent week-end au&hellip;\n","protected":false},"author":2,"featured_media":118678,"comment_status":"","ping_status":"","sticky":false,"template":"","format":"standard","meta":{"footnotes":""},"categories":[1413],"tags":[23955,11602,1011,27,23956,1457,1456,1458,473,60,23954],"class_list":{"0":"post-118677","1":"post","2":"type-post","3":"status-publish","4":"format-standard","5":"has-post-thumbnail","7":"category-moto","8":"tag-aleix","9":"tag-espargaro","10":"tag-fr","11":"tag-france","12":"tag-hrc","13":"tag-moto","14":"tag-motocycle","15":"tag-motogp","16":"tag-royaume-uni","17":"tag-sports","18":"tag-wildcard"},"share_on_mastodon":{"url":"https:\/\/pubeurope.com\/@fr\/114549904082553992","error":""},"_links":{"self":[{"href":"https:\/\/www.europesays.com\/fr\/wp-json\/wp\/v2\/posts\/118677","targetHints":{"allow":["GET"]}}],"collection":[{"href":"https:\/\/www.europesays.com\/fr\/wp-json\/wp\/v2\/posts"}],"about":[{"href":"https:\/\/www.europesays.com\/fr\/wp-json\/wp\/v2\/types\/post"}],"author":[{"embeddable":true,"href":"https:\/\/www.europesays.com\/fr\/wp-json\/wp\/v2\/users\/2"}],"replies":[{"embeddable":true,"href":"https:\/\/www.europesays.com\/fr\/wp-json\/wp\/v2\/comments?post=118677"}],"version-history":[{"count":0,"href":"https:\/\/www.europesays.com\/fr\/wp-json\/wp\/v2\/posts\/118677\/revisions"}],"wp:featuredmedia":[{"embeddable":true,"href":"https:\/\/www.europesays.com\/fr\/wp-json\/wp\/v2\/media\/118678"}],"wp:attachment":[{"href":"https:\/\/www.europesays.com\/fr\/wp-json\/wp\/v2\/media?parent=118677"}],"wp:term":[{"taxonomy":"category","embeddable":true,"href":"https:\/\/www.europesays.com\/fr\/wp-json\/wp\/v2\/categories?post=118677"},{"taxonomy":"post_tag","embeddable":true,"href":"https:\/\/www.europesays.com\/fr\/wp-json\/wp\/v2\/tags?post=118677"}],"curies":[{"name":"wp","href":"https:\/\/api.w.org\/{rel}","templated":true}]}}