{"id":118685,"date":"2025-05-22T05:49:09","date_gmt":"2025-05-22T05:49:09","guid":{"rendered":"https:\/\/www.europesays.com\/fr\/118685\/"},"modified":"2025-05-22T05:49:09","modified_gmt":"2025-05-22T05:49:09","slug":"gad-elmaleh-raconte-sa-drole-de-rencontre-avec-le-pape-francois","status":"publish","type":"post","link":"https:\/\/www.europesays.com\/fr\/118685\/","title":{"rendered":"Gad Elmaleh raconte sa dr\u00f4le de rencontre avec le pape Fran\u00e7ois"},"content":{"rendered":"<p>Le 23 d\u00e9cembre 2022, Gad Elmaleh rencontrait le feu <a data-i13n=\"cpos:1;pos:1\" href=\"https:\/\/www.parismatch.com\/bio\/francois\" rel=\"nofollow noopener\" target=\"_blank\" data-ylk=\"slk:pape Fran\u00e7ois;cpos:1;pos:1;elm:context_link;itc:0;sec:content-canvas\" class=\"link \">pape Fran\u00e7ois<\/a>. Re\u00e7u en audience priv\u00e9e par le souverain pontife au Vatican, l\u2019humoriste de 54 ans avait eu l\u2019honneur d\u2019\u00e9changer avec lui. Un moment fig\u00e9 dans le temps que l\u2019humoriste n\u2019a pas oubli\u00e9. Dans une interview accord\u00e9e \u00e0 Paris Match Belgique ce 21 mai, \u00e0 l\u2019occasion de son retour dans le pays pour son spectacle \u00ab Lui-m\u00eame \u00bb, Gad Elmaleh est revenu sur cette dr\u00f4le de rencontre.<\/p>\n<p>\u00ab C\u2019\u00e9tait un honneur de le rencontrer. Il m\u2019a vraiment \u00e9tonn\u00e9. Nous avons parl\u00e9 de la paix, du dialogue interreligieux\u2026 Puis il a voulu parler de football, et moi je n\u2019y connais rien ! \u00bb se souvient-il, amus\u00e9. Il faut dire qu\u2019\u00e0 l\u2019\u00e9poque, l\u2019Argentine venait tout juste de remporter <a data-i13n=\"cpos:2;pos:1\" href=\"https:\/\/www.parismatch.com\/actu\/sport\/coupe-du-monde-la-ceremonie-de-cloture-en-images-et-en-direct-220103\" rel=\"nofollow noopener\" target=\"_blank\" data-ylk=\"slk:la Coupe du monde au Qatar;cpos:2;pos:1;elm:context_link;itc:0;sec:content-canvas\" class=\"link \">la Coupe du monde au Qatar<\/a>, un sujet de fiert\u00e9 pour le pape argentin.<\/p>\n<p>Mais c\u2019est en quittant la salle que l\u2019humoriste a v\u00e9cu la sc\u00e8ne la plus marquante : \u00ab Je croyais qu\u2019il rigolait, mais en partant, il m\u2019a attrap\u00e9 le bras et m\u2019a dit : &lsquo;Priez pour moi, parce que ce n\u2019est pas un travail facile que j\u2019ai l\u00e0&rsquo;. Je me posais la question : &lsquo;Mais pourquoi il me dit \u00e0 moi de prier pour lui ?&rsquo;\u00bb Une demande qui a profond\u00e9ment touch\u00e9 <a data-i13n=\"cpos:3;pos:1\" href=\"https:\/\/www.parismatch.com\/bio\/gad-elmaleh\" rel=\"nofollow noopener\" target=\"_blank\" data-ylk=\"slk:Gad Elmaleh;cpos:3;pos:1;elm:context_link;itc:0;sec:content-canvas\" class=\"link \">Gad Elmaleh<\/a> qui souligne \u00ab l\u2019humilit\u00e9 de cet homme \u00bb qui avait besoin de \u00ab la pri\u00e8re de tous \u00bb. \u00ab Depuis qu\u2019il est parti, beaucoup affirment qu\u2019il leur avait demand\u00e9 de prier pour lui \u00bb, explique-t-il.<\/p>\n<p>Le pape Fran\u00e7ois et les stars<\/p>\n<p>D\u00e9c\u00e9d\u00e9 le 21 avril dernier, le pape Fran\u00e7ois a marqu\u00e9 son pontificat par une grande ouverture et une proximit\u00e9 rare&#8230;<\/p>\n<p><a data-i13n=\"cpos:4;pos:1\" href=\"https:\/\/www.parismatch.com\/People\/il-a-voulu-parler-foot-et-moi-je-ny-connais-rien-gad-elmaleh-raconte-sa-drole-de-rencontre-avec-le-pape-francois-251730?at_medium=affiliate&amp;at_campaign=Yahoo\" rel=\"nofollow noopener\" target=\"_blank\" data-ylk=\"slk:Lire la suite sur ParisMatch;cpos:4;pos:1;elm:context_link;itc:0;sec:content-canvas\" class=\"link \">Lire la suite sur ParisMatch<\/a><\/p>\n","protected":false},"excerpt":{"rendered":"Le 23 d\u00e9cembre 2022, Gad Elmaleh rencontrait le feu pape Fran\u00e7ois. Re\u00e7u en audience priv\u00e9e par le souverain&hellip;\n","protected":false},"author":2,"featured_media":118686,"comment_status":"","ping_status":"","sticky":false,"template":"","format":"standard","meta":{"footnotes":""},"categories":[1359],"tags":[58,59,1011,27,4545,4692,973,18919],"class_list":{"0":"post-118685","1":"post","2":"type-post","3":"status-publish","4":"format-standard","5":"has-post-thumbnail","7":"category-people","8":"tag-divertissement","9":"tag-entertainment","10":"tag-fr","11":"tag-france","12":"tag-gad-elmaleh","13":"tag-pape-francois","14":"tag-people","15":"tag-souverain-pontife"},"share_on_mastodon":{"url":"https:\/\/pubeurope.com\/@fr\/114549919811325244","error":""},"_links":{"self":[{"href":"https:\/\/www.europesays.com\/fr\/wp-json\/wp\/v2\/posts\/118685","targetHints":{"allow":["GET"]}}],"collection":[{"href":"https:\/\/www.europesays.com\/fr\/wp-json\/wp\/v2\/posts"}],"about":[{"href":"https:\/\/www.europesays.com\/fr\/wp-json\/wp\/v2\/types\/post"}],"author":[{"embeddable":true,"href":"https:\/\/www.europesays.com\/fr\/wp-json\/wp\/v2\/users\/2"}],"replies":[{"embeddable":true,"href":"https:\/\/www.europesays.com\/fr\/wp-json\/wp\/v2\/comments?post=118685"}],"version-history":[{"count":0,"href":"https:\/\/www.europesays.com\/fr\/wp-json\/wp\/v2\/posts\/118685\/revisions"}],"wp:featuredmedia":[{"embeddable":true,"href":"https:\/\/www.europesays.com\/fr\/wp-json\/wp\/v2\/media\/118686"}],"wp:attachment":[{"href":"https:\/\/www.europesays.com\/fr\/wp-json\/wp\/v2\/media?parent=118685"}],"wp:term":[{"taxonomy":"category","embeddable":true,"href":"https:\/\/www.europesays.com\/fr\/wp-json\/wp\/v2\/categories?post=118685"},{"taxonomy":"post_tag","embeddable":true,"href":"https:\/\/www.europesays.com\/fr\/wp-json\/wp\/v2\/tags?post=118685"}],"curies":[{"name":"wp","href":"https:\/\/api.w.org\/{rel}","templated":true}]}}