{"id":11869,"date":"2025-04-09T05:35:20","date_gmt":"2025-04-09T05:35:20","guid":{"rendered":"https:\/\/www.europesays.com\/fr\/11869\/"},"modified":"2025-04-09T05:35:20","modified_gmt":"2025-04-09T05:35:20","slug":"attentat-a-la-bombe-de-lyon-laccuse-mohamed-medjdoub-condamne-a-la-reclusion-a-perpetuite","status":"publish","type":"post","link":"https:\/\/www.europesays.com\/fr\/11869\/","title":{"rendered":"Attentat \u00e0 la bombe de Lyon : l&rsquo;accus\u00e9 Mohamed Medjdoub condamn\u00e9 \u00e0 la r\u00e9clusion \u00e0 perp\u00e9tuit\u00e9"},"content":{"rendered":"<p>Mohamed Medjdoub a \u00e9t\u00e9 condamn\u00e9 \u00e0 la r\u00e9clusion criminelle \u00e0 perp\u00e9tuit\u00e9 dans l&rsquo;affaire de l&rsquo;attentat \u00e0 la bombe de Lyon.Cet Alg\u00e9rien de 29 ans, sympathisant de l&rsquo;\u00c9tat islamique, a \u00e9t\u00e9 reconnu coupable de tentative d&rsquo;assassinats en relation avec une entreprise terroriste.Sa peine a \u00e9t\u00e9 assortie d&rsquo;une p\u00e9riode de s\u00fbret\u00e9 de 22 ans.<a href=\"https:\/\/www.tf1info.fr\/actualite\/explosion-a-lyon-les-dernieres-informations-sur-l-attaque-au-colis-piege-rue-victor-hugo-12355\/\" rel=\"noopener\" class=\"jsx-3118104007 Link jsx-1428418400 jsx-609604686\" target=\"_blank\"><\/p>\n<p style=\"font-weight:400\" class=\"jsx-1837267516\">Suivez la couverture compl\u00e8te<\/p>\n<p style=\"font-weight:800\" class=\"jsx-1837267516\">Explosion \u00e0 Lyon : l&rsquo;enqu\u00eate sur l&rsquo;attaque au colis pi\u00e9g\u00e9<\/p>\n<p><\/a><\/p>\n<p data-module=\"article-paragraph\" class=\"jsx-362436225 Paragraph Paragraph__End\">Le verdict est tomb\u00e9 dans l&rsquo;affaire de <a href=\"https:\/\/www.tf1info.fr\/justice-faits-divers\/on-a-tous-besoin-d-y-etre-le-proces-de-l-attentat-de-la-rue-victor-hugo-a-lyon-s-ouvre-aujourd-hui-une-victime-se-confie-2362369.html\" target=\"_blank\" rel=\"noopener\">l&rsquo;attentat \u00e0 la bombe de Lyon<\/a> (Rh\u00f4ne). Reconnu coupable de tentative d&rsquo;assassinats en relation avec une entreprise terroriste, l&rsquo;accus\u00e9 Mohamed Medjdoub a \u00e9t\u00e9 condamn\u00e9 lundi 7 avril \u00e0 Paris \u00e0 la r\u00e9clusion criminelle \u00e0 perp\u00e9tuit\u00e9, assortie d&rsquo;une p\u00e9riode de s\u00fbret\u00e9 de 22 ans. Cet Alg\u00e9rien de 29 ans, sans titre de s\u00e9jour, devra par ailleurs quitter d\u00e9finitivement le territoire fran\u00e7ais \u00e0 l&rsquo;issue de sa peine, a par ailleurs pr\u00e9cis\u00e9 la cour pr\u00e9sid\u00e9e par Jean-Christophe Hullin.<\/p>\n<p>\u00ab\u00a0Intention homicide\u00a0\u00bb du terroriste<\/p>\n<p data-module=\"article-paragraph\" class=\"jsx-362436225 Paragraph\">Mohamed Medjdoub, un sympathisant de l&rsquo;organisation terroriste \u00c9tat islamique, avait r\u00e9p\u00e9t\u00e9 avant l&rsquo;\u00e9nonc\u00e9 du verdict ne rien regretter de ses actes. \u00c0 l&rsquo;exception de ce dernier jour d&rsquo;audience, il s&rsquo;\u00e9tait mur\u00e9 dans le silence durant l&rsquo;ensemble du proc\u00e8s. Le 24 mai 2019, deux jours avant les \u00e9lections europ\u00e9ennes, <a href=\"https:\/\/www.tf1info.fr\/justice-faits-divers\/colis-piege-a-lyon-attentat-le-suspect-dit-avoir-commis-l-attentat-au-nom-de-daech-etat-islamique-2122604.html\" target=\"_blank\" rel=\"noopener\">le jeune homme radicalis\u00e9 avait d\u00e9pos\u00e9 une bombe fabriqu\u00e9e par ses soins<\/a> devant une boulangerie dans une rue pi\u00e9tonne de Lyon. L&rsquo;explosion avait fait une quinzaine de bless\u00e9s, dont une fillette de 10 ans. Un explosif artisanal, relativement facile \u00e0 \u00e9laborer, avait \u00e9t\u00e9 enferm\u00e9 dans un tube de chips avec plus de 270 projectiles m\u00e9talliques.<\/p>\n<p data-module=\"article-paragraph\" class=\"jsx-362436225 Paragraph Paragraph__End\">Selon ses propos tenus devant les enqu\u00eateurs, Mohamed Medjdoub comptait exacerber un climat de peur avant ce scrutin, dans l&rsquo;objectif de faire remporter les \u00e9lections \u00e0 l&rsquo;extr\u00eame-droite. Une victoire de camp politique aurait selon lui accentu\u00e9 les tensions avec les musulmans et favoris\u00e9 \u00ab\u00a0une guerre civile\u00a0\u00bb, avait-il alors indiqu\u00e9. Cette version avait toutefois \u00e9t\u00e9 r\u00e9fut\u00e9e \u00e0 l&rsquo;audience par l&rsquo;avocat g\u00e9n\u00e9ral <a href=\"https:\/\/www.tf1info.fr\/societe\/attentats-la-menace-toujours-tres-elevee-en-france-estime-le-parquet-antiterroriste-2340540.html\" target=\"_blank\" rel=\"noopener\">du parquet national antiterroriste<\/a> (Pnat), Nicolas Braconnay, soutenant que l&rsquo;accus\u00e9 avait en fait \u00ab\u00a0une intention homicide\u00a0\u00bb. \u00ab\u00a0Tous les objectifs (de l&rsquo;accus\u00e9) n&rsquo;ont pas \u00e9t\u00e9 atteints. Par fiert\u00e9, par arrogance, il surjoue la ma\u00eetrise. Cela fait penser \u00e0 ce mauvais magicien qui rate son tour et pr\u00e9tend ensuite l&rsquo;avoir fait expr\u00e8s\u00a0\u00bb, avait ajout\u00e9 le procureur.<\/p>\n<ul class=\"jsx-658110588 ReadMoreArticle__List flex flex-column\">\n<li class=\"jsx-658110588\"><a href=\"https:\/\/www.tf1info.fr\/justice-faits-divers\/otages-en-syrie-j-ai-ete-un-terroriste-et-je-ne-m-en-excuserai-jamais-lance-mehdi-nemmouche-proces-2360672.html\" rel=\"noopener\" class=\"jsx-4233824444 Link flex\" target=\"_blank\"><img decoding=\"async\" src=\"https:\/\/www.europesays.com\/fr\/wp-content\/uploads\/2025\/04\/mehdi-nemmouche-lors-de-son-proces-b61efe-2@1x.jpeg\" alt=\"Mehdi Nemmouche lors de son proc\u00e8s.\" loading=\"lazy\" importance=\"low\" fetchpriority=\"low\" class=\"\" copyright=\"AFP\"\/>\n<p class=\"jsx-658110588 ReadMoreArticle__Title\">Lire aussi<\/p>\n<p class=\"jsx-658110588\">\u00ab\u00a0J&rsquo;ai \u00e9t\u00e9 un terroriste et je ne m&rsquo;en excuserai jamais\u00a0\u00bb, lance Mehdi Nemmouche au dernier jour de son proc\u00e8s<\/p>\n<p><\/a><\/li>\n<\/ul>\n<p data-module=\"article-paragraph\" class=\"jsx-362436225 Paragraph Paragraph__End\">Lors de ce proc\u00e8s, les experts ont d\u00e9crit le profil du terroriste comme \u00ab\u00a0narcissique\u00a0\u00bb et \u00ab\u00a0dangereux\u00a0\u00bb. Le mutisme de ce dernier n&rsquo;aura en tout cas pas permis de lever les derni\u00e8res zones d&rsquo;ombre de l&rsquo;enqu\u00eate. Impossible, par exemple, de d\u00e9terminer quand le jeune homme, qui a rejoint ses parents et fr\u00e8res et s\u0153urs en France en ao\u00fbt 2017, s&rsquo;est radicalis\u00e9 au point de commettre un attentat. \u00c9tait-ce en Alg\u00e9rie ou apr\u00e8s son arriv\u00e9e en France ? Ses proches l&rsquo;ont d\u00e9crit comme solitaire, sortant rarement de sa chambre, n&rsquo;ayant aucun ami.<\/p>\n<p>T.A. avec AFP<\/p>\n","protected":false},"excerpt":{"rendered":"Mohamed Medjdoub a \u00e9t\u00e9 condamn\u00e9 \u00e0 la r\u00e9clusion criminelle \u00e0 perp\u00e9tuit\u00e9 dans l&rsquo;affaire de l&rsquo;attentat \u00e0 la bombe&hellip;\n","protected":false},"author":2,"featured_media":11870,"comment_status":"","ping_status":"","sticky":false,"template":"","format":"standard","meta":{"footnotes":""},"categories":[1889],"tags":[1111,11,1921,5581,2430,1777,674,5580,1011,27,1922,303,2954,2428,12,25,1254,133,2953],"class_list":{"0":"post-11869","1":"post","2":"type-post","3":"status-publish","4":"format-standard","5":"has-post-thumbnail","7":"category-lyon","8":"tag-actu","9":"tag-actualites","10":"tag-article-video","11":"tag-attentat","12":"tag-auvergne-rhone-alpes","13":"tag-eu","14":"tag-europe","15":"tag-explosion-a-lyon-lenquete-sur-lattaque-au-colis-piege","16":"tag-fr","17":"tag-france","18":"tag-info","19":"tag-justice","20":"tag-justice-et-faits-divers","21":"tag-lyon","22":"tag-news","23":"tag-republique-francaise","24":"tag-terrorisme","25":"tag-video","26":"tag-video-police"},"share_on_mastodon":{"url":"https:\/\/pubeurope.com\/@fr\/114306385386787896","error":""},"_links":{"self":[{"href":"https:\/\/www.europesays.com\/fr\/wp-json\/wp\/v2\/posts\/11869","targetHints":{"allow":["GET"]}}],"collection":[{"href":"https:\/\/www.europesays.com\/fr\/wp-json\/wp\/v2\/posts"}],"about":[{"href":"https:\/\/www.europesays.com\/fr\/wp-json\/wp\/v2\/types\/post"}],"author":[{"embeddable":true,"href":"https:\/\/www.europesays.com\/fr\/wp-json\/wp\/v2\/users\/2"}],"replies":[{"embeddable":true,"href":"https:\/\/www.europesays.com\/fr\/wp-json\/wp\/v2\/comments?post=11869"}],"version-history":[{"count":0,"href":"https:\/\/www.europesays.com\/fr\/wp-json\/wp\/v2\/posts\/11869\/revisions"}],"wp:featuredmedia":[{"embeddable":true,"href":"https:\/\/www.europesays.com\/fr\/wp-json\/wp\/v2\/media\/11870"}],"wp:attachment":[{"href":"https:\/\/www.europesays.com\/fr\/wp-json\/wp\/v2\/media?parent=11869"}],"wp:term":[{"taxonomy":"category","embeddable":true,"href":"https:\/\/www.europesays.com\/fr\/wp-json\/wp\/v2\/categories?post=11869"},{"taxonomy":"post_tag","embeddable":true,"href":"https:\/\/www.europesays.com\/fr\/wp-json\/wp\/v2\/tags?post=11869"}],"curies":[{"name":"wp","href":"https:\/\/api.w.org\/{rel}","templated":true}]}}