{"id":118699,"date":"2025-05-22T05:57:11","date_gmt":"2025-05-22T05:57:11","guid":{"rendered":"https:\/\/www.europesays.com\/fr\/118699\/"},"modified":"2025-05-22T05:57:11","modified_gmt":"2025-05-22T05:57:11","slug":"vie-privee-avec-jodie-foster-un-thriller-psy-pour-cible-liberation","status":"publish","type":"post","link":"https:\/\/www.europesays.com\/fr\/118699\/","title":{"rendered":"\u00abVie priv\u00e9e\u00bb avec Jodie Foster, un thriller psy pour cible \u2013 Lib\u00e9ration"},"content":{"rendered":"<p class=\"sc-ksZaOG ehjQrN text-element\">S\u2019il y a une chose que l\u2019on n\u2019a jamais dite \u00e0 Lilian Steiner de toute sa vie, c\u2019est qu\u2019elle est tr\u00e8s r\u00e9ceptive au l\u00e2cher prise. Lilian Steiner ? Grande psychanalyste am\u00e9ricaine \u00e9tablie \u00e0 Paris dans un beau cabinet, carr\u00e9 \u00e0 reflets blonds trac\u00e9 \u00e0 la r\u00e8gle, bloc de s\u00e9v\u00e9rit\u00e9 implacable. Comble du comble, le compliment lui est adress\u00e9 par une repr\u00e9sentante du camp ennemi \u2013 une hypnoth\u00e9rapeute. Autant dire un supp\u00f4t du charlatanisme, qui vous agite ses bracelets \u00e0 la figure, vous susurre des fadaises sur le magn\u00e9tisme et les \u00e9nergies qui flottent dans la pi\u00e8ce, avant de vous tendre sereinement son terminal de carte bleue. Jamais Lilian ne se serait abaiss\u00e9e \u00e0 de telles extr\u00e9mit\u00e9s, si un patient ne l\u2019avait pas largu\u00e9e grossi\u00e8rement quelques jours plus t\u00f4t, assurant s\u2019\u00eatre d\u00e9barrass\u00e9 en une s\u00e9ance du tabagisme que des ann\u00e9es de psychoth\u00e9rapie ont \u00e9chou\u00e9 \u00e0 gu\u00e9rir.<\/p>\n<p class=\"sc-ksZaOG ehjQrN text-element\">Confier le r\u00f4le de Lilian \u00e0 la c\u00e9r\u00e9brale Jodie Foster, qu\u2019on a souvent vu jouer de cette image de reine des glaces, n\u2019\u00e9tait-ce pas faire du ton sur ton ? Le brillant vient parfois des id\u00e9es trop \u00e9videntes. Et celui de Rebecca Zlotowski est d\u2019\u00eatre all\u00e9e chercher l\u2018actrice am\u00e9ricaine pour son premier grand r\u00f4le en fran\u00e7ais (accent ind\u00e9tectable), s\u2019en remettant \u00e0 la tension qui travaille sa carri\u00e8re : la froide raison contre l\u2019irrationalit\u00e9 qui guette. La t\u00eate \u00e0 l\u2019\u00e9preuve des affects, qu\u2019il faut surveiller comme le lait sur le feu car si on rel\u00e2che l\u2018attention\u2026 \u00e7a d\u00e9borde.<\/p>\n<p class=\"sc-ksZaOG ehjQrN text-element\">Depuis un film ou deux, on adore \u00e7a, quand le cin\u00e9ma de<\/p>\n","protected":false},"excerpt":{"rendered":"S\u2019il y a une chose que l\u2019on n\u2019a jamais dite \u00e0 Lilian Steiner de toute sa vie, c\u2019est&hellip;\n","protected":false},"author":2,"featured_media":118700,"comment_status":"","ping_status":"","sticky":false,"template":"","format":"standard","meta":{"footnotes":""},"categories":[8],"tags":[58,59,5634,1011,27],"class_list":{"0":"post-118699","1":"post","2":"type-post","3":"status-publish","4":"format-standard","5":"has-post-thumbnail","7":"category-divertissement","8":"tag-divertissement","9":"tag-entertainment","10":"tag-festival-de-cannes","11":"tag-fr","12":"tag-france"},"share_on_mastodon":{"url":"https:\/\/pubeurope.com\/@fr\/114549951347201754","error":""},"_links":{"self":[{"href":"https:\/\/www.europesays.com\/fr\/wp-json\/wp\/v2\/posts\/118699","targetHints":{"allow":["GET"]}}],"collection":[{"href":"https:\/\/www.europesays.com\/fr\/wp-json\/wp\/v2\/posts"}],"about":[{"href":"https:\/\/www.europesays.com\/fr\/wp-json\/wp\/v2\/types\/post"}],"author":[{"embeddable":true,"href":"https:\/\/www.europesays.com\/fr\/wp-json\/wp\/v2\/users\/2"}],"replies":[{"embeddable":true,"href":"https:\/\/www.europesays.com\/fr\/wp-json\/wp\/v2\/comments?post=118699"}],"version-history":[{"count":0,"href":"https:\/\/www.europesays.com\/fr\/wp-json\/wp\/v2\/posts\/118699\/revisions"}],"wp:featuredmedia":[{"embeddable":true,"href":"https:\/\/www.europesays.com\/fr\/wp-json\/wp\/v2\/media\/118700"}],"wp:attachment":[{"href":"https:\/\/www.europesays.com\/fr\/wp-json\/wp\/v2\/media?parent=118699"}],"wp:term":[{"taxonomy":"category","embeddable":true,"href":"https:\/\/www.europesays.com\/fr\/wp-json\/wp\/v2\/categories?post=118699"},{"taxonomy":"post_tag","embeddable":true,"href":"https:\/\/www.europesays.com\/fr\/wp-json\/wp\/v2\/tags?post=118699"}],"curies":[{"name":"wp","href":"https:\/\/api.w.org\/{rel}","templated":true}]}}