{"id":118708,"date":"2025-05-22T06:02:13","date_gmt":"2025-05-22T06:02:13","guid":{"rendered":"https:\/\/www.europesays.com\/fr\/118708\/"},"modified":"2025-05-22T06:02:13","modified_gmt":"2025-05-22T06:02:13","slug":"macron-recadre-sechement-retailleau-sur-le-rapport-sur-lentrisme","status":"publish","type":"post","link":"https:\/\/www.europesays.com\/fr\/118708\/","title":{"rendered":"Macron recadre s\u00e8chement Retailleau sur le rapport sur \u00ab\u00a0l\u2019entrisme\u00a0\u00bb"},"content":{"rendered":"<p>Les tensions sont vives au sein de l\u2019ex\u00e9cutif, principalement au sujet des Fr\u00e8res musulmans. <a href=\"https:\/\/www.20minutes.fr\/politique\/emmanuel-macron\/\" target=\"_blank\" class=\"color-ultramarine c-link\" rel=\"nofollow noopener\">Emmanuel Macron<\/a> a s\u00e8chement recadr\u00e9 ses ministres mercredi, <a href=\"https:\/\/www.20minutes.fr\/dossier\/bruno_retailleau\" target=\"_blank\" class=\"color-ultramarine c-link\" rel=\"nofollow noopener\">Bruno Retailleau<\/a> en t\u00eate, lors d\u2019un conseil de d\u00e9fense consacr\u00e9 \u00e0 l\u2019entrisme islamiste en France, jugeant que les propositions faites n\u2019\u00e9taient pas \u00e0 la hauteur de la \u00ab\u00a0gravit\u00e9 des faits\u00a0\u00bb.<\/p>\n<p>\u00ab\u00a0Compte tenu de l\u2019importance du sujet et de la gravit\u00e9 des faits \u00e9tablis, il a demand\u00e9 au gouvernement de formuler de nouvelles propositions qui seront examin\u00e9es lors d\u2019un prochain Conseil de d\u00e9fense au d\u00e9but du mois de juin\u00a0\u00bb, a r\u00e9sum\u00e9 l\u2019Elys\u00e9e dans un communiqu\u00e9 laconique.<\/p>\n<p>Une ambiance \u00ab\u00a0pesante\u00a0\u00bb<\/p>\n<p>Le pr\u00e9sident avait convoqu\u00e9 autour de lui le Premier ministre <a href=\"https:\/\/www.20minutes.fr\/politique\/francois_bayrou\/\" target=\"_blank\" class=\"color-ultramarine c-link\" rel=\"nofollow noopener\">Fran\u00e7ois Bayrou<\/a> et les ministres concern\u00e9s, de l\u2019Int\u00e9rieur \u00e0 ceux en charge des Affaires \u00e9trang\u00e8res, des Finances, ainsi que de l\u2019\u00c9ducation nationale, de l\u2019Enseignement sup\u00e9rieur et des Sports.<\/p>\n<\/p>\n<p>Selon plusieurs sources, le chef de l\u2019Etat n\u2019a pas seulement dit aux ministres pr\u00e9sents de revoir leur copie. Il s\u2019est aussi agac\u00e9 que le rapport qu\u2019il avait lui-m\u00eame demand\u00e9 en\u00a02024 sur les <a href=\"https:\/\/www.20minutes.fr\/monde\/freres-musulmans\/\" target=\"_blank\" class=\"color-ultramarine c-link\" rel=\"nofollow noopener\">Fr\u00e8res musulmans<\/a> et l\u2019islamisme politique ait fuit\u00e9 dans la presse. \u00ab\u00a0L\u2019ambiance \u00e9tait pesante et Emmanuel Macron s\u2019est \u00e9nerv\u00e9 contre quelques-uns de ses ministres sur la pr\u00e9paration de la r\u00e9union et sur les fuites en amont\u00a0\u00bb, a confirm\u00e9 une source minist\u00e9rielle.<\/p>\n<p>Selon cette source, le ministre de l\u2019Int\u00e9rieur Bruno Retailleau, aur\u00e9ol\u00e9 de sa victoire sans appel dimanche \u00e0 la t\u00eate des LR, \u00e9tait clairement \u00ab\u00a0cibl\u00e9 sur les fuites\u00a0\u00bb. Une autre au sein du gouvernement temp\u00e8re\u00a0: \u00ab\u00a0il y a eu un moment un peu sec, mais il ne visait pas particuli\u00e8rement Retailleau\u00a0\u00bb.<\/p>\n<p>Macron veut une \u00ab\u00a0communication ad\u00e9quate\u00a0\u00bb<\/p>\n<p>Le ministre de la Justice G\u00e9rald Darmanin a tout autant agac\u00e9 Emmanuel Macron avec sa proposition <a href=\"https:\/\/www.20minutes.fr\/justice\/4154196-20250519-guyane-nouveau-bagne-colere-contre-prison-voulue-darmanin-jungle\" target=\"_blank\" class=\"color-ultramarine c-link\" rel=\"nofollow noopener\">d\u2019ouverture d\u2019un quartier de haute s\u00e9curit\u00e9 en Guyane<\/a> pour les \u00ab\u00a0t\u00eates de r\u00e9seau du narcotrafic\u00a0\u00bb, une id\u00e9e qui a jet\u00e9 un froid sur cette ancienne terre de bagne, \u00e0 des milliers de kilom\u00e8tres de la France. \u00ab\u00a0Entre un rapport classifi\u00e9 qui fuite opportun\u00e9ment et une proposition de prison de haute s\u00e9curit\u00e9 sortie de nulle part (\u2026) franchement ce n\u2019est pas s\u00e9rieux\u00a0\u00bb, a point\u00e9 une source au sein du camp pr\u00e9sidentiel.<\/p>\n<p>Le chef de l\u2019Etat a r\u00e9clam\u00e9 une \u00ab\u00a0communication ad\u00e9quate\u00a0\u00bb, a ajout\u00e9 cette source, en rappelant les violentes r\u00e9actions dans une partie du monde musulman apr\u00e8s son discours en\u00a02020 sur le s\u00e9paratisme. \u00ab\u00a0On ne peut pas donner l\u2019impression que tous nos compatriotes musulmans sont des agents d\u2019influence des Fr\u00e8res musulmans\u00a0\u00bb, a poursuivi cette source.<\/p>\n<p><a href=\"https:\/\/www.20minutes.fr\/politique\/\" target=\"_blank\" class=\"c-link c-btn c-btn--primary\" rel=\"nofollow noopener\">Notre dossier Politique<\/a><\/p>\n<p>Le rapport, qui doit \u00eatre publi\u00e9 dans une version d\u00e9taill\u00e9e d\u2019ici la fin de la semaine, fait \u00e9tat d\u2019une \u00ab\u00a0menace pour la coh\u00e9sion nationale\u00a0\u00bb avec le d\u00e9veloppement d\u2019un islamisme \u00ab\u00a0par le bas\u00a0\u00bb de la part des Fr\u00e8res musulmans.<\/p>\n","protected":false},"excerpt":{"rendered":"Les tensions sont vives au sein de l\u2019ex\u00e9cutif, principalement au sujet des Fr\u00e8res musulmans. Emmanuel Macron a s\u00e8chement&hellip;\n","protected":false},"author":2,"featured_media":118709,"comment_status":"","ping_status":"","sticky":false,"template":"","format":"standard","meta":{"footnotes":""},"categories":[2],"tags":[47,11,1013,1073,1011,27,9305,432,5318,1253,12,316,133],"class_list":{"0":"post-118708","1":"post","2":"type-post","3":"status-publish","4":"format-standard","5":"has-post-thumbnail","7":"category-actualites","8":"tag-actualite","9":"tag-actualites","10":"tag-bruno-retailleau","11":"tag-emmanuel-macron","12":"tag-fr","13":"tag-france","14":"tag-freres-musulmans","15":"tag-gerald-darmanin","16":"tag-islam","17":"tag-islamisme","18":"tag-news","19":"tag-politique","20":"tag-video"},"share_on_mastodon":{"url":"https:\/\/pubeurope.com\/@fr\/114549970923301140","error":""},"_links":{"self":[{"href":"https:\/\/www.europesays.com\/fr\/wp-json\/wp\/v2\/posts\/118708","targetHints":{"allow":["GET"]}}],"collection":[{"href":"https:\/\/www.europesays.com\/fr\/wp-json\/wp\/v2\/posts"}],"about":[{"href":"https:\/\/www.europesays.com\/fr\/wp-json\/wp\/v2\/types\/post"}],"author":[{"embeddable":true,"href":"https:\/\/www.europesays.com\/fr\/wp-json\/wp\/v2\/users\/2"}],"replies":[{"embeddable":true,"href":"https:\/\/www.europesays.com\/fr\/wp-json\/wp\/v2\/comments?post=118708"}],"version-history":[{"count":0,"href":"https:\/\/www.europesays.com\/fr\/wp-json\/wp\/v2\/posts\/118708\/revisions"}],"wp:featuredmedia":[{"embeddable":true,"href":"https:\/\/www.europesays.com\/fr\/wp-json\/wp\/v2\/media\/118709"}],"wp:attachment":[{"href":"https:\/\/www.europesays.com\/fr\/wp-json\/wp\/v2\/media?parent=118708"}],"wp:term":[{"taxonomy":"category","embeddable":true,"href":"https:\/\/www.europesays.com\/fr\/wp-json\/wp\/v2\/categories?post=118708"},{"taxonomy":"post_tag","embeddable":true,"href":"https:\/\/www.europesays.com\/fr\/wp-json\/wp\/v2\/tags?post=118708"}],"curies":[{"name":"wp","href":"https:\/\/api.w.org\/{rel}","templated":true}]}}