{"id":118710,"date":"2025-05-22T06:03:30","date_gmt":"2025-05-22T06:03:30","guid":{"rendered":"https:\/\/www.europesays.com\/fr\/118710\/"},"modified":"2025-05-22T06:03:30","modified_gmt":"2025-05-22T06:03:30","slug":"je-venais-darriver-on-ma-mis-un-coup-de-pression","status":"publish","type":"post","link":"https:\/\/www.europesays.com\/fr\/118710\/","title":{"rendered":"\u00ab Je venais d\u2019arriver, on m\u2019a mis un coup de pression \u00bb"},"content":{"rendered":"<p>Neuf pochons de six grammes de coca\u00efne et de crack trouv\u00e9s sur lui lors de la palpation \u00e0 l\u2019occasion de la descente en promenade. Ossama (pr\u00e9nom d\u2019emprunt) a d\u2019abord affirm\u00e9 qu\u2019il s\u2019agissait de sa consommation personnelle, obtenue gr\u00e2ce \u00e0 une projection depuis l\u2019ext\u00e9rieur. Puis il a livr\u00e9 une nouvelle version, qu\u2019il maintient devant les juges du tribunal correctionnel. \u00ab Je venais d\u2019\u00eatre admis au quartier arrivants, on m\u2019a dit de la prendre. Je devais ensuite la remettre \u00e0 un d\u00e9tenu \u00bb.<\/p>\n<p>Le jeune homme, 20 ans, est en pleine spirale descendante : sept condamnations en deux ans, une fin de peine annonc\u00e9e pour mars 2026. \u00ab Vous en pensez quoi ? \u00bb demande le juge. \u00ab C\u2019est n\u2019importe quoi ! Mais j\u2019essaie de m\u2019en sortir, je passe des dipl\u00f4mes en d\u00e9tention \u00bb.<\/p>\n<p>Ossama est condamn\u00e9 : cent quatre-vingts jours-amendes \u00e0 5 euros. Pendant le proc\u00e8s, il est revenu sur sa situation. \u00ab C\u2019\u00e9tait ma premi\u00e8re incarc\u00e9ration. On m\u2019a mis un coup de pression \u00bb. Traduire, de menaces. \u00ab Je n\u2019allais pas rester un an en cellule sans sortir\u2026 \u00bb.<\/p>\n<p class=\"note\">Conform\u00e9ment \u00e0 <a href=\"https:\/\/www.leprogres.fr\/societe\/2023\/02\/09\/faits-divers-et-justice-notre-charte-editoriale\" target=\"_blank\" rel=\"noopener\">notre charte<\/a> (consultable sur leprogres.fr), nous citons l\u2019identit\u00e9 d\u2019une personne condamn\u00e9e \u00e0 au moins un an de prison ferme avec mandat de d\u00e9p\u00f4t ou \u00e0 au moins deux ans de prison ferme ou avec sursis.<\/p>\n","protected":false},"excerpt":{"rendered":"Neuf pochons de six grammes de coca\u00efne et de crack trouv\u00e9s sur lui lors de la palpation \u00e0&hellip;\n","protected":false},"author":2,"featured_media":118711,"comment_status":"","ping_status":"","sticky":false,"template":"","format":"standard","meta":{"footnotes":""},"categories":[9653],"tags":[1111,11,2430,271,272,7539,1777,674,274,1011,27,12053,3367,12,25,4001,9664],"class_list":{"0":"post-118710","1":"post","2":"type-post","3":"status-publish","4":"format-standard","5":"has-post-thumbnail","7":"category-saint-etienne","8":"tag-actu","9":"tag-actualites","10":"tag-auvergne-rhone-alpes","11":"tag-crime","12":"tag-delit-et-contravention","13":"tag-edition-loire-sud","14":"tag-eu","15":"tag-europe","16":"tag-faits-divers-justice","17":"tag-fr","18":"tag-france","19":"tag-la-talaudiere","20":"tag-loire","21":"tag-news","22":"tag-republique-francaise","23":"tag-saint-etienne","24":"tag-saint-etienne-bassin"},"share_on_mastodon":{"url":"https:\/\/pubeurope.com\/@fr\/114549974804230065","error":""},"_links":{"self":[{"href":"https:\/\/www.europesays.com\/fr\/wp-json\/wp\/v2\/posts\/118710","targetHints":{"allow":["GET"]}}],"collection":[{"href":"https:\/\/www.europesays.com\/fr\/wp-json\/wp\/v2\/posts"}],"about":[{"href":"https:\/\/www.europesays.com\/fr\/wp-json\/wp\/v2\/types\/post"}],"author":[{"embeddable":true,"href":"https:\/\/www.europesays.com\/fr\/wp-json\/wp\/v2\/users\/2"}],"replies":[{"embeddable":true,"href":"https:\/\/www.europesays.com\/fr\/wp-json\/wp\/v2\/comments?post=118710"}],"version-history":[{"count":0,"href":"https:\/\/www.europesays.com\/fr\/wp-json\/wp\/v2\/posts\/118710\/revisions"}],"wp:featuredmedia":[{"embeddable":true,"href":"https:\/\/www.europesays.com\/fr\/wp-json\/wp\/v2\/media\/118711"}],"wp:attachment":[{"href":"https:\/\/www.europesays.com\/fr\/wp-json\/wp\/v2\/media?parent=118710"}],"wp:term":[{"taxonomy":"category","embeddable":true,"href":"https:\/\/www.europesays.com\/fr\/wp-json\/wp\/v2\/categories?post=118710"},{"taxonomy":"post_tag","embeddable":true,"href":"https:\/\/www.europesays.com\/fr\/wp-json\/wp\/v2\/tags?post=118710"}],"curies":[{"name":"wp","href":"https:\/\/api.w.org\/{rel}","templated":true}]}}