{"id":118713,"date":"2025-05-22T06:05:08","date_gmt":"2025-05-22T06:05:08","guid":{"rendered":"https:\/\/www.europesays.com\/fr\/118713\/"},"modified":"2025-05-22T06:05:08","modified_gmt":"2025-05-22T06:05:08","slug":"le-savez-vous-du-jour-savez-vous-qui-est-camille-cavallier-a-qui-une-place-devenue-un-square-est-dediee-a-nancy","status":"publish","type":"post","link":"https:\/\/www.europesays.com\/fr\/118713\/","title":{"rendered":"Le \u00ab\u00a0savez-vous\u00a0\u00bb du jour. Savez-vous qui est Camille Cavallier, \u00e0 qui une place devenue un square est d\u00e9di\u00e9e \u00e0 Nancy\u00a0?"},"content":{"rendered":"<p>Camille Cavallier est connu pour avoir \u00e9t\u00e9 un <a href=\"https:\/\/www.estrepublicain.fr\/economie\/2024\/10\/06\/savez-vous-quel-fils-d-origine-modeste-est-devenu-un-puissant-patron-de-pont-a-mousson\" target=\"_blank\" rel=\"noopener\">magnat industriel de la sid\u00e9rurgie lorraine au d\u00e9but du XX e \u00a0si\u00e8cle.<\/a> \u00a0Il \u00e9tait le patron des Hauts-Fourneaux et Fonderies de Pont-\u00e0-Moussson de 1900 jusqu\u2019\u00e0 son d\u00e9c\u00e8s en 1926.<\/p>\n<p>D\u2019origines modestes, il est n\u00e9 en 1854 \u00e0 Pont-\u00e0-Mousson, fils d\u2019un garde-chasse et d\u2019une femme de m\u00e9nage.<\/p>\n<p>Xavier Rog\u00e9, l\u2019administrateur-directeur des Fonderies de Pont-\u00e0-Mousson contribuera essentiellement \u00e0 son ascension. Il avait rep\u00e9r\u00e9 les capacit\u00e9s du jeune Camille et avait conseill\u00e9 \u00e0 sa m\u00e8re de l\u2019inscrire au concours de l\u2019\u00c9cole nationale des arts et m\u00e9tiers.<\/p>\n<p>Il en est sorti en 1874 et est entr\u00e9 comme dessinateur aux fonderies de Pont-\u00e0-Mousson, dont il a gravi tous les \u00e9chelons jusqu\u2019\u00e0 devenir directeur adjoint en 1895.<\/p>\n<p>Il succ\u00e8de \u00e0 Xavier Rog\u00e9 \u00e0 partir de 1900.<\/p>\n<p>Personnalit\u00e9 \u00e9nergique et imaginative, il impose Pont-\u00e0-Mousson comme la grande entreprise de sa sp\u00e9cialit\u00e9. Sous sa direction, Pont-\u00e0-Mousson conquiert le premier rang des fonderies europ\u00e9ennes, dominant le march\u00e9 fran\u00e7ais des canalisations.<\/p>\n","protected":false},"excerpt":{"rendered":"Camille Cavallier est connu pour avoir \u00e9t\u00e9 un magnat industriel de la sid\u00e9rurgie lorraine au d\u00e9but du XX&hellip;\n","protected":false},"author":2,"featured_media":118714,"comment_status":"","ping_status":"","sticky":false,"template":"","format":"standard","meta":{"footnotes":""},"categories":[9635],"tags":[1111,11,1687,33,1704,1706,1777,674,1011,27,775,937,693,1702,1703,12,2661,25,104],"class_list":{"0":"post-118713","1":"post","2":"type-post","3":"status-publish","4":"format-standard","5":"has-post-thumbnail","7":"category-nancy","8":"tag-actu","9":"tag-actualites","10":"tag-culture-loisirs","11":"tag-economie","12":"tag-edition-nancy-et-agglomeration","13":"tag-edition-pont-a-mousson","14":"tag-eu","15":"tag-europe","16":"tag-fr","17":"tag-france","18":"tag-grand-est","19":"tag-histoire","20":"tag-industrie","21":"tag-nancy","22":"tag-nancy-ville-54b","23":"tag-news","24":"tag-patrimoine-culturel","25":"tag-republique-francaise","26":"tag-societe"},"share_on_mastodon":{"url":"https:\/\/pubeurope.com\/@fr\/114549982693612541","error":""},"_links":{"self":[{"href":"https:\/\/www.europesays.com\/fr\/wp-json\/wp\/v2\/posts\/118713","targetHints":{"allow":["GET"]}}],"collection":[{"href":"https:\/\/www.europesays.com\/fr\/wp-json\/wp\/v2\/posts"}],"about":[{"href":"https:\/\/www.europesays.com\/fr\/wp-json\/wp\/v2\/types\/post"}],"author":[{"embeddable":true,"href":"https:\/\/www.europesays.com\/fr\/wp-json\/wp\/v2\/users\/2"}],"replies":[{"embeddable":true,"href":"https:\/\/www.europesays.com\/fr\/wp-json\/wp\/v2\/comments?post=118713"}],"version-history":[{"count":0,"href":"https:\/\/www.europesays.com\/fr\/wp-json\/wp\/v2\/posts\/118713\/revisions"}],"wp:featuredmedia":[{"embeddable":true,"href":"https:\/\/www.europesays.com\/fr\/wp-json\/wp\/v2\/media\/118714"}],"wp:attachment":[{"href":"https:\/\/www.europesays.com\/fr\/wp-json\/wp\/v2\/media?parent=118713"}],"wp:term":[{"taxonomy":"category","embeddable":true,"href":"https:\/\/www.europesays.com\/fr\/wp-json\/wp\/v2\/categories?post=118713"},{"taxonomy":"post_tag","embeddable":true,"href":"https:\/\/www.europesays.com\/fr\/wp-json\/wp\/v2\/tags?post=118713"}],"curies":[{"name":"wp","href":"https:\/\/api.w.org\/{rel}","templated":true}]}}