{"id":118715,"date":"2025-05-22T06:06:12","date_gmt":"2025-05-22T06:06:12","guid":{"rendered":"https:\/\/www.europesays.com\/fr\/118715\/"},"modified":"2025-05-22T06:06:12","modified_gmt":"2025-05-22T06:06:12","slug":"ces-lieux-de-nancy-vont-avoir-un-nouveau-nom-voici-la-liste","status":"publish","type":"post","link":"https:\/\/www.europesays.com\/fr\/118715\/","title":{"rendered":"Ces lieux de Nancy vont avoir un nouveau nom : voici la liste"},"content":{"rendered":"<p>            Par<br \/>\n        <strong><br \/>\n            <a href=\"https:\/\/actu.fr\/auteur\/amandine-mehl\" title=\"Consulter tous les articles de Amandine Mehl\" rel=\"nofollow noopener\" target=\"_blank\">Amandine Mehl<\/a><br \/>\n        <\/strong><\/p>\n<p>        Publi\u00e9 le<\/p>\n<p>            22 mai 2025 \u00e0 7h02        <\/p>\n<p>Lors du conseil municipal du lundi 19 mai 2025, les \u00e9lus de la Ville de <strong>Nancy<\/strong> ont act\u00e9 l\u2019<strong>attribution de nouvelles nominations<\/strong> pour diff\u00e9rents espaces publics.<\/p>\n<p class=\" wall-content\">Au total, <strong>huit d\u00e9lib\u00e9rations<\/strong> ont \u00e9t\u00e9 adopt\u00e9es. Parmi elles, l\u2019une n\u2019est pas vraiment une d\u00e9nomination, mais plut\u00f4t une <strong>\u00e9volution<\/strong>.<\/p>\n<p>L\u2019Abb\u00e9 Pierre effac\u00e9<\/p>\n<p class=\" wall-content\">Voici la <strong>liste<\/strong> des lieux concern\u00e9s :<\/p>\n<ul class=\" wall-content\">\n<li>l\u2019espace vert situ\u00e9 entre Artem et le nouveau Cepal devient le jardin Monique Pernot, qui a consacr\u00e9 plus de 40 ans de sa carri\u00e8re au centre de radioth\u00e9rapie de Nancy ;<\/li>\n<li>le square cr\u00e9\u00e9 entre l\u2019avenue Boffrand et le parc Sainte-Marie devient le square Madeleine Deville, artiste de l\u2019\u00c9cole de Nancy ;<\/li>\n<li>le quai connu sous le nom \u00ab\u00a0quai Lecreulx\u00a0\u00bb va \u00eatre divis\u00e9 en trois sections. La partie situ\u00e9e entre le pont Bazin et la passerelle Lecreulx sera baptis\u00e9e quai Marie-Claude Vayssade, en hommage \u00e0 l\u2019ancienne d\u00e9put\u00e9e europ\u00e9enne. La portion allant de la passerelle Lecreulx \u00e0 la rue de Solignac prendra le nom de quai Fran\u00e7ois-Michel Lecreulx, en m\u00e9moire de l\u2019ing\u00e9nieur et architecte. La section s\u2019\u00e9tendant de la rue de Solignac jusqu\u2019\u00e0 la limite de Max\u00e9ville sera nomm\u00e9e quai Fran\u00e7ois Roth, en l\u2019honneur de l\u2019historien de la Lorraine ;<\/li>\n<li>la contre-all\u00e9e C11, situ\u00e9e dans le prolongement naturel de la rue du Progr\u00e8s, devient l\u2019all\u00e9e Odette Voilliard, historienne et professeur d\u2019histoire contemporaine ;<\/li>\n<li>le prolongement de la voie reliant la rue du Mar\u00e9chal Victor Duc de Bellune au boulevard de la Mothe devient l\u2019all\u00e9e Jean-Paul Vuillemin, m\u00e9decin ;<\/li>\n<li>l\u2019esplanade de Nancy Thermal devient l\u2019esplanade Fran\u00e7ois Borella, homme politique ;<\/li>\n<li>le sentier cr\u00e9\u00e9 dans le cadre du r\u00e9am\u00e9nagement du quartier de l\u2019ancien h\u00f4pital Villemin-Maringer devient sente Jean-Antoine Villemin, m\u00e9decin militaire.<\/li>\n<\/ul>\n<p class=\" wall-content\">Enfin, le rond-point dit rond-point des Familles, <strong>place de l\u2019Abb\u00e9 Pierre<\/strong>, situ\u00e9 avenue du G\u00e9n\u00e9ral Mangin, redevient le rond-point des Familles en raison des <a href=\"https:\/\/actu.fr\/societe\/abbe-pierre-maisons-closes-prostituees-liaison-de-nouvelles-revelations-sur-sa-double-vie_61609579.html\" rel=\"nofollow noopener\" target=\"_blank\">r\u00e9v\u00e9lations<\/a> sur les actes du fondateur d\u2019Emma\u00fcs.\u00a0<\/p>\n<p>Vid\u00e9os : en ce moment sur Actu<\/p>\n<p class=\" wall-content\">Suivez toute l\u2019actualit\u00e9 de vos villes et m\u00e9dias favoris en vous inscrivant \u00e0 <a href=\"https:\/\/moncompte.actu.fr\" title=\"D\u00e9couvez Mon Actu\" rel=\"nofollow noopener\" data-trk=\"{&quot;cta&quot;:{&quot;action&quot;:&quot;https:\\\/\\\/moncompte.actu.fr&quot;,&quot;category&quot;:&quot;mon compte&quot;,&quot;from&quot;:&quot;article footer&quot;,&quot;name&quot;:&quot;Mon actu&quot;,&quot;type&quot;:&quot;cta&quot;}}\" target=\"_blank\">Mon Actu<\/a>.<\/p>\n","protected":false},"excerpt":{"rendered":"Par Amandine Mehl Publi\u00e9 le 22 mai 2025 \u00e0 7h02 Lors du conseil municipal du lundi 19 mai&hellip;\n","protected":false},"author":2,"featured_media":42654,"comment_status":"","ping_status":"","sticky":false,"template":"","format":"standard","meta":{"footnotes":""},"categories":[9635],"tags":[1111,11,1777,674,1011,27,775,1702,12,25,104,1352],"class_list":{"0":"post-118715","1":"post","2":"type-post","3":"status-publish","4":"format-standard","5":"has-post-thumbnail","7":"category-nancy","8":"tag-actu","9":"tag-actualites","10":"tag-eu","11":"tag-europe","12":"tag-fr","13":"tag-france","14":"tag-grand-est","15":"tag-nancy","16":"tag-news","17":"tag-republique-francaise","18":"tag-societe","19":"tag-urbanisme"},"share_on_mastodon":{"url":"https:\/\/pubeurope.com\/@fr\/114549986666375309","error":""},"_links":{"self":[{"href":"https:\/\/www.europesays.com\/fr\/wp-json\/wp\/v2\/posts\/118715","targetHints":{"allow":["GET"]}}],"collection":[{"href":"https:\/\/www.europesays.com\/fr\/wp-json\/wp\/v2\/posts"}],"about":[{"href":"https:\/\/www.europesays.com\/fr\/wp-json\/wp\/v2\/types\/post"}],"author":[{"embeddable":true,"href":"https:\/\/www.europesays.com\/fr\/wp-json\/wp\/v2\/users\/2"}],"replies":[{"embeddable":true,"href":"https:\/\/www.europesays.com\/fr\/wp-json\/wp\/v2\/comments?post=118715"}],"version-history":[{"count":0,"href":"https:\/\/www.europesays.com\/fr\/wp-json\/wp\/v2\/posts\/118715\/revisions"}],"wp:featuredmedia":[{"embeddable":true,"href":"https:\/\/www.europesays.com\/fr\/wp-json\/wp\/v2\/media\/42654"}],"wp:attachment":[{"href":"https:\/\/www.europesays.com\/fr\/wp-json\/wp\/v2\/media?parent=118715"}],"wp:term":[{"taxonomy":"category","embeddable":true,"href":"https:\/\/www.europesays.com\/fr\/wp-json\/wp\/v2\/categories?post=118715"},{"taxonomy":"post_tag","embeddable":true,"href":"https:\/\/www.europesays.com\/fr\/wp-json\/wp\/v2\/tags?post=118715"}],"curies":[{"name":"wp","href":"https:\/\/api.w.org\/{rel}","templated":true}]}}