{"id":118716,"date":"2025-05-22T06:07:13","date_gmt":"2025-05-22T06:07:13","guid":{"rendered":"https:\/\/www.europesays.com\/fr\/118716\/"},"modified":"2025-05-22T06:07:13","modified_gmt":"2025-05-22T06:07:13","slug":"les-notaires-du-var-se-donnent-rendez-vous-le-3-juin-pour-une-journee-de","status":"publish","type":"post","link":"https:\/\/www.europesays.com\/fr\/118716\/","title":{"rendered":"Les notaires du Var se donnent rendez-vous le 3 juin pour une journ\u00e9e de (\u2026)"},"content":{"rendered":"<p>                    <img loading=\"lazy\" decoding=\"async\" src=\"https:\/\/www.europesays.com\/fr\/wp-content\/uploads\/2025\/05\/50957fa9db7fa70cba31eae947745b.png\" class=\"img-responsive post-image\" width=\"680\" height=\"510\" alt=\"Les notaires du Var (\u2026)\" title=\"Les notaires du Var se donnent rendez-vous le 3 juin pour une journ\u00e9e de formation sous le signe de l'innovation\"\/><\/p>\n<p class=\"chapo\">La Chambre d\u00e9partementale des notaires du Var organise, le mardi 3 juin prochain, une nouvelle \u00e9dition de l\u2019Universit\u00e9 du Notariat \u00e0 la Facult\u00e9 de droit de Toulon. Cette journ\u00e9e de formation professionnelle, destin\u00e9e aux notaires et \u00e0 leurs collaborateurs, s\u2019annonce comme un temps fort de r\u00e9flexion, d\u2019\u00e9change et d\u2019actualisation des pratiques, notamment autour des enjeux de l\u2019intelligence artificielle.<\/p>\n<p>Organis\u00e9 en partenariat avec le CRIDON de Lyon et la soci\u00e9t\u00e9 ADNOV, l\u2019\u00e9v\u00e9nement propose cinq ateliers sp\u00e9cialis\u00e9s, abordant \u00e0 la fois des th\u00e9matiques classiques du droit notarial et des perspectives d\u2019avenir pour la profession. \u00c0 travers une approche p\u00e9dagogique ax\u00e9e sur l\u2019interactivit\u00e9 et les cas pratiques, <strong>les participants auront l\u2019opportunit\u00e9 de renforcer leurs comp\u00e9tences techniques et d\u2019anticiper les \u00e9volutions majeures du m\u00e9tier.<\/strong><\/p>\n<p>Cinq ateliers au programme<\/p>\n<p><strong>Les formations couvriront des domaines cl\u00e9s de la pratique notariale\u00a0:<\/strong><br \/>\n<br \/><b>\u2013<\/b>\u00a0<strong> Convention matrimoniale<\/strong>\u00a0: choisissez le \u00ab\u00a0sur-mesure\u00a0\u00bb, anim\u00e9 par <strong>Bertrand Desfosses et Anne-C\u00e9cile Marc-Bouin,<\/strong> portera sur l\u2019\u00e9laboration de r\u00e9gimes adapt\u00e9s aux situations personnelles et patrimoniales des couples.<br \/>\n<br \/><b>\u2013<\/b>\u00a0<strong>Pratique notariale de la vente moyennant rente viag\u00e8re<\/strong>, dirig\u00e9e par <strong>C\u00e9line Arnavon et Lucile Lepelley<\/strong>, explorera les m\u00e9canismes juridiques et \u00e9conomiques de ce type de transaction de plus en plus sollicit\u00e9.<br \/>\n<br \/><b>\u2013<\/b>\u00a0<strong> La pratique notariale du divorce,<\/strong> avec <strong>Marjorie Chamboissier,<\/strong> mettra l\u2019accent sur les r\u00e9centes r\u00e9formes et les r\u00f4les multiples du notaire dans le cadre judiciaire et extra-judiciaire.<br \/>\n<br \/><b>\u2013<\/b>\u00a0<strong>Urbanisme illustr\u00e9 \u2013 Volet I,<\/strong> un atelier concret anim\u00e9 par <strong>Christine Wiels<\/strong>, permettra d\u2019aborder l\u2019urbanisme \u00e0 travers des cas pratiques.<br \/>\n<br \/><b>\u2013<\/b>\u00a0<strong>Se pr\u00e9parer \u00e0 l\u2019IA <\/strong>\u00a0: ma\u00eetriser l\u2019innovation, anticiper la transition dans l\u2019office notarial, donnera aux notaires les cl\u00e9s pour int\u00e9grer les outils d\u2019intelligence artificielle dans leur quotidien professionnel.<\/p>\n<p>L\u2019IA, au c\u0153ur de cette \u00e9dition<\/p>\n<p>Dans un \u00e9ditorial d\u2019ouverture r\u00e9dig\u00e9 en grande partie \u00e0 l\u2019aide d\u2019un outil d\u2019intelligence artificielle, <strong>Jean-Vincent V\u00e9rignon<\/strong>, pr\u00e9sident de la Chambre des notaires du Var, invite ses confr\u00e8res \u00e0 devenir des \u00ab\u00a0acteurs de la transformation num\u00e9rique\u00a0\u00bb. L\u2019atelier consacr\u00e9 \u00e0 l\u2019IA souligne cette ambition en guidant les participants dans l\u2019appropriation des technologies \u00e9mergentes et leur int\u00e9gration dans les processus de travail notarial.<\/p>\n<p><strong>Informations pratiques<\/strong><br class=\"autobr\"\/><br \/>\nL\u2019\u00e9v\u00e9nement se d\u00e9roulera de 9h00 \u00e0 17h00 \u00e0 la Facult\u00e9 de droit de Toulon (35 rue Alphonse Daudet). <a href=\"https:\/\/cr-aixenprovence.notaires.fr\/\" class=\"spip_out\" rel=\"external nofollow noopener\" target=\"_blank\">La participation est gratuite pour les notaires gr\u00e2ce \u00e0 une prise en charge par la Chambre.<\/a> Les notaires salari\u00e9s peuvent \u00e9galement b\u00e9n\u00e9ficier d\u2019un financement via une subrogation OPCO EP, sous r\u00e9serve d\u2019acceptation. Informations sur le site <a href=\"https:\/\/formation.adnov.fr\" class=\"spip_out\" rel=\"external nofollow noopener\" target=\"_blank\">https:\/\/formation.adnov.fr<\/a>.<\/p>\n","protected":false},"excerpt":{"rendered":"La Chambre d\u00e9partementale des notaires du Var organise, le mardi 3 juin prochain, une nouvelle \u00e9dition de l\u2019Universit\u00e9&hellip;\n","protected":false},"author":2,"featured_media":118717,"comment_status":"","ping_status":"","sticky":false,"template":"","format":"standard","meta":{"footnotes":""},"categories":[9619],"tags":[1111,11,2408,1777,674,1011,27,12,882,25,2310],"class_list":{"0":"post-118716","1":"post","2":"type-post","3":"status-publish","4":"format-standard","5":"has-post-thumbnail","7":"category-toulon","8":"tag-actu","9":"tag-actualites","10":"tag-appels-d","11":"tag-eu","12":"tag-europe","13":"tag-fr","14":"tag-france","15":"tag-news","16":"tag-provence-alpes-cote-dazur","17":"tag-republique-francaise","18":"tag-toulon"},"share_on_mastodon":{"url":"https:\/\/pubeurope.com\/@fr\/114549990791779144","error":""},"_links":{"self":[{"href":"https:\/\/www.europesays.com\/fr\/wp-json\/wp\/v2\/posts\/118716","targetHints":{"allow":["GET"]}}],"collection":[{"href":"https:\/\/www.europesays.com\/fr\/wp-json\/wp\/v2\/posts"}],"about":[{"href":"https:\/\/www.europesays.com\/fr\/wp-json\/wp\/v2\/types\/post"}],"author":[{"embeddable":true,"href":"https:\/\/www.europesays.com\/fr\/wp-json\/wp\/v2\/users\/2"}],"replies":[{"embeddable":true,"href":"https:\/\/www.europesays.com\/fr\/wp-json\/wp\/v2\/comments?post=118716"}],"version-history":[{"count":0,"href":"https:\/\/www.europesays.com\/fr\/wp-json\/wp\/v2\/posts\/118716\/revisions"}],"wp:featuredmedia":[{"embeddable":true,"href":"https:\/\/www.europesays.com\/fr\/wp-json\/wp\/v2\/media\/118717"}],"wp:attachment":[{"href":"https:\/\/www.europesays.com\/fr\/wp-json\/wp\/v2\/media?parent=118716"}],"wp:term":[{"taxonomy":"category","embeddable":true,"href":"https:\/\/www.europesays.com\/fr\/wp-json\/wp\/v2\/categories?post=118716"},{"taxonomy":"post_tag","embeddable":true,"href":"https:\/\/www.europesays.com\/fr\/wp-json\/wp\/v2\/tags?post=118716"}],"curies":[{"name":"wp","href":"https:\/\/api.w.org\/{rel}","templated":true}]}}