{"id":118718,"date":"2025-05-22T06:08:38","date_gmt":"2025-05-22T06:08:38","guid":{"rendered":"https:\/\/www.europesays.com\/fr\/118718\/"},"modified":"2025-05-22T06:08:38","modified_gmt":"2025-05-22T06:08:38","slug":"revirement-de-situation-pour-matteo-le-corvec","status":"publish","type":"post","link":"https:\/\/www.europesays.com\/fr\/118718\/","title":{"rendered":"Revirement de situation pour Matt\u00e9o Le Corvec ?"},"content":{"rendered":"<p>\t\t\t\t\t\t\t\t\t\t\t\t\t\tTRANSFERTS RUGBY \u2013 Alors qu\u2019il s\u2019est d\u00e9j\u00e0 engag\u00e9 avec l\u2019USAP pour la saison prochaine, une clause pourrait bouleverser l\u2019avenir du 3\u00e8me ligne toulonnais Matt\u00e9o Le Corvec.<\/p>\n<p style=\"text-align: justify;\">Ce n\u2019est pas une nouveaut\u00e9, le march\u00e9 des transferts est habitu\u00e9 \u00e0 conna\u00eetre des rebondissements totalement inattendus, m\u00eame lorsqu\u2019un contrat a d\u00e9j\u00e0 \u00e9t\u00e9 sign\u00e9. La situation de<strong> Matt\u00e9o Le Corvec<\/strong> pourrait bien en \u00eatre un nouveau parfait exemple.<\/p>\n<p>Le Corvec lib\u00e9r\u00e9 en cas de descente en Pro D2 ?<\/p>\n<p style=\"text-align: justify;\">En effet, le 3\u00e8me ligne a d\u00e9j\u00e0<a href=\"https:\/\/dicodusport.fr\/blog\/transferts-matteo-le-corvec-va-quitter-toulon-pour-un-autre-club-de-top-14\/\" target=\"_blank\" rel=\"noopener\"> paraph\u00e9 un contrat avec l\u2019<strong>USAP<\/strong><\/a> pour la saison prochaine, et ce depuis plusieurs mois maintenant. Cela aurait \u00e9t\u00e9 un retour aux sources pour le Montois, qui avait effectu\u00e9 ses classes dans les Pyr\u00e9n\u00e9es-Orientales entre 2011 et 2019, avant de rejoindre <strong>Toulon<\/strong>. Mais alors que tout semblait ficeler, le podcast Les causeries de la Rade a mis en lumi\u00e8re dimanche soir une clause qui pourrait avoir une incidence capitale vis-\u00e0-vis de l\u2019avenir du joueur de 24 ans.<\/p>\n<p style=\"text-align: justify;\">En effet, alors que le club catalan est \u00e0 la lutte pour pr\u00e9server sa place en Top 14, <strong>une descente en Pro D2 annulerait tout simplement le contrat sign\u00e9<\/strong>. En attendant l\u2019issue de l\u2019exercice, le RCT effectue donc le forcing en interne pour convaincre son 3\u00e8me ligne, tr\u00e8s impressionnant sur la deuxi\u00e8me partie de saison, de prolonger si l\u2019USAP chute en Pro D2.<\/p>\n<blockquote class=\"twitter-tweet\">\n<p dir=\"ltr\" lang=\"fr\">D\u2019apr\u00e8s <a href=\"https:\/\/twitter.com\/LesCauseries?ref_src=twsrc%5Etfw\" target=\"_blank\" rel=\"noopener\">@LesCauseries<\/a>, Toulon pourrait tenter de retenir Matteo Le Corvec. Le troisi\u00e8me ligne avait \u00e9t\u00e9 officialis\u00e9 par l\u2019USAP en mars dernier.<\/p>\n<p>Le lien du podcast o\u00f9 ils en parlent \ud83d\udc49 <a href=\"https:\/\/t.co\/CAQlO8A8qI\">https:\/\/t.co\/CAQlO8A8qI<\/a> <a href=\"https:\/\/t.co\/TtmUVPot2g\">pic.twitter.com\/TtmUVPot2g<\/a><\/p>\n<p>\u2014 Tanguy (@tanguyscigala) <a href=\"https:\/\/twitter.com\/tanguyscigala\/status\/1924360969070797236?ref_src=twsrc%5Etfw\" target=\"_blank\" rel=\"noopener\">May 19, 2025<\/a><\/p>\n<\/blockquote>\n<p>\u00c0 ce sujet<br \/>\n<a href=\"https:\/\/dicodusport.fr\/blog\/transferts-usap-2025-arrivees-departs-et-prolongations\/\" class=\"vlp-link\" title=\"Transferts Perpignan 2025 : Recrues, d\u00e9parts et prolongations\" target=\"_blank\" rel=\"noopener\"><img loading=\"lazy\" decoding=\"async\" style=\"max-width: 792px;\" width=\"792\" height=\"445\" class=\"attachment-800x445 size-800x445 perfmatters-lazy\" alt=\"Transferts : Jamie Ritchie (\u00c9cosse) signe en Top 14\" src=\"https:\/\/www.europesays.com\/fr\/wp-content\/uploads\/2025\/04\/Transferts-Linternational-ecossais-Jamie-Ritchie-signe-en-Top-14.png\"  data-\/><\/p>\n<p>Transferts Perpignan 2025 : Recrues, d\u00e9parts et prolongations<\/p>\n<p>Arriv\u00e9es, d\u00e9parts et prolongations \u00e0 l&rsquo;USAP<\/p>\n<p>Lire l&rsquo;article<\/p>\n<p>dicodusport.fr<\/p>\n<p>\t\t\t\t\t\t\t\t\t\t\t\t\t<script async src=\"https:\/\/platform.twitter.com\/widgets.js\" charset=\"utf-8\"><\/script><\/p>\n","protected":false},"excerpt":{"rendered":"TRANSFERTS RUGBY \u2013 Alors qu\u2019il s\u2019est d\u00e9j\u00e0 engag\u00e9 avec l\u2019USAP pour la saison prochaine, une clause pourrait bouleverser&hellip;\n","protected":false},"author":2,"featured_media":118719,"comment_status":"","ping_status":"","sticky":false,"template":"","format":"standard","meta":{"footnotes":""},"categories":[9619],"tags":[1111,11,2113,1109,1777,674,1011,27,23965,2114,12,3464,882,25,479,2115,2310,477,14988],"class_list":{"0":"post-118718","1":"post","2":"type-post","3":"status-publish","4":"format-standard","5":"has-post-thumbnail","7":"category-toulon","8":"tag-actu","9":"tag-actualites","10":"tag-breve","11":"tag-breves","12":"tag-eu","13":"tag-europe","14":"tag-fr","15":"tag-france","16":"tag-matteo-le-corvec","17":"tag-mercato-rugby","18":"tag-news","19":"tag-perpignan","20":"tag-provence-alpes-cote-dazur","21":"tag-republique-francaise","22":"tag-rugby","23":"tag-rugby-a-xv","24":"tag-toulon","25":"tag-transferts-rugby","26":"tag-usap"},"share_on_mastodon":{"url":"https:\/\/pubeurope.com\/@fr\/114549994737486300","error":""},"_links":{"self":[{"href":"https:\/\/www.europesays.com\/fr\/wp-json\/wp\/v2\/posts\/118718","targetHints":{"allow":["GET"]}}],"collection":[{"href":"https:\/\/www.europesays.com\/fr\/wp-json\/wp\/v2\/posts"}],"about":[{"href":"https:\/\/www.europesays.com\/fr\/wp-json\/wp\/v2\/types\/post"}],"author":[{"embeddable":true,"href":"https:\/\/www.europesays.com\/fr\/wp-json\/wp\/v2\/users\/2"}],"replies":[{"embeddable":true,"href":"https:\/\/www.europesays.com\/fr\/wp-json\/wp\/v2\/comments?post=118718"}],"version-history":[{"count":0,"href":"https:\/\/www.europesays.com\/fr\/wp-json\/wp\/v2\/posts\/118718\/revisions"}],"wp:featuredmedia":[{"embeddable":true,"href":"https:\/\/www.europesays.com\/fr\/wp-json\/wp\/v2\/media\/118719"}],"wp:attachment":[{"href":"https:\/\/www.europesays.com\/fr\/wp-json\/wp\/v2\/media?parent=118718"}],"wp:term":[{"taxonomy":"category","embeddable":true,"href":"https:\/\/www.europesays.com\/fr\/wp-json\/wp\/v2\/categories?post=118718"},{"taxonomy":"post_tag","embeddable":true,"href":"https:\/\/www.europesays.com\/fr\/wp-json\/wp\/v2\/tags?post=118718"}],"curies":[{"name":"wp","href":"https:\/\/api.w.org\/{rel}","templated":true}]}}