{"id":11873,"date":"2025-04-09T05:38:12","date_gmt":"2025-04-09T05:38:12","guid":{"rendered":"https:\/\/www.europesays.com\/fr\/11873\/"},"modified":"2025-04-09T05:38:12","modified_gmt":"2025-04-09T05:38:12","slug":"les-images-du-spectaculaire-incendie-dun-centre-de-tri-de-dechets-a-paris","status":"publish","type":"post","link":"https:\/\/www.europesays.com\/fr\/11873\/","title":{"rendered":"Les images du spectaculaire incendie d&rsquo;un centre de tri de d\u00e9chets \u00e0 Paris"},"content":{"rendered":"<p>Lundi soir, un immense incendie s&rsquo;est d\u00e9clar\u00e9 au nord de Paris dans un centre de d\u00e9chets.Il a \u00e9t\u00e9 circonscrit peu avant minuit.Aucune victime n&rsquo;est \u00e0 d\u00e9plorer.<\/p>\n<p data-module=\"article-paragraph\" class=\"jsx-362436225 Paragraph\">Un <a href=\"https:\/\/www.tf1info.fr\/justice-faits-divers\/incendie-paris-17e-ce-que-l-on-sait-de-l-impressionnant-feu-qui-a-ravage-un-centre-de-tri-de-dechets-lundi-7-avril-2363790.html\" target=\"_blank\" rel=\"nofollow noopener\">spectaculaire incendie (nouvelle fen\u00eatre)<\/a> s&rsquo;est d\u00e9clar\u00e9 vers 20H lundi soir dans la capitale, laissant les passants sans voix. Il a ravag\u00e9 le centre de d\u00e9chets et les locaux du Syctom, le service public de traitement et de valorisation des d\u00e9chets m\u00e9nagers de 82 communes en Ile-de-France, dans le 17e arrondissement de Paris, \u00e0 proximit\u00e9 du Palais de justice.\u00a0<\/p>\n<p data-module=\"article-paragraph\" class=\"jsx-362436225 Paragraph Paragraph__End\">\u00ab\u00a0On \u00e9tait en train de manger, on a vu des flammes au travers des vitres. On a entendu les pompiers, on a vu \u00e0 fumer, donc on est descendu pour voir\u00a0\u00bb, a confi\u00e9 aux \u00e9quipes de TF1-LCI un t\u00e9moin dans la vid\u00e9o en t\u00eate de cet article.<\/p>\n<ul class=\"jsx-658110588 ReadMoreArticle__List flex flex-column\">\n<li class=\"jsx-658110588\"><a href=\"https:\/\/www.tf1info.fr\/justice-faits-divers\/incendie-paris-17e-ce-que-l-on-sait-de-l-impressionnant-feu-qui-a-ravage-un-centre-de-tri-de-dechets-lundi-7-avril-2363790.html\" rel=\"nofollow noopener\" class=\"jsx-4233824444 Link flex\" target=\"_blank\"><img decoding=\"async\" src=\"https:\/\/www.europesays.com\/fr\/wp-content\/uploads\/2025\/04\/incendie-paris-tri-des-dechets-1c16c6-0@1x.jpeg\" alt=\"Lire aussi\" loading=\"lazy\" importance=\"low\" fetchpriority=\"low\" class=\"\" copyright=\"AFP\"\/>\n<p class=\"jsx-658110588 ReadMoreArticle__Title\">Lire aussi<\/p>\n<p class=\"jsx-658110588\">Paris : ce que l&rsquo;on sait de l&rsquo;impressionnant incendie qui a ravag\u00e9 un centre de tri<\/p>\n<p><\/a><\/li>\n<\/ul>\n<p data-module=\"article-paragraph\" class=\"jsx-362436225 Paragraph\">\u00ab\u00a0Une grande partie du b\u00e2timent s&rsquo;est effondr\u00e9 sur lui-m\u00eame\u00a0\u00bb, ont expliqu\u00e9 les pompiers. \u00ab\u00a0Il n&rsquo;y a aucun bilan humain, il n&rsquo;y a pas de victimes\u00a0\u00bb, a annonc\u00e9 le pr\u00e9fet de police de Paris, Laurent Nu\u00f1ez. Le feu a \u00e9t\u00e9 circonscrit peu avant minuit. Il faudra encore plusieurs heures avant que le feu, qui n&rsquo;a pas touch\u00e9 les b\u00e2timents alentour, soit compl\u00e8tement \u00e9teint, ont pr\u00e9cis\u00e9 les pompiers.<\/p>\n<p data-module=\"article-paragraph\" class=\"jsx-362436225 Paragraph Paragraph__End\">\u00ab\u00a0On n&rsquo;a pas la raison du d\u00e9part de feu. On sait que le feu est parti de la zone journal, revue, magazine, donc ce qui a \u00e9t\u00e9 tri\u00e9\u00a0\u00bb, nous explique Corentin Duprey, pr\u00e9sident du Syctom en charge du centre de tri. Le Syctom g\u00e8re cinq centres de tri de ce type dans la m\u00e9tropole du Grand Paris et \u00ab\u00a0les d\u00e9parts de feu sont tr\u00e8s fr\u00e9quents\u00a0\u00bb, selon lui.<\/p>\n<p>Antoine LLORCA avec AFP<\/p>\n","protected":false},"excerpt":{"rendered":"Lundi soir, un immense incendie s&rsquo;est d\u00e9clar\u00e9 au nord de Paris dans un centre de d\u00e9chets.Il a \u00e9t\u00e9&hellip;\n","protected":false},"author":2,"featured_media":11874,"comment_status":"","ping_status":"","sticky":false,"template":"","format":"standard","meta":{"footnotes":""},"categories":[1888],"tags":[1111,1928,11,1927,1921,1777,674,5582,1011,27,1310,1922,2954,12,1926,626,1925,4775,25,133,2953],"class_list":{"0":"post-11873","1":"post","2":"type-post","3":"status-publish","4":"format-standard","5":"has-post-thumbnail","7":"category-paris","8":"tag-actu","9":"tag-actu-paris","10":"tag-actualites","11":"tag-actualites-paris","12":"tag-article-video","13":"tag-eu","14":"tag-europe","15":"tag-forces-de-lordre-armee-pompiers","16":"tag-fr","17":"tag-france","18":"tag-incendie","19":"tag-info","20":"tag-justice-et-faits-divers","21":"tag-news","22":"tag-news-paris","23":"tag-paris","24":"tag-paris-news","25":"tag-pompier","26":"tag-republique-francaise","27":"tag-video","28":"tag-video-police"},"share_on_mastodon":{"url":"https:\/\/pubeurope.com\/@fr\/114306398070434109","error":""},"_links":{"self":[{"href":"https:\/\/www.europesays.com\/fr\/wp-json\/wp\/v2\/posts\/11873","targetHints":{"allow":["GET"]}}],"collection":[{"href":"https:\/\/www.europesays.com\/fr\/wp-json\/wp\/v2\/posts"}],"about":[{"href":"https:\/\/www.europesays.com\/fr\/wp-json\/wp\/v2\/types\/post"}],"author":[{"embeddable":true,"href":"https:\/\/www.europesays.com\/fr\/wp-json\/wp\/v2\/users\/2"}],"replies":[{"embeddable":true,"href":"https:\/\/www.europesays.com\/fr\/wp-json\/wp\/v2\/comments?post=11873"}],"version-history":[{"count":0,"href":"https:\/\/www.europesays.com\/fr\/wp-json\/wp\/v2\/posts\/11873\/revisions"}],"wp:featuredmedia":[{"embeddable":true,"href":"https:\/\/www.europesays.com\/fr\/wp-json\/wp\/v2\/media\/11874"}],"wp:attachment":[{"href":"https:\/\/www.europesays.com\/fr\/wp-json\/wp\/v2\/media?parent=11873"}],"wp:term":[{"taxonomy":"category","embeddable":true,"href":"https:\/\/www.europesays.com\/fr\/wp-json\/wp\/v2\/categories?post=11873"},{"taxonomy":"post_tag","embeddable":true,"href":"https:\/\/www.europesays.com\/fr\/wp-json\/wp\/v2\/tags?post=11873"}],"curies":[{"name":"wp","href":"https:\/\/api.w.org\/{rel}","templated":true}]}}