{"id":118732,"date":"2025-05-22T06:17:20","date_gmt":"2025-05-22T06:17:20","guid":{"rendered":"https:\/\/www.europesays.com\/fr\/118732\/"},"modified":"2025-05-22T06:17:20","modified_gmt":"2025-05-22T06:17:20","slug":"rencontres-avec-des-pros-du-droit-au-tribunal-de-strasbourg-vendredi-23-mai","status":"publish","type":"post","link":"https:\/\/www.europesays.com\/fr\/118732\/","title":{"rendered":"Rencontres avec des pros du droit au tribunal de Strasbourg, vendredi 23 mai"},"content":{"rendered":"<p class=\"wp-block-post-excerpt__excerpt\">Le tribunal judiciaire de Strasbourg accueille l\u2019\u00e9dition bas-rhinoise de la Journ\u00e9e nationale de l\u2019acc\u00e8s au droit vendredi 23 mai. Une trentaine de stands d\u2019information et de conseils juridiques gratuits seront install\u00e9s dans le hall du palais de justice. <\/p>\n<p class=\"font-sans\">\n\t\t\tCet article est en acc\u00e8s libre. Pour soutenir Rue89 Strasbourg,<br \/>\n\t\t\t<a class=\"underline\" href=\"https:\/\/www.rue89strasbourg.com\/abonnement\" target=\"_blank\" rel=\"noopener\">abonnez-vous<\/a>.\n\t\t<\/p>\n<p>Rue89 Strasbourg<\/p>\n<p>Publi\u00e9 le 22 mai 2025\u00a0\u00a0\u00b7\u00a0\u00a0<\/p>\n<p>Imprim\u00e9 le 22 mai 2025 \u00e0 07h32\u00a0\u00a0\u00b7\u00a0\u00a0<\/p>\n<p>\t\t\t\t\t2\u00a0minutes\n<\/p>\n<p>Pr\u00e8s de 70 professionnels du droit se tiendront \u00e0 la disposition du public, vendredi 23 mai au tribunal judiciaire de Strasbourg. De 9h \u00e0\u00a017h, une trentaine de stands seront am\u00e9nag\u00e9s dans le hall d\u2019accueil du palais de justice \u00e0 l\u2019occasion de la sixi\u00e8me Journ\u00e9e nationale de l\u2019acc\u00e8s au droit.<\/p>\n<p>Cr\u00e9\u00e9e en 2018 par le minist\u00e8re de la Justice et organis\u00e9e par le Conseil d\u00e9partemental de l\u2019acc\u00e8s au droit du Bas-Rhin (<a href=\"https:\/\/www.cdad-basrhin.justice.fr\/\" target=\"_blank\" rel=\"noreferrer noopener\">CDAD 67<\/a>), cette journ\u00e9e vise \u00e0 prodiguer des conseils juridiques gratuits et des informations sur le fonctionnement de la justice aux citoyens.<\/p>\n<p><a href=\"https:\/\/www.rue89strasbourg.com\/abonnement\" target=\"_blank\" rel=\"noopener\"><img loading=\"lazy\" decoding=\"async\" width=\"970\" height=\"250\" src=\"https:\/\/www.europesays.com\/fr\/wp-content\/uploads\/2025\/05\/bannie\u0300re-autopromo-2025-desktop-1.gif\" alt=\"\" class=\"wp-image-343590\" style=\"width:792px\"\/><\/a><\/p>\n<p><a href=\"https:\/\/www.rue89strasbourg.com\/abonnement\" target=\"_blank\" rel=\"noopener\"><img loading=\"lazy\" decoding=\"async\" width=\"300\" height=\"300\" src=\"https:\/\/www.europesays.com\/fr\/wp-content\/uploads\/2025\/05\/bannieres@2x.png\" alt=\"\" class=\"wp-image-341656\"  \/><\/a><\/p>\n<p>Quatre avocats mobilis\u00e9s<\/p>\n<p>Des fonctionnaires d\u2019autres services publics sont \u00e9galement mobilis\u00e9s \u00e0 cette occasion, comme les forces de l\u2019ordre, l\u2019administration p\u00e9nitentiaire ou encore les finances publiques. Deux stands seront tenus par des avocats du barreau de Strasbourg et de Saverne. Une d\u00e9l\u00e9gation du parquet allemand d\u2019Offenbourg sera \u00e9galement pr\u00e9sente pour r\u00e9pondre notamment aux questions transfrontali\u00e8res.<\/p>\n<p>Parmi les autres acteurs pr\u00e9sents, citons des d\u00e9l\u00e9gu\u00e9s du D\u00e9fenseur des Droits, des notaires ou encore des associations d\u2019aide et de soutien aux victimes, le Centre d\u2019information sur le droit des femmes (CIDFF) ou encore Cr\u00e9sus, qui aide et accompagne les personnes en surendettement.<\/p>\n<p>Liste des organismes pr\u00e9sents<\/p>\n<ul class=\"wp-block-list\">\n<li>Alsace m\u00e9diation et Centre Rh\u00e9nan de M\u00e9diation<\/li>\n<li>Centre d\u2019information sur le droit des femmes du Bas-Rhin<\/li>\n<li>Cimade Alsace-Lorraine<\/li>\n<li>Cr\u00e9sus Alsace<\/li>\n<li>Conciliateurs de justice d\u2019Alsace<\/li>\n<li>Centre europ\u00e9en de la consommation<\/li>\n<li>SOS France Victimes 67<\/li>\n<li>UFC Que choisir<\/li>\n<li>Viaduq France Victimes 67<\/li>\n<li>Caisse d\u2019allocations familiales du Bas-Rhin<\/li>\n<li>Caisse primaire d\u2019Assurance maladie du Bas-Rhin<\/li>\n<li>Notaires du Bas-Rhin<\/li>\n<li>Commissaires de Justice <\/li>\n<li>Commission europ\u00e9enne pour l\u2019efficacit\u00e9 de la Justice<\/li>\n<li>D\u00e9fenseur des Droits<\/li>\n<li>Frontaliers Grand-Est<\/li>\n<\/ul>\n<ul class=\"wp-block-list\">\n<li>Association droit et information sur le logement (Adil) du Bas-Rhin<\/li>\n<li>S\u00e9curit\u00e9 publique du Bas-Rhin (Police nationale)<\/li>\n<li>Douanes et droits indirects<\/li>\n<li>Gendarmerie du Bas-Rhin<\/li>\n<li>Institut de Justice Amiable du Barreau de Strasbourg<\/li>\n<li>Ordre des avocats au Barreau de Saverne<\/li>\n<li>Ordre des avocats au Barreau de Strasbourg<\/li>\n<li>Parquet d\u2019Offenburg<\/li>\n<li>Plateau M\u00e9diation Familiale 67<\/li>\n<li>Pr\u00e9fecture \u2013 France Services<\/li>\n<li>Protection judiciaire de la jeunesse<\/li>\n<li>Service p\u00e9nitentiaire d\u2019insertion et de probation du Bas-Rhin<\/li>\n<li>Tribunal administratif de Strasbourg<\/li>\n<li>Tribunal judiciaire de Strasbourg<\/li>\n<li>Ville et Eurom\u00e9tropole de Strasbourg<\/li>\n<li>Conseil de prud\u2019hommes Haguenau<\/li>\n<\/ul>\n<p>En 2024, pr\u00e8s de 6 000 personnes ont sollicit\u00e9 l\u2019aide du CDAD dans le Bas-Rhin pour obtenir des r\u00e9ponses sur leurs droits.<\/p>\n<p>Y <strong>aller<\/strong><\/p>\n<p><strong>Journ\u00e9e d\u2019acc\u00e8s aux droits, <\/strong>vendredi 23 mai de 9h \u00e0 17h, au tribunal judiciaire de Strasbourg, quai Finkmatt \u00e0 Strasbourg \u2013 tribunal. Entr\u00e9e libre.<\/p>\n","protected":false},"excerpt":{"rendered":"Le tribunal judiciaire de Strasbourg accueille l\u2019\u00e9dition bas-rhinoise de la Journ\u00e9e nationale de l\u2019acc\u00e8s au droit vendredi 23&hellip;\n","protected":false},"author":2,"featured_media":118733,"comment_status":"","ping_status":"","sticky":false,"template":"","format":"standard","meta":{"footnotes":""},"categories":[2820],"tags":[1111,11,1777,674,1011,27,775,303,12,25,640,5515],"class_list":{"0":"post-118732","1":"post","2":"type-post","3":"status-publish","4":"format-standard","5":"has-post-thumbnail","7":"category-strasbourg","8":"tag-actu","9":"tag-actualites","10":"tag-eu","11":"tag-europe","12":"tag-fr","13":"tag-france","14":"tag-grand-est","15":"tag-justice","16":"tag-news","17":"tag-republique-francaise","18":"tag-strasbourg","19":"tag-tribunal-judiciaire"},"share_on_mastodon":{"url":"https:\/\/pubeurope.com\/@fr\/114550029997814453","error":""},"_links":{"self":[{"href":"https:\/\/www.europesays.com\/fr\/wp-json\/wp\/v2\/posts\/118732","targetHints":{"allow":["GET"]}}],"collection":[{"href":"https:\/\/www.europesays.com\/fr\/wp-json\/wp\/v2\/posts"}],"about":[{"href":"https:\/\/www.europesays.com\/fr\/wp-json\/wp\/v2\/types\/post"}],"author":[{"embeddable":true,"href":"https:\/\/www.europesays.com\/fr\/wp-json\/wp\/v2\/users\/2"}],"replies":[{"embeddable":true,"href":"https:\/\/www.europesays.com\/fr\/wp-json\/wp\/v2\/comments?post=118732"}],"version-history":[{"count":0,"href":"https:\/\/www.europesays.com\/fr\/wp-json\/wp\/v2\/posts\/118732\/revisions"}],"wp:featuredmedia":[{"embeddable":true,"href":"https:\/\/www.europesays.com\/fr\/wp-json\/wp\/v2\/media\/118733"}],"wp:attachment":[{"href":"https:\/\/www.europesays.com\/fr\/wp-json\/wp\/v2\/media?parent=118732"}],"wp:term":[{"taxonomy":"category","embeddable":true,"href":"https:\/\/www.europesays.com\/fr\/wp-json\/wp\/v2\/categories?post=118732"},{"taxonomy":"post_tag","embeddable":true,"href":"https:\/\/www.europesays.com\/fr\/wp-json\/wp\/v2\/tags?post=118732"}],"curies":[{"name":"wp","href":"https:\/\/api.w.org\/{rel}","templated":true}]}}