{"id":118738,"date":"2025-05-22T06:20:12","date_gmt":"2025-05-22T06:20:12","guid":{"rendered":"https:\/\/www.europesays.com\/fr\/118738\/"},"modified":"2025-05-22T06:20:12","modified_gmt":"2025-05-22T06:20:12","slug":"le-memorial-de-la-shoah-collecte-les-documents-des-nicois-concernant-le-sort-des-juifs-pendant-la-seconde-guerre-mondiale","status":"publish","type":"post","link":"https:\/\/www.europesays.com\/fr\/118738\/","title":{"rendered":"Le M\u00e9morial de la Shoah collecte les documents des Ni\u00e7ois concernant le sort des juifs pendant la Seconde Guerre mondiale"},"content":{"rendered":"<p>Faux papiers d\u2019identit\u00e9, livret de famille falsifi\u00e9, courriers, photos\u2026 Cathie Fidler range consciencieusement les documents dans des pochettes plastifi\u00e9es puis une chemise cartonn\u00e9e. Ils viennent d\u2019\u00eatre num\u00e9ris\u00e9s et seront vers\u00e9s au fond du M\u00e9morial de la Shoah de Paris qui va ouvrir un mus\u00e9e \u00e0 Nice l\u2019an prochain, passage Gottlieb (ex-Meyerbeer). Comme cette Ni\u00e7oise de 78 ans, d\u2019autres sont venus confier, ce mercredi 21 mai 2025, leurs archives personnelles et t\u00e9moigner dans le cadre d\u2019une collecte qui se poursuit ce jeudi 22 mai 2025 \u00e0 la Maison pour l\u2019accueil des victimes (6, rue Gubernatis).<\/p>\n<p>\u00ab\u00a0Nous cherchons tout ce qui peut aider \u00e0 retracer l\u2019histoire de Nice et de la r\u00e9gion, de l\u2019avant \u00e0 l\u2019apr\u00e8s Seconde Guerre mondiale, r\u00e9sume Lior Lalieu, responsable de la collecte pour le M\u00e9morial de la Shoah. Nous faisons appel aux particuliers disposant de documents ou d\u2019objets. Ils sont num\u00e9ris\u00e9s ou photographi\u00e9s sur place puis rendus &#8211; sauf s\u2019ils souhaitent nous les confier. Cela permettra de nourrir la m\u00e9moire et mieux savoir ce qu\u2019il s\u2019est pass\u00e9: des zones d\u2019ombre persistent. Les archives de l\u2019h\u00f4tel Excelsior, r\u00e9quisitionn\u00e9 pour rassembler les juifs arr\u00eat\u00e9s, ont par exemple disparu.\u00a0\u00bb<\/p>\n<p>Le bouleversant t\u00e9moin d\u2019une rafle<\/p>\n<p>La d\u00e9marche n\u2019est pas toujours ais\u00e9e, m\u00eame 80 ans apr\u00e8s le conflit. \u00ab\u00a0Ce matin, un monsieur victime de la rafle du 26 ao\u00fbt 1942 est venu nous confier son histoire. Lui a surv\u00e9cu, mais pas sa famille. Des t\u00e9moignages comme celui-ci sont particuli\u00e8rement bouleversants. Nous avons besoin de conna\u00eetre les circonstances dans lesquelles les \u00e9v\u00e9nements se sont d\u00e9roul\u00e9s. C\u2019est pourquoi la parole des survivants ou de leurs descendants est primordiale. En pr\u00e9sence d\u2019une photographie, par exemple: si personne n\u2019est en mesure de dire o\u00f9 elle a \u00e9t\u00e9 prise ni qui figure dessus, cela n\u2019a gu\u00e8re d\u2019int\u00e9r\u00eat historique. Pour mener un travail historique, nous avons besoin de contextualiser les documents.\u00a0\u00bb<\/p>\n<p>Ainsi, les membres du M\u00e9morial de la Shoah et les \u00e9quipes du service Passerelles du FSJU (Fonds social juif unifi\u00e9), o\u00f9 avait lieu hier la collecte, prennent le temps de dialoguer avec chaque donateur Le lieu, calme, est propice aux confessions. \u00ab\u00a0Beaucoup n\u2019osent pas venir, notamment par crainte de rouvrir des cicatrices. Nous faisons en sorte d\u2019\u00e9tablir un lien de confiance. S\u2019ils ne se sentent finalement pas de raconter, nous le respectons et peut-\u00eatre ce sera une prochaine fois\u00a0\u00bb, remarque St\u00e9phanie Assor-Lardant, d\u00e9l\u00e9gu\u00e9e r\u00e9gionale FSJU.<\/p>\n<p>Des faux papiers pour survivre \u00e0 la guerre<\/p>\n<p>Quiconque poss\u00e8de des documents en lien avec la Shoah \u2013 de pr\u00e8s comme de loin \u2013 peut venir les confier: \u00ab\u00a0Pas n\u00e9cessairement des personnes de confession juive, d\u2019ailleurs. Il peut aussi s\u2019agir de t\u00e9moins, de Justes, de proches\u00a0\u00bb, indique Lior Lalieu. Mais aussi des descendants, comme Cathie Fidler, n\u00e9e en 1947. \u00ab\u00a0Mes parents \u00e9taient juifs. Ils sont parvenus \u00e0 obtenir des faux papiers et un faux livret de famille en modifiant leur nom: Fidler devenu Fournier. Cela, gr\u00e2ce au Dr Lucien Lavabre-Delannoy, qui a \u00e9t\u00e9 maire de Mougins et a accept\u00e9 d\u2019apposer le tampon officiel. Sans lui, je ne sais pas ce qui serait arriv\u00e9\u2026 Avec ces documents, mes parents ont pu partir vivre dans le Vaucluse sous leur fausse identit\u00e9 jusqu\u2019\u00e0 la fin de la guerre.\u00a0\u00bb<\/p>\n<p>\u00ab\u00a0De telles histoires familiales sont importantes pour mieux retracer les \u00e9v\u00e9nements et la mani\u00e8re dont les juifs ont travers\u00e9 le conflit \u00e0 Nice\u00a0\u00bb, souligne la responsable de la collecte. Cette derni\u00e8re sera encore pr\u00e9sente ce jeudi, de 9h \u00e0 18h pour recevoir les donateurs, y compris sans rendez-vous. Pour ceux qui ne pourraient s\u2019y rendre, il est possible de prendre contact avec le M\u00e9morial au 01.53.01.17.28.<\/p>\n","protected":false},"excerpt":{"rendered":"Faux papiers d\u2019identit\u00e9, livret de famille falsifi\u00e9, courriers, photos\u2026 Cathie Fidler range consciencieusement les documents dans des pochettes&hellip;\n","protected":false},"author":2,"featured_media":118739,"comment_status":"","ping_status":"","sticky":false,"template":"","format":"standard","meta":{"footnotes":""},"categories":[2819],"tags":[1111,11,1777,674,1011,27,937,12,2401,882,25,3366],"class_list":{"0":"post-118738","1":"post","2":"type-post","3":"status-publish","4":"format-standard","5":"has-post-thumbnail","7":"category-nice","8":"tag-actu","9":"tag-actualites","10":"tag-eu","11":"tag-europe","12":"tag-fr","13":"tag-france","14":"tag-histoire","15":"tag-news","16":"tag-nice","17":"tag-provence-alpes-cote-dazur","18":"tag-republique-francaise","19":"tag-vie-locale"},"share_on_mastodon":{"url":"https:\/\/pubeurope.com\/@fr\/114550041729201678","error":""},"_links":{"self":[{"href":"https:\/\/www.europesays.com\/fr\/wp-json\/wp\/v2\/posts\/118738","targetHints":{"allow":["GET"]}}],"collection":[{"href":"https:\/\/www.europesays.com\/fr\/wp-json\/wp\/v2\/posts"}],"about":[{"href":"https:\/\/www.europesays.com\/fr\/wp-json\/wp\/v2\/types\/post"}],"author":[{"embeddable":true,"href":"https:\/\/www.europesays.com\/fr\/wp-json\/wp\/v2\/users\/2"}],"replies":[{"embeddable":true,"href":"https:\/\/www.europesays.com\/fr\/wp-json\/wp\/v2\/comments?post=118738"}],"version-history":[{"count":0,"href":"https:\/\/www.europesays.com\/fr\/wp-json\/wp\/v2\/posts\/118738\/revisions"}],"wp:featuredmedia":[{"embeddable":true,"href":"https:\/\/www.europesays.com\/fr\/wp-json\/wp\/v2\/media\/118739"}],"wp:attachment":[{"href":"https:\/\/www.europesays.com\/fr\/wp-json\/wp\/v2\/media?parent=118738"}],"wp:term":[{"taxonomy":"category","embeddable":true,"href":"https:\/\/www.europesays.com\/fr\/wp-json\/wp\/v2\/categories?post=118738"},{"taxonomy":"post_tag","embeddable":true,"href":"https:\/\/www.europesays.com\/fr\/wp-json\/wp\/v2\/tags?post=118738"}],"curies":[{"name":"wp","href":"https:\/\/api.w.org\/{rel}","templated":true}]}}