{"id":11875,"date":"2025-04-09T05:39:15","date_gmt":"2025-04-09T05:39:15","guid":{"rendered":"https:\/\/www.europesays.com\/fr\/11875\/"},"modified":"2025-04-09T05:39:15","modified_gmt":"2025-04-09T05:39:15","slug":"lincendie-du-centre-de-tri-de-dechets-est-circonscrit-et-aucune-victime-nest-a-deplorer","status":"publish","type":"post","link":"https:\/\/www.europesays.com\/fr\/11875\/","title":{"rendered":"L&rsquo;incendie du centre de tri de d\u00e9chets est circonscrit et aucune victime n&rsquo;est \u00e0 d\u00e9plorer"},"content":{"rendered":"<p>Un immense <a href=\"https:\/\/www.20minutes.fr\/dossier\/incendie\" target=\"_blank\" class=\"color-ultramarine c-link\" rel=\"nofollow noopener\">incendie<\/a> a embras\u00e9 lundi soir un centre de tri des d\u00e9chets du <a href=\"https:\/\/www.syctom-paris.fr\/accueil.html\" rel=\"nofollow noopener\" target=\"_blank\" class=\"color-ultramarine c-link\">Syctom<\/a>, situ\u00e9 dans le XVIIe arrondissement de <a href=\"https:\/\/www.20minutes.fr\/paris\/\" target=\"_blank\" class=\"color-ultramarine c-link\" rel=\"nofollow noopener\">Paris<\/a>, provoquant un impressionnant nuage de fum\u00e9e visible \u00e0 des kilom\u00e8tres. L\u2019incendie, spectaculaire mais sans victime, a \u00e9t\u00e9 ma\u00eetris\u00e9 peu avant minuit par les pompiers, mobilis\u00e9s en nombre.<\/p>\n<p>Le feu s\u2019est d\u00e9clar\u00e9 vers 20 heures dans un b\u00e2timent de 12.000 m2 du Syctom, l\u2019organisme charg\u00e9 du traitement des d\u00e9chets de 82 communes d\u2019<a href=\"https:\/\/www.20minutes.fr\/dossier\/ile-de-france\" target=\"_blank\" class=\"color-ultramarine c-link\" rel=\"nofollow noopener\">Ile-de-France<\/a>. Attis\u00e9 par les mat\u00e9riaux stock\u00e9s, notamment des papiers, il a entra\u00een\u00e9 l\u2019effondrement partiel de la structure, selon les sapeurs-pompiers de Paris. Des passants et automobilistes ont largement relay\u00e9 des images des flammes sur les r\u00e9seaux sociaux.<\/p>\n<p>Aucun bless\u00e9 n&rsquo;est \u00e0 d\u00e9plorer<\/p>\n<p>A l\u2019arriv\u00e9e des <a href=\"https:\/\/www.20minutes.fr\/dossier\/pompiers\" target=\"_blank\" class=\"color-ultramarine c-link\" rel=\"nofollow noopener\">pompiers<\/a>, les 31 employ\u00e9s pr\u00e9sents ont \u00e9t\u00e9 imm\u00e9diatement \u00e9vacu\u00e9s. \u00ab A ce stade, aucun bless\u00e9 n\u2019est \u00e0 d\u00e9plorer \u00bb, a confirm\u00e9 une source polici\u00e8re, un constat r\u00e9it\u00e9r\u00e9 par le pr\u00e9fet de police de Paris, <a href=\"https:\/\/www.20minutes.fr\/politique\/laurent-nunez\/\" target=\"_blank\" class=\"color-ultramarine c-link\" rel=\"nofollow noopener\">Laurent Nu\u00f1ez<\/a> : \u00ab Il n\u2019y a aucun bilan humain. \u00bb Ce dernier a pr\u00e9cis\u00e9 que 180 sapeurs-pompiers, 45 v\u00e9hicules et huit lances avaient \u00e9t\u00e9 d\u00e9ploy\u00e9s sur place.<\/p>\n<p>La propagation a \u00e9t\u00e9 \u00e9vit\u00e9e, malgr\u00e9 la pr\u00e9sence de bouteilles de gaz \u00e0 l\u2019int\u00e9rieur du site, dont certaines ont explos\u00e9. \u00ab L\u2019incendie a entra\u00een\u00e9 un effondrement au sein du b\u00e2timent \u00bb, a indiqu\u00e9 le pr\u00e9fet. Le maire du XVVIIe arrondissement, Geoffroy Boulard (LR), a confirm\u00e9 qu\u2019aucune installation voisine n\u2019avait \u00e9t\u00e9 touch\u00e9e.<\/p>\n<p><img decoding=\"async\" alt=\"De nombreuses vid\u00e9os et photographies partag\u00e9es t\u00e9moignent de l\u2019ampleur du sinistre, dont la fum\u00e9e grise puis noire s\u2019\u00e9l\u00e8ve haut dans le ciel.\" class=\"c-img\" loading=\"lazy\" fetchpriority=\"auto\" width=\"718\"  src=\"https:\/\/www.europesays.com\/fr\/wp-content\/uploads\/2025\/04\/1744177155_429_718x0.jpeg; charset=utf-8\" \/>De nombreuses vid\u00e9os et photographies partag\u00e9es t\u00e9moignent de l\u2019ampleur du sinistre, dont la fum\u00e9e grise puis noire s\u2019\u00e9l\u00e8ve haut dans le ciel.\u2002-\u00a0F.Hernandez\/20Minutes.frL&rsquo;origine du feu encore inconnue<\/p>\n<p>En raison des risques, un large p\u00e9rim\u00e8tre de s\u00e9curit\u00e9 a \u00e9t\u00e9 \u00e9tabli, incluant la fermeture partielle du boulevard p\u00e9riph\u00e9rique entre les portes de Champerret, d\u2019Asni\u00e8res et de la Chapelle. Les habitants du secteur (entre l\u2019avenue de Clichy, la rue de Saussure et la rue Cardinet) ont \u00e9t\u00e9 invit\u00e9s \u00e0 rester chez eux, fen\u00eatres ferm\u00e9es, et \u00e0 composer le 18 en cas de g\u00eane respiratoire. Si aucun \u00e9l\u00e9ment <a href=\"https:\/\/www.20minutes.fr\/dossier\/pollution_de_l_air\" target=\"_blank\" class=\"color-ultramarine c-link\" rel=\"nofollow noopener\">toxique<\/a> n\u2019a \u00e9t\u00e9 d\u00e9tect\u00e9 pour l\u2019instant, les autorit\u00e9s restent prudentes. \u00ab De ce point de vue, les nouvelles sont assez rassurantes, mais on a quand m\u00eame d\u00e9fini un p\u00e9rim\u00e8tre par pr\u00e9caution \u00bb, a d\u00e9clar\u00e9 Laurent Nu\u00f1ez.<\/p>\n<p>Le pr\u00e9sident du Syctom, Corentin Duprey, s\u2019est voulu rassurant tout en soulignant la gravit\u00e9 de l\u2019\u00e9v\u00e9nement : \u00ab On ne d\u00e9plore ni mort ni bless\u00e9, mais le b\u00e2timent est en train de br\u00fbler dans son enti\u00e8ret\u00e9. \u00bb Il a rappel\u00e9 que ce type d\u2019installation est expos\u00e9 \u00e0 des d\u00e9parts de feu fr\u00e9quents, m\u00eame si peu atteignent une telle ampleur. On ne conna\u00eet pas encore l&rsquo;origine de l&rsquo;incendie.<\/p>\n","protected":false},"excerpt":{"rendered":"Un immense incendie a embras\u00e9 lundi soir un centre de tri des d\u00e9chets du Syctom, situ\u00e9 dans le&hellip;\n","protected":false},"author":2,"featured_media":11876,"comment_status":"","ping_status":"","sticky":false,"template":"","format":"standard","meta":{"footnotes":""},"categories":[1888],"tags":[1111,1928,47,11,1927,1777,674,118,1011,27,662,1310,12,1926,626,1925,1311,25,133],"class_list":{"0":"post-11875","1":"post","2":"type-post","3":"status-publish","4":"format-standard","5":"has-post-thumbnail","7":"category-paris","8":"tag-actu","9":"tag-actu-paris","10":"tag-actualite","11":"tag-actualites","12":"tag-actualites-paris","13":"tag-eu","14":"tag-europe","15":"tag-faits-divers","16":"tag-fr","17":"tag-france","18":"tag-ile-de-france","19":"tag-incendie","20":"tag-news","21":"tag-news-paris","22":"tag-paris","23":"tag-paris-news","24":"tag-pompiers","25":"tag-republique-francaise","26":"tag-video"},"share_on_mastodon":{"url":"https:\/\/pubeurope.com\/@fr\/114306401210917089","error":""},"_links":{"self":[{"href":"https:\/\/www.europesays.com\/fr\/wp-json\/wp\/v2\/posts\/11875","targetHints":{"allow":["GET"]}}],"collection":[{"href":"https:\/\/www.europesays.com\/fr\/wp-json\/wp\/v2\/posts"}],"about":[{"href":"https:\/\/www.europesays.com\/fr\/wp-json\/wp\/v2\/types\/post"}],"author":[{"embeddable":true,"href":"https:\/\/www.europesays.com\/fr\/wp-json\/wp\/v2\/users\/2"}],"replies":[{"embeddable":true,"href":"https:\/\/www.europesays.com\/fr\/wp-json\/wp\/v2\/comments?post=11875"}],"version-history":[{"count":0,"href":"https:\/\/www.europesays.com\/fr\/wp-json\/wp\/v2\/posts\/11875\/revisions"}],"wp:featuredmedia":[{"embeddable":true,"href":"https:\/\/www.europesays.com\/fr\/wp-json\/wp\/v2\/media\/11876"}],"wp:attachment":[{"href":"https:\/\/www.europesays.com\/fr\/wp-json\/wp\/v2\/media?parent=11875"}],"wp:term":[{"taxonomy":"category","embeddable":true,"href":"https:\/\/www.europesays.com\/fr\/wp-json\/wp\/v2\/categories?post=11875"},{"taxonomy":"post_tag","embeddable":true,"href":"https:\/\/www.europesays.com\/fr\/wp-json\/wp\/v2\/tags?post=11875"}],"curies":[{"name":"wp","href":"https:\/\/api.w.org\/{rel}","templated":true}]}}