{"id":118750,"date":"2025-05-22T06:26:08","date_gmt":"2025-05-22T06:26:08","guid":{"rendered":"https:\/\/www.europesays.com\/fr\/118750\/"},"modified":"2025-05-22T06:26:08","modified_gmt":"2025-05-22T06:26:08","slug":"six-salaries-au-chomage-technique","status":"publish","type":"post","link":"https:\/\/www.europesays.com\/fr\/118750\/","title":{"rendered":"six salari\u00e9s au ch\u00f4mage technique"},"content":{"rendered":"<p>            Par<br \/>\n        <strong><br \/>\n            <a href=\"https:\/\/actu.fr\/auteur\/lea-afonso\" title=\"Consulter tous les articles de L\u00e9a Afonso\" rel=\"nofollow noopener\" target=\"_blank\">L\u00e9a Afonso<\/a><br \/>\n        <\/strong><\/p>\n<p>        Publi\u00e9 le<\/p>\n<p>            22 mai 2025 \u00e0 7h47        <\/p>\n<p>Un restaurant sous les flammes. Ce mercredi 21\u00a0mai au soir, un <strong>feu<\/strong> s\u2019est d\u00e9clar\u00e9 dans un commerce, commune de Montberon au nord de <a href=\"https:\/\/actu.fr\/toulouse\/\" rel=\"nofollow noopener\" target=\"_blank\">Toulouse<\/a>. <strong>Six personnes sont au ch\u00f4mage<\/strong> technique.<\/p>\n<p>    <a href=\"https:\/\/www.google.com\/maps\/embed?pb=!1m18!1m12!1m3!1d54909.19225780812!2d1.4557594320487228!3d43.67294339039575!2m3!1f0!2f0!3f0!3m2!1i1024!2i768!4f13.1!3m3!1m2!1s0x12aea1708faafc0d%3A0xeb2b3a6576e1a628!2sMontberon!5e0!3m2!1sfr!2sfr!4v1747892766854!5m2!1sfr!2sfr\" title=\"Ouvrie le lien\" rel=\"nofollow noopener\" target=\"_blank\">Cliquez ici pour visualiser le contenu<\/a><\/p>\n<p>Un restaurant en feu<\/p>\n<p class=\" wall-content\">16 sapeurs-pompiers de la Haute-Garonne sont intervenus ce mercredi 21\u00a0mai aux alentours de 19\u2009h\u200915. \u00c0 leur arriv\u00e9e sur place, ils sont confront\u00e9s \u00e0 un <strong>feu d\u2019origine \u00e9lectrique,<\/strong> qui s\u2019est d\u00e9clench\u00e9 dans un restaurant. Ce feu a perc\u00e9 le premier \u00e9tage de l\u2019\u00e9tablissement.<\/p>\n<p>Six personnes au ch\u00f4mage technique<\/p>\n<p class=\" wall-content\">Gr\u00e2ce \u00e0 l\u2019intervention des pompiers, le feu a \u00e9t\u00e9 rapidement \u00e9teint avant qu\u2019il ne se propage. Mais l\u2019activit\u00e9 du restaurant est pour le moment \u00e0 l\u2019arr\u00eat, mettant au <strong>ch\u00f4mage technique les six salari\u00e9s,<\/strong> pour une dur\u00e9e ind\u00e9termin\u00e9e.<\/p>\n<p class=\" wall-content\">Suivez toute l\u2019actualit\u00e9 de vos villes et m\u00e9dias favoris en vous inscrivant \u00e0 <a href=\"https:\/\/moncompte.actu.fr\" title=\"D\u00e9couvez Mon Actu\" rel=\"nofollow noopener\" data-trk=\"{&quot;cta&quot;:{&quot;action&quot;:&quot;https:\\\/\\\/moncompte.actu.fr&quot;,&quot;category&quot;:&quot;mon compte&quot;,&quot;from&quot;:&quot;article footer&quot;,&quot;name&quot;:&quot;Mon actu&quot;,&quot;type&quot;:&quot;cta&quot;}}\" target=\"_blank\">Mon Actu<\/a>.<\/p>\n","protected":false},"excerpt":{"rendered":"Par L\u00e9a Afonso Publi\u00e9 le 22 mai 2025 \u00e0 7h47 Un restaurant sous les flammes. Ce mercredi 21\u00a0mai&hellip;\n","protected":false},"author":2,"featured_media":118751,"comment_status":"","ping_status":"","sticky":false,"template":"","format":"standard","meta":{"footnotes":""},"categories":[2816],"tags":[1111,11,1777,674,118,1011,27,1310,12,2680,1311,25,2312],"class_list":{"0":"post-118750","1":"post","2":"type-post","3":"status-publish","4":"format-standard","5":"has-post-thumbnail","7":"category-toulouse","8":"tag-actu","9":"tag-actualites","10":"tag-eu","11":"tag-europe","12":"tag-faits-divers","13":"tag-fr","14":"tag-france","15":"tag-incendie","16":"tag-news","17":"tag-occitanie","18":"tag-pompiers","19":"tag-republique-francaise","20":"tag-toulouse"},"share_on_mastodon":{"url":"https:\/\/pubeurope.com\/@fr\/114550065344759489","error":""},"_links":{"self":[{"href":"https:\/\/www.europesays.com\/fr\/wp-json\/wp\/v2\/posts\/118750","targetHints":{"allow":["GET"]}}],"collection":[{"href":"https:\/\/www.europesays.com\/fr\/wp-json\/wp\/v2\/posts"}],"about":[{"href":"https:\/\/www.europesays.com\/fr\/wp-json\/wp\/v2\/types\/post"}],"author":[{"embeddable":true,"href":"https:\/\/www.europesays.com\/fr\/wp-json\/wp\/v2\/users\/2"}],"replies":[{"embeddable":true,"href":"https:\/\/www.europesays.com\/fr\/wp-json\/wp\/v2\/comments?post=118750"}],"version-history":[{"count":0,"href":"https:\/\/www.europesays.com\/fr\/wp-json\/wp\/v2\/posts\/118750\/revisions"}],"wp:featuredmedia":[{"embeddable":true,"href":"https:\/\/www.europesays.com\/fr\/wp-json\/wp\/v2\/media\/118751"}],"wp:attachment":[{"href":"https:\/\/www.europesays.com\/fr\/wp-json\/wp\/v2\/media?parent=118750"}],"wp:term":[{"taxonomy":"category","embeddable":true,"href":"https:\/\/www.europesays.com\/fr\/wp-json\/wp\/v2\/categories?post=118750"},{"taxonomy":"post_tag","embeddable":true,"href":"https:\/\/www.europesays.com\/fr\/wp-json\/wp\/v2\/tags?post=118750"}],"curies":[{"name":"wp","href":"https:\/\/api.w.org\/{rel}","templated":true}]}}