{"id":118756,"date":"2025-05-22T06:29:08","date_gmt":"2025-05-22T06:29:08","guid":{"rendered":"https:\/\/www.europesays.com\/fr\/118756\/"},"modified":"2025-05-22T06:29:08","modified_gmt":"2025-05-22T06:29:08","slug":"onsemelespoir-des-femmes-au-chevet-de-locean","status":"publish","type":"post","link":"https:\/\/www.europesays.com\/fr\/118756\/","title":{"rendered":"[#OnS\u00e8meLespoir] Des femmes au chevet de l\u2019oc\u00e9an"},"content":{"rendered":"\n<p>Un \u00e9quipage de 15 femmes engag\u00e9es pour la pr\u00e9servation de l\u2019oc\u00e9an a embarqu\u00e9 \u00e0 bord d\u2019un catamaran de 41 pieds au d\u00e9part de Marseille, en direction de la conf\u00e9rence des Nations unies sur l\u2019oc\u00e9an (Unoc 2025) \u00e0 Nice. L\u2019exp\u00e9dition \u00e0 la voile, entreprise par l\u2019association Women for Sea, se d\u00e9roule dans le cadre de l\u2019Odyss\u00e9e des possibles 2025.<\/p>\n<p>La premi\u00e8re escale \u00e0 Marseille se fait au quai du Mucem, ce jeudi 22 mai de 9h \u00e0 16h30. Cette journ\u00e9e a pour objectif de sensibiliser les plus jeunes \u00e0 la protection de la biodiversit\u00e9 marine\u00a0: \u00ab\u00a0C\u2019est essentiel de s\u2019adresser aux plus jeunes, ce sont eux qui vont prendre la rel\u00e8ve de tout cela, affirme Aline Schaffar, cheffe de projet pour le programme Pew Bertarelli, qui agit depuis plus de 10\u00a0ans pour prot\u00e9ger la mer de corail en Nouvelle-Cal\u00e9donie. Les enfants vont \u00eatre curieux de ne voir que des femmes et on va pouvoir chacune apporter notre message et notre propre exp\u00e9rience\u00a0\u00bb, pr\u00e9cise-t-elle. Un village associatif et des ateliers p\u00e9dagogiques pour les scolaires sont pr\u00e9vus. \u00ab\u00a0Le message essentiel, c\u2019est qu\u2019on conna\u00eet encore tr\u00e8s mal la biodiversit\u00e9 marine par rapport \u00e0 la biodiversit\u00e9 terrestre, alors qu\u2019elle est tout aussi importante, explique Pauline Andr\u00e9-Dominguez, doctorante en \u00e9cologie marine. Elle est particuli\u00e8rement menac\u00e9e par diff\u00e9rentes formes de pollution, c\u2019est pourquoi il faut la prot\u00e9ger.\u00a0\u00bb<\/p>\n<p>Ces femmes \u00e2g\u00e9es de 23 \u00e0 58\u00a0ans, de professions diverses et vari\u00e9es, ont toutes un point en commun\u00a0: \u00ab\u00a0Un engagement profond pour la mer, une volont\u00e9 d\u2019agir collectivement et de faire entendre la voix des femmes dans les espaces de d\u00e9cision\u00a0\u00bb, partage l\u2019\u00e9quipe Women for Sea. Pour Aline Schaffar, cette exp\u00e9dition, c\u2019est \u00ab\u00a0l\u2019occasion de partager avec d\u2019autres femmes engag\u00e9es un projet de protection des oc\u00e9ans\u00a0\u00bb. Au cours du voyage, les 15 femmes r\u00e9aliseront des ateliers d\u2019intelligence collective \u00e0 bord du bateau pour d\u00e9velopper des solutions durables.<\/p>\n<p> Prochaines \u00e9tapes\n              <\/p>\n<p>Une table ronde avec la Ville de Marseille autour du plaidoyer \u00ab\u00a0pour une gouvernance de l\u2019oc\u00e9an paritaire\u00a0\u00bb aura \u00e9galement lieu le vendredi 23 mai \u00e0 la Fabulerie. Partant de Marseille, l\u2019\u00e9quipe 100% f\u00e9minine fera escale \u00e0 Hy\u00e8res le 27\u00a0mai, avec de 9h \u00e0 16h un village associatif et des ateliers scolaires au port de Hy\u00e8res avec l\u2019association Water Family. \u00c0 partir de 16h30 et jusqu\u2019\u00e0 18h30, le public sera accueilli \u00e0 bord, avec Entrepreneurs pour la plan\u00e8te et la fondation Face. En arrivant \u00e0 Nice le 5 juin, le plaidoyer sera pr\u00e9sent\u00e9 dans la Green Zone, celle d\u00e9di\u00e9e au public de l\u2019Unoc.<\/p>\n","protected":false},"excerpt":{"rendered":"Un \u00e9quipage de 15 femmes engag\u00e9es pour la pr\u00e9servation de l\u2019oc\u00e9an a embarqu\u00e9 \u00e0 bord d\u2019un catamaran de&hellip;\n","protected":false},"author":2,"featured_media":118757,"comment_status":"","ping_status":"","sticky":false,"template":"","format":"standard","meta":{"footnotes":""},"categories":[2814],"tags":[1111,11,1777,674,1011,27,884,12,12687,882,25],"class_list":{"0":"post-118756","1":"post","2":"type-post","3":"status-publish","4":"format-standard","5":"has-post-thumbnail","7":"category-marseille","8":"tag-actu","9":"tag-actualites","10":"tag-eu","11":"tag-europe","12":"tag-fr","13":"tag-france","14":"tag-marseille","15":"tag-news","16":"tag-oceans","17":"tag-provence-alpes-cote-dazur","18":"tag-republique-francaise"},"share_on_mastodon":{"url":"https:\/\/pubeurope.com\/@fr\/114550077072717037","error":""},"_links":{"self":[{"href":"https:\/\/www.europesays.com\/fr\/wp-json\/wp\/v2\/posts\/118756","targetHints":{"allow":["GET"]}}],"collection":[{"href":"https:\/\/www.europesays.com\/fr\/wp-json\/wp\/v2\/posts"}],"about":[{"href":"https:\/\/www.europesays.com\/fr\/wp-json\/wp\/v2\/types\/post"}],"author":[{"embeddable":true,"href":"https:\/\/www.europesays.com\/fr\/wp-json\/wp\/v2\/users\/2"}],"replies":[{"embeddable":true,"href":"https:\/\/www.europesays.com\/fr\/wp-json\/wp\/v2\/comments?post=118756"}],"version-history":[{"count":0,"href":"https:\/\/www.europesays.com\/fr\/wp-json\/wp\/v2\/posts\/118756\/revisions"}],"wp:featuredmedia":[{"embeddable":true,"href":"https:\/\/www.europesays.com\/fr\/wp-json\/wp\/v2\/media\/118757"}],"wp:attachment":[{"href":"https:\/\/www.europesays.com\/fr\/wp-json\/wp\/v2\/media?parent=118756"}],"wp:term":[{"taxonomy":"category","embeddable":true,"href":"https:\/\/www.europesays.com\/fr\/wp-json\/wp\/v2\/categories?post=118756"},{"taxonomy":"post_tag","embeddable":true,"href":"https:\/\/www.europesays.com\/fr\/wp-json\/wp\/v2\/tags?post=118756"}],"curies":[{"name":"wp","href":"https:\/\/api.w.org\/{rel}","templated":true}]}}