{"id":118758,"date":"2025-05-22T06:30:11","date_gmt":"2025-05-22T06:30:11","guid":{"rendered":"https:\/\/www.europesays.com\/fr\/118758\/"},"modified":"2025-05-22T06:30:11","modified_gmt":"2025-05-22T06:30:11","slug":"a-marseille-la-police-municipale-muscle-sa-presence-a-la-porte-daix","status":"publish","type":"post","link":"https:\/\/www.europesays.com\/fr\/118758\/","title":{"rendered":"\u00c0 Marseille, la police municipale muscle sa pr\u00e9sence \u00e0 la Porte d\u2019Aix"},"content":{"rendered":"<p>La municipalit\u00e9 de Marseille renforce le dispositif de s\u00e9curit\u00e9 dans le quartier de la Porte d\u2019Aix, en plein centre-ville. Ce mercredi, une patrouille s\u2019est d\u00e9roul\u00e9e en pr\u00e9sence du maire Beno\u00eet Payan. Objectif : rassurer les habitants et lutter contre les incivilit\u00e9s et les trafics.<\/p>\n<p class=\"\" data-start=\"511\" data-end=\"851\">Plus de policiers municipaux dans les rues de la Porte d\u2019Aix : une pr\u00e9sence visible, appr\u00e9ci\u00e9e des commer\u00e7ants et des habitants du secteur.<br data-start=\"650\" data-end=\"653\"\/>Djazia, g\u00e9rante d\u2019un fast-food rue Camille-Peletan, se dit soulag\u00e9e : \u00ab\u00a0Il y a beaucoup de bagarres dans les alentours, donc \u00e7a nous rassure. Pour nos clients, pour nous-m\u00eames et nos employ\u00e9s.\u00a0\u00bb<\/p>\n<p class=\"\" data-start=\"853\" data-end=\"1039\">Aziz, un habitant d\u2019une soixantaine d\u2019ann\u00e9es, est plus direct : \u00ab\u00a0C&rsquo;est invivable. Les voyous sont partout, la drogue aussi, il y a des vols et du squat dans certains appartements.\u00a0\u00bb\u00a0 M\u00eame son de cloche pour cette habitante qui a quitt\u00e9 le quartier de Jules Guesde il y a quelques ann\u00e9es, mais craint encore pour son fils de 15 ans : \u00ab\u00a0Il faut aller encore plus loin. \u00c0 mon \u00e9poque, ce n&rsquo;\u00e9tait pas comme \u00e7a.\u00a0\u00bb<\/p>\n<p class=\"\" data-start=\"1041\" data-end=\"1265\">\u00a0<\/p>\n<p>Une police municipale sectoris\u00e9e<\/p>\n<p>\u00a0<\/p>\n<p class=\"\" data-start=\"1305\" data-end=\"1633\">Pour r\u00e9pondre \u00e0 ces inqui\u00e9tudes, la municipalit\u00e9 a lanc\u00e9 en juin 2024 la sectorisation de la police municipale. D\u00e9sormais, des agents r\u00e9f\u00e9rents sont affect\u00e9s \u00e0 un quartier pr\u00e9cis, avec une pr\u00e9sence quotidienne renforc\u00e9e.\u00a0Autour de la Porte d\u2019Aix, ils sont d\u00e9sormais 15 \u00e0 se relayer jour et nuit \u2014 soit cinq fois plus qu\u2019avant.<\/p>\n<p class=\"\" data-start=\"1635\" data-end=\"1995\">C\u00e9line Lefl\u00e9fian, directrice de la police municipale de Marseille, d\u00e9taille le dispositif :\u00a0\u00bbNous avons des VTT, des scooteristes et des motards. Les VTT peuvent se faufiler dans les petites ruelles, les motards interviennent rapidement et les scooters font le lien entre les deux. C\u2019est l\u2019ensemble de ces moyens qui nous permet d\u2019obtenir des r\u00e9sultats.\u00a0\u00bb<\/p>\n<p class=\"\" data-start=\"1635\" data-end=\"1995\">\u00a0<\/p>\n<p class=\"\" data-start=\"1635\" data-end=\"1995\">\n<p class=\"\" data-start=\"1635\" data-end=\"1995\">\u00a0<\/p>\n<p class=\"\" data-start=\"1997\" data-end=\"2562\">Apr\u00e8s Noailles, Belsunce et aujourd\u2019hui la Porte d\u2019Aix, c\u2019est d\u00e9sormais tout l\u2019hyper-centre qui est cibl\u00e9. Une strat\u00e9gie assum\u00e9e par Beno\u00eet Payan, le maire de Marseille :\u00a0\u00bbVous savez qu&rsquo;en politique, ce que je pr\u00e9f\u00e8re \u00e0 la parole, ce sont les actes. Recruter 100 nouveaux policiers municipaux, on l\u2019a fait et donc il y en aura 700 \u00e0 la fin de l\u2019ann\u00e9e et 800 \u00e0 la fin de l\u2019ann\u00e9e prochaine. Des policiers municipaux qui soient proches de la population, qui ressemblent \u00e0 la population, qui respectent la population.\u00a0\u00bb (Contre 400 policiers municipaux en 2020.)<\/p>\n<p class=\"\" data-start=\"2564\" data-end=\"2845\">La ville pr\u00e9voit \u00e9galement d\u2019installer une cam\u00e9ra 360 degr\u00e9s sur l\u2019Arc de Triomphe de la Porte d\u2019Aix. Le dispositif de policiers de terrain, lui, doit s\u2019\u00e9tendre dans un premier temps jusqu\u2019au 7\u1d49 arrondissement, indique Yannick Ohanessian, adjoint au maire en charge de la s\u00e9curit\u00e9.<\/p>\n<p class=\"\" data-start=\"2564\" data-end=\"2845\">\u00a0<\/p>\n<p class=\"\" data-start=\"2564\" data-end=\"2845\">\n","protected":false},"excerpt":{"rendered":"La municipalit\u00e9 de Marseille renforce le dispositif de s\u00e9curit\u00e9 dans le quartier de la Porte d\u2019Aix, en plein&hellip;\n","protected":false},"author":2,"featured_media":118759,"comment_status":"","ping_status":"","sticky":false,"template":"","format":"standard","meta":{"footnotes":""},"categories":[2814],"tags":[1111,11,1777,674,1011,27,884,12,882,25,656,6381],"class_list":{"0":"post-118758","1":"post","2":"type-post","3":"status-publish","4":"format-standard","5":"has-post-thumbnail","7":"category-marseille","8":"tag-actu","9":"tag-actualites","10":"tag-eu","11":"tag-europe","12":"tag-fr","13":"tag-france","14":"tag-marseille","15":"tag-news","16":"tag-provence-alpes-cote-dazur","17":"tag-republique-francaise","18":"tag-securite","19":"tag-ville-de-marseille"},"share_on_mastodon":{"url":"https:\/\/pubeurope.com\/@fr\/114550081020724670","error":""},"_links":{"self":[{"href":"https:\/\/www.europesays.com\/fr\/wp-json\/wp\/v2\/posts\/118758","targetHints":{"allow":["GET"]}}],"collection":[{"href":"https:\/\/www.europesays.com\/fr\/wp-json\/wp\/v2\/posts"}],"about":[{"href":"https:\/\/www.europesays.com\/fr\/wp-json\/wp\/v2\/types\/post"}],"author":[{"embeddable":true,"href":"https:\/\/www.europesays.com\/fr\/wp-json\/wp\/v2\/users\/2"}],"replies":[{"embeddable":true,"href":"https:\/\/www.europesays.com\/fr\/wp-json\/wp\/v2\/comments?post=118758"}],"version-history":[{"count":0,"href":"https:\/\/www.europesays.com\/fr\/wp-json\/wp\/v2\/posts\/118758\/revisions"}],"wp:featuredmedia":[{"embeddable":true,"href":"https:\/\/www.europesays.com\/fr\/wp-json\/wp\/v2\/media\/118759"}],"wp:attachment":[{"href":"https:\/\/www.europesays.com\/fr\/wp-json\/wp\/v2\/media?parent=118758"}],"wp:term":[{"taxonomy":"category","embeddable":true,"href":"https:\/\/www.europesays.com\/fr\/wp-json\/wp\/v2\/categories?post=118758"},{"taxonomy":"post_tag","embeddable":true,"href":"https:\/\/www.europesays.com\/fr\/wp-json\/wp\/v2\/tags?post=118758"}],"curies":[{"name":"wp","href":"https:\/\/api.w.org\/{rel}","templated":true}]}}