{"id":118760,"date":"2025-05-22T06:31:09","date_gmt":"2025-05-22T06:31:09","guid":{"rendered":"https:\/\/www.europesays.com\/fr\/118760\/"},"modified":"2025-05-22T06:31:09","modified_gmt":"2025-05-22T06:31:09","slug":"apres-un-nouvel-incident-technique-aux-tcl-les-entrees-est-et-sud-de-lyon-saturees","status":"publish","type":"post","link":"https:\/\/www.europesays.com\/fr\/118760\/","title":{"rendered":"apr\u00e8s un nouvel incident technique aux TCL, les entr\u00e9es Est et Sud de Lyon satur\u00e9es"},"content":{"rendered":"<p>Vous \u00eates nombreux sur les grands axes de l&rsquo;agglom\u00e9ration ce matin.<\/p>\n<p>\u27a1\ufe0f Point noir habituel, il faut lever le pied sur l&rsquo;<strong>A46 Sud<\/strong> en direction de Saint-Priest, avec d\u00e9j\u00e0 plus de 6 km de ralentissements.<\/p>\n<p>\u27a1\ufe0f M\u00eame topo plus au Sud, sur l&rsquo;<strong>A47<\/strong> \u00e0 hauteur de Givors et \u00e0 l&#8217;embranchement entre l&rsquo;<strong>A450<\/strong> et l&rsquo;<strong>A7<\/strong> aux environs de Feyzin. Comptez plus de 6 km de bouchons sur ces deux axes.<\/p>\n<p>\u27a1\ufe0f Aussi, la <strong>M6<\/strong> en direction de Lyon est paralys\u00e9e sur 3 km, d&rsquo;Ecully \u00e0 l&rsquo;entr\u00e9e sous le tunnel de Fourvi\u00e8re.<\/p>\n<p><strong>\u27a1\ufe0f<\/strong><strong>32 km de bouchons cumul\u00e9s dans l&rsquo;agglom\u00e9ration<\/strong><\/p>\n","protected":false},"excerpt":{"rendered":"Vous \u00eates nombreux sur les grands axes de l&rsquo;agglom\u00e9ration ce matin. \u27a1\ufe0f Point noir habituel, il faut lever&hellip;\n","protected":false},"author":2,"featured_media":118761,"comment_status":"","ping_status":"","sticky":false,"template":"","format":"standard","meta":{"footnotes":""},"categories":[1889],"tags":[119,1111,11,2430,3542,3152,2757,3153,3154,3155,3156,1777,674,107,1011,27,2428,12,25,2429,1097],"class_list":{"0":"post-118760","1":"post","2":"type-post","3":"status-publish","4":"format-standard","5":"has-post-thumbnail","7":"category-lyon","8":"tag-accident","9":"tag-actu","10":"tag-actualites","11":"tag-auvergne-rhone-alpes","12":"tag-circulation","13":"tag-edition-est-lyonnais","14":"tag-edition-lyon-villeurbanne","15":"tag-edition-ouest-lyonnais","16":"tag-edition-sud-lyonnais","17":"tag-edition-tarare","18":"tag-edition-villefranche","19":"tag-eu","20":"tag-europe","21":"tag-fil-info","22":"tag-fr","23":"tag-france","24":"tag-lyon","25":"tag-news","26":"tag-republique-francaise","27":"tag-rhone","28":"tag-trafic"},"share_on_mastodon":{"url":"https:\/\/pubeurope.com\/@fr\/114550084911503284","error":""},"_links":{"self":[{"href":"https:\/\/www.europesays.com\/fr\/wp-json\/wp\/v2\/posts\/118760","targetHints":{"allow":["GET"]}}],"collection":[{"href":"https:\/\/www.europesays.com\/fr\/wp-json\/wp\/v2\/posts"}],"about":[{"href":"https:\/\/www.europesays.com\/fr\/wp-json\/wp\/v2\/types\/post"}],"author":[{"embeddable":true,"href":"https:\/\/www.europesays.com\/fr\/wp-json\/wp\/v2\/users\/2"}],"replies":[{"embeddable":true,"href":"https:\/\/www.europesays.com\/fr\/wp-json\/wp\/v2\/comments?post=118760"}],"version-history":[{"count":0,"href":"https:\/\/www.europesays.com\/fr\/wp-json\/wp\/v2\/posts\/118760\/revisions"}],"wp:featuredmedia":[{"embeddable":true,"href":"https:\/\/www.europesays.com\/fr\/wp-json\/wp\/v2\/media\/118761"}],"wp:attachment":[{"href":"https:\/\/www.europesays.com\/fr\/wp-json\/wp\/v2\/media?parent=118760"}],"wp:term":[{"taxonomy":"category","embeddable":true,"href":"https:\/\/www.europesays.com\/fr\/wp-json\/wp\/v2\/categories?post=118760"},{"taxonomy":"post_tag","embeddable":true,"href":"https:\/\/www.europesays.com\/fr\/wp-json\/wp\/v2\/tags?post=118760"}],"curies":[{"name":"wp","href":"https:\/\/api.w.org\/{rel}","templated":true}]}}