{"id":118762,"date":"2025-05-22T06:32:13","date_gmt":"2025-05-22T06:32:13","guid":{"rendered":"https:\/\/www.europesays.com\/fr\/118762\/"},"modified":"2025-05-22T06:32:13","modified_gmt":"2025-05-22T06:32:13","slug":"combien-coutent-vraiment-les-reunions-de-fin-de-mandat-des-ecologistes","status":"publish","type":"post","link":"https:\/\/www.europesays.com\/fr\/118762\/","title":{"rendered":"combien co\u00fbtent vraiment les r\u00e9unions de fin de mandat des \u00e9cologistes\u00a0?"},"content":{"rendered":"<p>Depuis le lancement des 21 rencontres avec les Lyonnais, cens\u00e9es pr\u00e9senter le bilan de l\u2019action municipale, l\u2019opposition crie \u00e0 la campagne d\u00e9guis\u00e9e et demande le montant de cette op\u00e9ration financ\u00e9e par la municipalit\u00e9.<\/p>\n<p class=\"fig-paragraph\">Deux semaines apr\u00e8s le lancement des\u00a0<a href=\"http:\/\/www.lefigaro.fr\/lyon\/rencontres-de-fin-de-mandat-l-opposition-denonce-une-campagne-deguisee-des-ecologistes-avec-l-argent-des-lyonnais-20250515\" data-fig-type=\"NewsFlash\" data-gtm-custom-categorie=\"navigation\" data-gtm-custom-action=\"crossclick\" data-gtm-custom-label=\"Contextuel\" data-gtm-event=\"customEventSPE\" data-fig-domain=\"LEFIGARO\" rel=\"nofollow noopener\" target=\"_blank\">rencontres de fin mandat<\/a>, l\u2019opposition ne rel\u00e2che pas la pression. Apr\u00e8s le chef de file de la droite,\u00a0<a href=\"http:\/\/www.lefigaro.fr\/lyon\/municipales-a-lyon-pierre-oliver-denonce-des-intimidations-des-equipes-d-aulas-et-porte-plainte-20250519\" data-fig-type=\"NewsFlash\" data-gtm-custom-categorie=\"navigation\" data-gtm-custom-action=\"crossclick\" data-gtm-custom-label=\"Contextuel\" data-gtm-event=\"customEventSPE\" data-fig-domain=\"LEFIGARO\" rel=\"nofollow noopener\" target=\"_blank\">Pierre Oliver<\/a>, qui avait d\u00e9nonc\u00e9 un \u00abscandale\u00bb lors du conseil municipal, la semaine derni\u00e8re, c\u2019est l\u2019ancien d\u00e9put\u00e9 macroniste\u00a0<a href=\"http:\/\/www.lefigaro.fr\/lyon\/un-depute-renaissance-de-lyon-fait-condamner-3-militants-d-ultradroite-pour-diffamation-20240220\" data-fig-type=\"NewsFlash\" data-gtm-custom-categorie=\"navigation\" data-gtm-custom-action=\"crossclick\" data-gtm-custom-label=\"Contextuel\" data-gtm-event=\"customEventSPE\" data-fig-domain=\"LEFIGARO\" rel=\"nofollow noopener\" target=\"_blank\">Thomas Rudigoz<\/a>\u00a0qui est mont\u00e9 au cr\u00e9neau pour demander des comptes au maire\u00a0<a href=\"http:\/\/www.lefigaro.fr\/lyon\/le-maire-gregory-doucet-menace-de-voir-son-adresse-personnelle-divulguee-si-les-expulsions-se-poursuivent-a-lyon-20250428\" data-fig-type=\"NewsFlash\" data-gtm-custom-categorie=\"navigation\" data-gtm-custom-action=\"crossclick\" data-gtm-custom-label=\"Contextuel\" data-gtm-event=\"customEventSPE\" data-fig-domain=\"LEFIGARO\" rel=\"nofollow noopener\" target=\"_blank\">Gr\u00e9gory Doucet<\/a>. Celui qui a \u00e9t\u00e9 d\u00e9sign\u00e9 chef de file du camp pr\u00e9sidentiel \u00e0 Lyon pour les \u00e9lections de 2026 demande de la transparence aussi sur le montant de cette op\u00e9ration pr\u00e9sent\u00e9e comme une \u00abcampagne d\u00e9guis\u00e9e\u00bb \u00e0 un an du scrutin municipal.<\/p>\n<p class=\"fig-paragraph\">La volont\u00e9 affich\u00e9e du maire \u00e9cologiste est de se livrer \u00e0 \u00abun exercice de transparence et de redevabilit\u00e9\u00bb pour pr\u00e9senter aux Lyonnais les actions engag\u00e9es cinq ans apr\u00e8s avoir re\u00e7u son mandat. \u00c0 l\u2019instar de Gautier Chapuis, adjoint \u00e0 la biodiversit\u00e9 et \u00e0 l\u2019alimentation, proche du maire, et qui a d\u00e9fendu cette initiative en conseil municipal, les \u00e9cologistes avancent un chiffre de 91% d\u2019actions concr\u00e9tis\u00e9es ou engag\u00e9es parmi les 583 du plan de mandat. Sur la forme de l\u2019exercice, Gautier Chapuis a d\u00e9fendu \u00ab l\u2019exigence de redevabilit\u00e9 et de transparence que nous appliquons (\u2026) C\u2019est notre mani\u00e8re de faire de la politique.\u00bb<\/p>\n<p>228.000 euros selon la mairie&#8230;<\/p>\n<p class=\"fig-paragraph\">Reste la question du financement. L\u2019entourage du maire avance au Figaro le montant de 228.000 euros, comme elle l\u2019avait indiqu\u00e9 au Progr\u00e8s. \u00abCe montant comprend la r\u00e9alisation et les supports diffus\u00e9s lors des 21 rencontres en arrondissement qui sont en cours mais aussi la pr\u00e9paration et l\u2019animation des neuf rendez-vous en arrondissement \u00e0 venir et les divers frais logistiques\u00bb, assure-t-on de m\u00eame source. Depuis le d\u00e9but du mois, de nombreuses r\u00e9unions sont organis\u00e9es dans le cadre de cette op\u00e9ration baptis\u00e9e \u00abLe chemin parcouru\u00bb dans les neuf arrondissements de Lyon. Des \u00e9lus plac\u00e9s entre kak\u00e9monos et barnums distribuent des tracts pour pr\u00e9senter le bilan de l\u2019action municipale.<\/p>\n<p class=\"fig-paragraph\">Cette somme ne prend pas en compte la communication effectu\u00e9e en amont de ces \u00e9v\u00e8nements. Comme le souligne l\u2019opposition, des campagnes d\u2019affichage physique et de communication num\u00e9rique ont \u00e9t\u00e9 r\u00e9alis\u00e9es pour l\u2019occasion. Une vid\u00e9o, vilipend\u00e9e par Pierre Oliver, met ainsi en sc\u00e8ne la maire \u00e9cologiste du 7e arrondissement avec un commentaire laudatif en voix off. Le tout diffus\u00e9 sur les r\u00e9seaux sociaux de la ville de Lyon. Des vid\u00e9os dont le co\u00fbt n\u2019entre donc pas dans les 228.000 euros annonc\u00e9s selon Thomas Rudigoz.<\/p>\n<p>&#8230; Jusqu\u2019\u00e0 trois fois plus, selon l\u2019opposition<\/p>\n<p class=\"fig-paragraph\">\u00ab\u00c0 l\u2019\u00e9vidence le chiffre communiqu\u00e9 repose sur un p\u00e9rim\u00e8tre restreint, qui ne permet pas aux citoyens d\u2019appr\u00e9hender l\u2019ampleur r\u00e9elle des moyens mobilis\u00e9s dans le cadre de cette initiative\u00bb, attaque le centriste dans un courrier adress\u00e9 au maire. \u00abLe co\u00fbt de r\u00e9alisation, d\u2019impression et de diffusion du num\u00e9ro sp\u00e9cial du magazine municipal Au fil de Lyon et son suppl\u00e9ment consacr\u00e9 \u00e0 votre op\u00e9ration bilan, qui d\u00e9passe habituellement les 200.000 euros par \u00e9dition\u00bb, n\u2019est ainsi pas pris en compte. Pas plus que celui des espaces publicitaires (num\u00e9rique et physique), \u00abachet\u00e9s pour promouvoir ces r\u00e9unions\u00bb ou de la \u00abs\u00e9rie de vid\u00e9os et de publicit\u00e9s (\u2026) lanc\u00e9e quelques jours avant ces rencontres publiques et poursuivant le m\u00eame objectif\u00a0: valoriser votre action municipale\u00bb.<\/p>\n<p class=\"fig-body-link\">\n            \u00c0 lire aussi<br \/>\n        <a class=\"fig-body-link__link fig-premium-mark\" href=\"http:\/\/www.lefigaro.fr\/lyon\/l-hypothese-d-un-duel-entre-jean-michel-aulas-et-gregory-doucet-relance-les-municipales-a-lyon-20250417\" data-fig-type=\"NewsFlash\" data-gtm-custom-categorie=\"navigation\" data-gtm-custom-action=\"crossclick\" data-gtm-custom-label=\"Contextuel\" data-gtm-event=\"customEventSPE\" data-fig-domain=\"LEFIGARO\" rel=\"nofollow noopener\" target=\"_blank\">L\u2019hypoth\u00e8se d\u2019un duel entre Jean-Michel Aulas et Gr\u00e9gory Doucet relance les municipales \u00e0 Lyon<br \/>\n    <\/a>\n<\/p>\n<p class=\"fig-paragraph\">Au total, la facture pourrait monter \u00abjusqu\u2019\u00e0 700.000 euros\u00bb selon ses estimations. C\u2019est aussi l\u2019avis de Pierre Oliver (LR). Des d\u00e9clarations fantaisistes, balaie l\u2019entourage du maire, agac\u00e9 par la pol\u00e9mique. Et de renvoyer vers les initiatives du m\u00eame acabit prises par G\u00e9rard Collomb lors des mandats pr\u00e9c\u00e9dents, ou par Laurent Wauquiez du c\u00f4t\u00e9 de la r\u00e9gion. \u00abDu \u201cfoutage de gueule\u201d, grince Thomas Rudigoz aupr\u00e8s du Figaro. Ils ont pass\u00e9 leur temps \u00e0 donner des le\u00e7ons en expliquant faire de la politique autrement, de l\u2019exemplarit\u00e9 morale, de la d\u00e9mocratie participative mais ils utilisent toutes les vieilles ficelles pour contourner la nouvelle loi \u00e9lectorale\u00bb.<\/p>\n<p class=\"fig-paragraph\">Afin de favoriser l\u2019\u00e9quit\u00e9 entre les ex\u00e9cutifs sortants et leurs concurrents, la l\u00e9gislation a \u00e9volu\u00e9 pour le scrutin de 2026, durcissant les r\u00e8gles en mati\u00e8re de communication dans les six derniers mois de campagne, soit d\u00e8s la rentr\u00e9e de septembre. Le plafond de remboursement des frais de campagne est quant \u00e0 lui limit\u00e9 \u00e0 500.000 euros \u00e0 Lyon.<\/p>\n","protected":false},"excerpt":{"rendered":"Depuis le lancement des 21 rencontres avec les Lyonnais, cens\u00e9es pr\u00e9senter le bilan de l\u2019action municipale, l\u2019opposition crie&hellip;\n","protected":false},"author":2,"featured_media":118763,"comment_status":"","ping_status":"","sticky":false,"template":"","format":"standard","meta":{"footnotes":""},"categories":[1889],"tags":[1111,11,5273,2430,5299,5272,5312,5296,5285,1777,674,5293,1011,27,5303,5311,5301,5279,5275,5313,5276,5300,5302,5280,5298,5281,5306,5305,5308,5309,5284,5294,5297,5269,5271,5268,5270,5267,2428,5295,5307,5277,5304,5283,3554,12,978,5274,25,2431,5314,5288,5292,5289,5291,5290,5315,5282,5286,5310,5287,5278],"class_list":{"0":"post-118762","1":"post","2":"type-post","3":"status-publish","4":"format-standard","5":"has-post-thumbnail","7":"category-lyon","8":"tag-actu","9":"tag-actualites","10":"tag-ainay","11":"tag-auvergne-rhone-alpes","12":"tag-bellecombe","13":"tag-bellecour","14":"tag-champvert-nord","15":"tag-champvert-sud","16":"tag-clos-jouve","17":"tag-eu","18":"tag-europe","19":"tag-fourviere","20":"tag-fr","21":"tag-france","22":"tag-gerland","23":"tag-gorge-de-loup","24":"tag-jean-mace","25":"tag-la-buire","26":"tag-la-confluence","27":"tag-la-duchere","28":"tag-la-guillotiere-nord-prefecture","29":"tag-la-guillotiere-sud","30":"tag-la-mouche","31":"tag-la-part-dieu","32":"tag-la-tete-dor","33":"tag-la-villette","34":"tag-laennec","35":"tag-le-bachut","36":"tag-le-grand-trou","37":"tag-le-moulin-a-vent","38":"tag-le-plateau-de-la-croix-rousse","39":"tag-le-point-du-jour","40":"tag-les-brotteaux","41":"tag-les-chartreux","42":"tag-les-cordeliers","43":"tag-les-pentes-de-la-croix-rousse","44":"tag-les-terreaux","45":"tag-les-traboules","46":"tag-lyon","47":"tag-menival","48":"tag-mermoz","49":"tag-moncey","50":"tag-monplaisir","51":"tag-montchat","52":"tag-municipales","53":"tag-news","54":"tag-olympique-lyonnais","55":"tag-perrache","56":"tag-republique-francaise","57":"tag-rhone-alpes","58":"tag-rochecardon-industrie","59":"tag-saint-georges","60":"tag-saint-irenee","61":"tag-saint-jean","62":"tag-saint-just","63":"tag-saint-paul","64":"tag-saint-rambert-lile-barbe","65":"tag-sans-souci-dauphine","66":"tag-serin-saint-charles","67":"tag-vaise","68":"tag-vieux-lyon","69":"tag-voltaire"},"share_on_mastodon":{"url":"","error":"Validation failed: Text character limit of 500 exceeded"},"_links":{"self":[{"href":"https:\/\/www.europesays.com\/fr\/wp-json\/wp\/v2\/posts\/118762","targetHints":{"allow":["GET"]}}],"collection":[{"href":"https:\/\/www.europesays.com\/fr\/wp-json\/wp\/v2\/posts"}],"about":[{"href":"https:\/\/www.europesays.com\/fr\/wp-json\/wp\/v2\/types\/post"}],"author":[{"embeddable":true,"href":"https:\/\/www.europesays.com\/fr\/wp-json\/wp\/v2\/users\/2"}],"replies":[{"embeddable":true,"href":"https:\/\/www.europesays.com\/fr\/wp-json\/wp\/v2\/comments?post=118762"}],"version-history":[{"count":0,"href":"https:\/\/www.europesays.com\/fr\/wp-json\/wp\/v2\/posts\/118762\/revisions"}],"wp:featuredmedia":[{"embeddable":true,"href":"https:\/\/www.europesays.com\/fr\/wp-json\/wp\/v2\/media\/118763"}],"wp:attachment":[{"href":"https:\/\/www.europesays.com\/fr\/wp-json\/wp\/v2\/media?parent=118762"}],"wp:term":[{"taxonomy":"category","embeddable":true,"href":"https:\/\/www.europesays.com\/fr\/wp-json\/wp\/v2\/categories?post=118762"},{"taxonomy":"post_tag","embeddable":true,"href":"https:\/\/www.europesays.com\/fr\/wp-json\/wp\/v2\/tags?post=118762"}],"curies":[{"name":"wp","href":"https:\/\/api.w.org\/{rel}","templated":true}]}}