{"id":118774,"date":"2025-05-22T06:38:09","date_gmt":"2025-05-22T06:38:09","guid":{"rendered":"https:\/\/www.europesays.com\/fr\/118774\/"},"modified":"2025-05-22T06:38:09","modified_gmt":"2025-05-22T06:38:09","slug":"les-valeurs-a-suivre-a-paris-et-en-europe-actualise-22-05-2025-a-0822","status":"publish","type":"post","link":"https:\/\/www.europesays.com\/fr\/118774\/","title":{"rendered":"Les valeurs \u00e0 suivre \u00e0 Paris et en Europe (actualis\u00e9) &#8211; 22\/05\/2025 \u00e0 08:22"},"content":{"rendered":"<p>\n (Actualis\u00e9 avec Sanofi, EasyJet, Robertet, Generali, Adidas,<br \/>\nNestl\u00e9 et Allegro)\n<\/p>\n<p>\n *\n<\/p>\n<p>\n Variation des futures sur indice CAC 40  0#FCE:\n<\/p>\n<p>\n *\n<\/p>\n<p>\n Variation des futures sur indice Stoxx 600  0#FXXP:\n<\/p>\n<p>\n *\n<\/p>\n<p>\n Valeurs qui se traitent ex-dividende  .EX.PA\n<\/p>\n<p>\n *\n<\/p>\n<p>\n Le point sur les march\u00e9s europ\u00e9ens  .EUFR\n<\/p>\n<p>\n Les valeurs \u00e0 suivre jeudi \u00e0<br \/>\nla Bourse de Paris et en Europe :\n<\/p>\n<p>\n * SANOFI<br \/>\n <a href=\"https:\/\/www.boursorama.com\/cours\/1rPSAN\/\" rel=\"nofollow noopener\" target=\"_blank\"><br \/>\n  SASY.PA<br \/>\n <\/a><br \/>\n va acqu\u00e9rir la soci\u00e9t\u00e9 de<br \/>\nbiotechnologie Vigil Neuroscience<br \/>\n <a href=\"https:\/\/www.boursorama.com\/cours\/VIGL\/\" rel=\"nofollow noopener\" target=\"_blank\"><br \/>\n  VIGL.O<br \/>\n <\/a><br \/>\n dans le cadre d&rsquo;une<br \/>\ntransaction d&rsquo;un montant de 470 millions de dollars, ont annonc\u00e9<br \/>\njeudi les deux groupes, le fabricant fran\u00e7ais de m\u00e9dicaments<br \/>\ncherchant \u00e0 renforcer son portefeuille de m\u00e9dicaments pour le<br \/>\ntraitement de maladies neurod\u00e9g\u00e9n\u00e9ratives.\n<\/p>\n<p>\n * ELIOR<br \/>\n <a href=\"https:\/\/www.boursorama.com\/cours\/1rPELIOR\/\" rel=\"nofollow noopener\" target=\"_blank\"><br \/>\n  ELIOR.PA<br \/>\n <\/a><br \/>\n a revu \u00e0 la hausse mercredi son objectif<br \/>\nannuel de marge d&rsquo;Ebita tout en abaissant sa cible de croissance<br \/>\norganique, citant ses \u00ab\u00a0ambitions d\u2019am\u00e9lioration continue de la<br \/>\nrentabilit\u00e9\u00a0\u00bb.\n<\/p>\n<p>\n * CR\u00c9DIT AGRICOLE SA<br \/>\n <a href=\"https:\/\/www.boursorama.com\/cours\/1rPACA\/\" rel=\"nofollow noopener\" target=\"_blank\"><br \/>\n  CAGR.PA<br \/>\n <\/a><br \/>\n a annonc\u00e9 mercredi avoir pris<br \/>\nune participation minoritaire de 9,9% dans Crelan.\n<\/p>\n<p>\n * VINCI<br \/>\n <a href=\"https:\/\/www.boursorama.com\/cours\/1rPDG\/\" rel=\"nofollow noopener\" target=\"_blank\"><br \/>\n  SGEF.PA<br \/>\n <\/a><br \/>\n a annonc\u00e9 mercredi avoir c\u00e9d\u00e9 sa<br \/>\nparticipation de 50% dans la ligne \u00e9lectrique \u00e0 haute tension de<br \/>\nMantiqueira au Br\u00e9sil.\n<\/p>\n<p>\n * MAUREL ET PROM<br \/>\n <a href=\"https:\/\/www.boursorama.com\/cours\/1rPMAU\/\" rel=\"nofollow noopener\" target=\"_blank\"><br \/>\n  MAUP.PA<br \/>\n <\/a><br \/>\n a annonc\u00e9 mercredi le lancement<br \/>\nde la construction de la centrale photovolta\u00efque Quilemba Solar<br \/>\nen Angola, qui devrait entrer en service au cours du premier<br \/>\nsemestre 2026.\n<\/p>\n<p>\n * ROBERTET<br \/>\n <a href=\"https:\/\/www.boursorama.com\/cours\/1rPRBT\/\" rel=\"nofollow noopener\" target=\"_blank\"><br \/>\n  ROBF.PA<br \/>\n <\/a>\n<\/p>\n<p>\n a pr\u00e9sent\u00e9\n<\/p>\n<p>\n jeudi sa feuille de route strat\u00e9gique pour les cinq<br \/>\nprochaines ann\u00e9es, \u00e0 l&rsquo;occasion de sa premi\u00e8re journ\u00e9e des<br \/>\ninvestisseurs, le groupe fran\u00e7ais disant notamment anticiper un<br \/>\nchiffre d&rsquo;affaires compris entre 1,1 et 1,2 milliard d&rsquo;euros \u00e0<br \/>\nhorizon 2030.\n<\/p>\n<p>\n * GENERALI<br \/>\n <a href=\"https:\/\/www.boursorama.com\/cours\/1gG\/\" rel=\"nofollow noopener\" target=\"_blank\"><br \/>\n  GASI.MI<br \/>\n <\/a>\n<\/p>\n<p>\n a fait \u00e9tat\n<\/p>\n<p>\n jeudi d&rsquo;un b\u00e9n\u00e9fice au-dessus des attentes pour le premier<br \/>\ntrimestre, alors que l&rsquo;assureur italien pr\u00e9pare son examen de<br \/>\nl&rsquo;offre de Mediobanca<br \/>\n <a href=\"https:\/\/www.boursorama.com\/cours\/1gMB\/\" rel=\"nofollow noopener\" target=\"_blank\"><br \/>\n  MDBI.MI<br \/>\n <\/a><br \/>\n pour sa banque priv\u00e9e, Banca<br \/>\nGenerali<br \/>\n <a href=\"https:\/\/www.boursorama.com\/cours\/1gBGN\/\" rel=\"nofollow noopener\" target=\"_blank\"><br \/>\n  BGN.MI<br \/>\n <\/a><br \/>\n .\n<\/p>\n<p>\n * EASYJET<br \/>\n <a href=\"https:\/\/www.boursorama.com\/cours\/1uEZJ.L\/\" rel=\"nofollow noopener\" target=\"_blank\"><br \/>\n  EZJ.L<br \/>\n <\/a><br \/>\n &#8211; La compagnie a\u00e9rienne britannique<br \/>\ndit jeudi constater une forte demande pour ses vols, ajoutant<br \/>\nque les r\u00e9servations estivales lui permettaient d&rsquo;\u00eatre confiante<br \/>\nquant \u00e0 l&rsquo;atteinte de ses pr\u00e9visions en mati\u00e8re de b\u00e9n\u00e9fice<br \/>\nannuel.\n<\/p>\n<p>\n * BT<br \/>\n <a href=\"https:\/\/www.boursorama.com\/cours\/1uBT.A.L\/\" rel=\"nofollow noopener\" target=\"_blank\"><br \/>\n  BT.L<br \/>\n <\/a><br \/>\n , la plus grande entreprise britannique de<br \/>\nt\u00e9l\u00e9phonie mobile, a annonc\u00e9 jeudi une l\u00e9g\u00e8re augmentation de<br \/>\nson b\u00e9n\u00e9fice op\u00e9rationnel pour l&rsquo;ensemble de l&rsquo;ann\u00e9e, m\u00eame si<br \/>\nson chiffre d&rsquo;affaires a baiss\u00e9 de 2%.\n<\/p>\n<p>\n * ADIDAS<br \/>\n <a href=\"https:\/\/www.boursorama.com\/cours\/1zADS\/\" rel=\"nofollow noopener\" target=\"_blank\"><br \/>\n  ADSGn.DE<br \/>\n <\/a><br \/>\n est poursuivi en justice par le<br \/>\ngroupe am\u00e9ricain Steven Madden<br \/>\n <a href=\"https:\/\/www.boursorama.com\/cours\/SHOO\/\" rel=\"nofollow noopener\" target=\"_blank\"><br \/>\n  SHOO.O<br \/>\n <\/a><br \/>\n pour avoir pr\u00e9tendument<br \/>\ntent\u00e9 de l&#8217;emp\u00eacher de vendre des baskets avec deux bandes non<br \/>\nparall\u00e8les. Dans une plainte d\u00e9pos\u00e9e devant le tribunal f\u00e9d\u00e9ral<br \/>\nde Brooklyn, la soci\u00e9t\u00e9 se d\u00e9clare \u00ab\u00a0fatigu\u00e9e\u00a0\u00bb des d\u00e9cennies de<br \/>\nplaintes d&rsquo;Adidas concernant ses dessins qui, selon le groupe<br \/>\nam\u00e9ricain, ne ressemblent en rien aux trois bandes parall\u00e8les du<br \/>\nlogo du groupe allemand.\n<\/p>\n<p>\n * NESTLE<br \/>\n <a href=\"https:\/\/www.boursorama.com\/cours\/2aNESN\/\" rel=\"nofollow noopener\" target=\"_blank\"><br \/>\n  NESN.S<br \/>\n <\/a><br \/>\n &#8211; Le g\u00e9ant suisse de l&rsquo;alimentation<br \/>\nNestl\u00e9 a dit jeudi vouloir se recentrer sur le coeur de m\u00e9tier<br \/>\napr\u00e8s s&rsquo;\u00eatre \u00e9gar\u00e9 dans des segments comme les compl\u00e9ments<br \/>\nalimentaires qui ont \u00ab\u00a0affaibli le tissu de l&rsquo;organisation\u00a0\u00bb, a<br \/>\nd\u00e9clar\u00e9 le directeur g\u00e9n\u00e9ral Laurent Freixe, cit\u00e9 par le<br \/>\nFinancial Times.\n<\/p>\n<p>\n * ALLEGRO  ALEP.WA , la plus grande plateforme de<br \/>\ncommerce \u00e9lectronique de Pologne, a fait \u00e9tat jeudi d&rsquo;une hausse<br \/>\nde 4,8% de son b\u00e9n\u00e9fice au premier trimestre et a confirm\u00e9 ses<br \/>\nperspectives pour l&rsquo;ensemble de l&rsquo;ann\u00e9e.\n<\/p>\n<p>\n L&rsquo;AGENDA FRANCE &amp; INTERNATIONAL \u00c0 7 JOURS:<\/p>\n<p> nL8N3RO0DZ\n<\/p>\n<p>\n (R\u00e9dig\u00e9 par Claude Chendjou et Diana Mandia, Kate Entringer)<\/p>\n","protected":false},"excerpt":{"rendered":"(Actualis\u00e9 avec Sanofi, EasyJet, Robertet, Generali, Adidas, Nestl\u00e9 et Allegro) * Variation des futures sur indice CAC 40&hellip;\n","protected":false},"author":2,"featured_media":64038,"comment_status":"","ping_status":"","sticky":false,"template":"","format":"standard","meta":{"footnotes":""},"categories":[1888],"tags":[400,11,398,408,405,1777,674,1011,27,403,402,399,404,12,626,25,401,406,407],"class_list":{"0":"post-118774","1":"post","2":"type-post","3":"status-publish","4":"format-standard","5":"has-post-thumbnail","7":"category-paris","8":"tag-action-cac-40","9":"tag-actualites","10":"tag-bourse-de-paris","11":"tag-boursorama","12":"tag-cotations","13":"tag-eu","14":"tag-europe","15":"tag-fr","16":"tag-france","17":"tag-indices-devises","18":"tag-investir","19":"tag-investissement","20":"tag-marche-boursier","21":"tag-news","22":"tag-paris","23":"tag-republique-francaise","24":"tag-sicav","25":"tag-trackers","26":"tag-warrants"},"share_on_mastodon":{"url":"https:\/\/pubeurope.com\/@fr\/114550112542734631","error":""},"_links":{"self":[{"href":"https:\/\/www.europesays.com\/fr\/wp-json\/wp\/v2\/posts\/118774","targetHints":{"allow":["GET"]}}],"collection":[{"href":"https:\/\/www.europesays.com\/fr\/wp-json\/wp\/v2\/posts"}],"about":[{"href":"https:\/\/www.europesays.com\/fr\/wp-json\/wp\/v2\/types\/post"}],"author":[{"embeddable":true,"href":"https:\/\/www.europesays.com\/fr\/wp-json\/wp\/v2\/users\/2"}],"replies":[{"embeddable":true,"href":"https:\/\/www.europesays.com\/fr\/wp-json\/wp\/v2\/comments?post=118774"}],"version-history":[{"count":0,"href":"https:\/\/www.europesays.com\/fr\/wp-json\/wp\/v2\/posts\/118774\/revisions"}],"wp:featuredmedia":[{"embeddable":true,"href":"https:\/\/www.europesays.com\/fr\/wp-json\/wp\/v2\/media\/64038"}],"wp:attachment":[{"href":"https:\/\/www.europesays.com\/fr\/wp-json\/wp\/v2\/media?parent=118774"}],"wp:term":[{"taxonomy":"category","embeddable":true,"href":"https:\/\/www.europesays.com\/fr\/wp-json\/wp\/v2\/categories?post=118774"},{"taxonomy":"post_tag","embeddable":true,"href":"https:\/\/www.europesays.com\/fr\/wp-json\/wp\/v2\/tags?post=118774"}],"curies":[{"name":"wp","href":"https:\/\/api.w.org\/{rel}","templated":true}]}}